{"id":159,"date":"2020-02-10T14:41:00","date_gmt":"2020-02-10T13:41:00","guid":{"rendered":"https:\/\/prod2020.kreftforeningen.no\/krafttakmotkreft\/?p=159"},"modified":"2023-09-18T10:52:03","modified_gmt":"2023-09-18T08:52:03","slug":"14-8-millioner-til-forskning-pa-lungekreft","status":"publish","type":"post","link":"https:\/\/kreftforeningen.no\/innsamlingsaksjonen\/14-8-millioner-til-forskning-pa-lungekreft\/","title":{"rendered":"14,8 millioner til forskning p\u00e5 lungekreft"},"content":{"rendered":"\n<div class=\"wp-block-kf-ingress\"><div class=\"kf-header__ingress\"><p>Kreftforeningens ekspertgruppe for lungekreft f\u00e5r n\u00e6rmere 15 millioner kroner. Midlene skal g\u00e5 til livsviktig forskning de neste fem \u00e5rene.<\/p><\/div><\/div>\n\n\n\n<figure class=\"wp-block-image size-large\"><img loading=\"lazy\" decoding=\"async\" width=\"1024\" height=\"576\" src=\"https:\/\/kreftforeningen.no\/content\/uploads\/2020\/02\/EkspertgruppeLungekreft1-1024x576.jpg\" alt=\"\" class=\"wp-image-47357\" srcset=\"https:\/\/kreftforeningen.no\/content\/uploads\/2020\/02\/EkspertgruppeLungekreft1-1024x576.jpg 1024w, https:\/\/kreftforeningen.no\/content\/uploads\/2020\/02\/EkspertgruppeLungekreft1-300x169.jpg 300w, https:\/\/kreftforeningen.no\/content\/uploads\/2020\/02\/EkspertgruppeLungekreft1-768x432.jpg 768w, https:\/\/kreftforeningen.no\/content\/uploads\/2020\/02\/EkspertgruppeLungekreft1-1536x864.jpg 1536w, https:\/\/kreftforeningen.no\/content\/uploads\/2020\/02\/EkspertgruppeLungekreft1-2048x1152.jpg 2048w, https:\/\/kreftforeningen.no\/content\/uploads\/2020\/02\/EkspertgruppeLungekreft1-135x76.jpg 135w\" sizes=\"auto, (max-width: 1024px) 100vw, 1024px\" \/><figcaption class=\"wp-element-caption\">Professor \u00c5slaug Helland mottar sjekken p\u00e5 14,8 millioner kroner av assisterende generalsekret\u00e6r i Kreftforeningen, Ole Alexander Opdalshei. Midlene kommer fra Kreftforeningens innsamlingsaksjon (tidligere Krafttak mot kreft).<\/figcaption><\/figure>\n\n\n\n<p>Lungekreft er den kreftsykdommen som tar flest liv i Norge. Nesten \u00e5tte personer i gjennomsnitt f\u00e5r stilt diagnosen hver eneste dag, og samtidig er det nesten seks personer som d\u00f8r av lungekreft daglig.<\/p>\n\n\n\n<p>\u2013 Vi \u00f8nsker \u00e5 gi lungekreftpasienter en bedre fremtid. Denne tildelingen vil forh\u00e5pentlig bidra til fremskritt innen forskning som kan redde menneskeliv, sier assisterende generalsekret\u00e6r Ole Alexander Opdalshei i Kreftforeningen.<\/p>\n\n\n\n<h2 class=\"wp-block-heading\" id=\"h-stort-engasjement\">Stort engasjement<\/h2>\n\n\n\n<p>27. september 2013 var en merkedag. Da \u00e5pnet Kreftforeningens ekspertgruppe for lungekreft p\u00e5 Radiumhospitalet i Oslo. Det ble bevilget 11 millioner kroner til den livsviktige forskningen, og n\u00e5 suppleres det med ytterligere 14,8 millioner. \u00c5rets midler kommer fra Kreftforeningens innsamlingsaksjon, som i fjor hadde kreftformer med lav overlevelse som tema.<\/p>\n\n\n\n<p>\u2013 Ved \u00e5 samle Norges fremste eksperter for lungekreft i ett og samme kompetansemilj\u00f8, har vi de beste forutsetninger for \u00e5 komme mange skritt videre. Det er inspirerende \u00e5 se engasjementet og st\u00e5-p\u00e5-viljen i denne gruppen, sier Opdalshei.<\/p>\n\n\n\n<p>Professor \u00c5slaug Helland leder kompetansemilj\u00f8et for lungekreft som best\u00e5r av eksperter fra hele landet.<\/p>\n\n\n\n<figure class=\"wp-block-image size-large\"><img loading=\"lazy\" decoding=\"async\" width=\"1024\" height=\"576\" src=\"https:\/\/kreftforeningen.no\/content\/uploads\/2020\/02\/EkspertgruppeLungekreft2-1024x576.jpg\" alt=\"\" class=\"wp-image-47358\" srcset=\"https:\/\/kreftforeningen.no\/content\/uploads\/2020\/02\/EkspertgruppeLungekreft2-1024x576.jpg 1024w, https:\/\/kreftforeningen.no\/content\/uploads\/2020\/02\/EkspertgruppeLungekreft2-300x169.jpg 300w, https:\/\/kreftforeningen.no\/content\/uploads\/2020\/02\/EkspertgruppeLungekreft2-768x432.jpg 768w, https:\/\/kreftforeningen.no\/content\/uploads\/2020\/02\/EkspertgruppeLungekreft2-1536x864.jpg 1536w, https:\/\/kreftforeningen.no\/content\/uploads\/2020\/02\/EkspertgruppeLungekreft2-2048x1152.jpg 2048w, https:\/\/kreftforeningen.no\/content\/uploads\/2020\/02\/EkspertgruppeLungekreft2-135x76.jpg 135w\" sizes=\"auto, (max-width: 1024px) 100vw, 1024px\" \/><figcaption class=\"wp-element-caption\">Kreftforeningens nasjonale ekspertgruppe for lungekreftforskning skal jobbe for \u00e5 gi lungekreftpasienter over hele landet en bedre fremtid.<\/figcaption><\/figure>\n\n\n\n<p>\u2013 Vi er utrolig stolte og glade for forskningsst\u00f8tten fra Kreftforeningen og tilliten som f\u00f8lger med. Dette vil bidra til at vi f\u00e5r videreutviklet det gode arbeidet vi har startet p\u00e5, og det vil gi rom for enda mer forskning i tiden fremover, sier Helland.<\/p>\n\n\n\n<h2 class=\"wp-block-heading\" id=\"h-tverrfaglig-samarbeid\">Tverrfaglig samarbeid<\/h2>\n\n\n\n<p>I snart syv \u00e5r har hun ledet ekspertgruppen fra hovedsetet p\u00e5 Radiumhospitalet i Oslo. En viktig m\u00e5lsetning har v\u00e6rt \u00e5 f\u00e5 med fagpersoner fra hele Norge.<\/p>\n\n\n\n<p>\u2013 Det er n\u00f8dvendig med et nasjonalt l\u00f8ft slik at vi kan n\u00e5 ut til s\u00e5 mange pasienter som mulig. I forrige omgang fikk vi med Troms\u00f8 og Trondheim. N\u00e5 er ogs\u00e5 Bergen, Stavanger, Ahus og Drammen med. I tillegg er Kreftregisteret og Lungekreftforeningen viktige samarbeidspartnere.<\/p>\n\n\n\n<p>Forskerne og klinikerne i kompetansemilj\u00f8et innen lungekreft driver med forskning p\u00e5 alle plan. Fra de sm\u00e5 detaljene i lungekreftcellene til kliniske studier p\u00e5 den enkelte pasient. Og for ikke \u00e5 glemme bedring av livskvalitet og de lindrende aspektene.<\/p>\n\n\n\n<p>\u2013 M\u00e5let har v\u00e6rt \u00e5 skape et milj\u00f8 for utvikling av kunnskap om persontilpasset behandling og spre denne kunnskapen nasjonalt. Vi \u00f8nsker at nyheter fra forskning innen diagnostisering og behandling av lungekreftpasienter skal n\u00e5 ut til fagmilj\u00f8ene over hele landet. Ved \u00e5 involvere leger og helsepersonell landet rundt skal pasientene f\u00e5 optimal behandling og tilgang til kliniske studier uavhengig av hvor de bor, sier Helland.<\/p>\n\n\n\n<h2 class=\"wp-block-heading\" id=\"h-gode-resultater\">Gode resultater<\/h2>\n\n\n\n<p>Det har v\u00e6rt viktige fremskritt i arbeidet s\u00e5 langt. Forskningsgruppen har deltatt i en rekke kliniske studier og tatt initiativ til egne kliniske studier. Det har v\u00e6rt positiv utvikling innen utredning, medikamentell kreftbehandling, str\u00e5leterapi og kirurgi. Det er ogs\u00e5 gledelig at stadig flere blir behandlet med kurativt siktem\u00e5l.<\/p>\n\n\n\n<p>\u2013 Kurativ behandling gis med den hensikt at pasienten skal bli frisk. V\u00e5rt opprinnelige m\u00e5l i 2013 var at 25 prosent av alle som ble diagnostisert med lungekreft skulle f\u00e5 denne type behandling. N\u00e5 er vi oppe i 37 prosent. Det er veldig bra, sier professoren.<\/p>\n\n\n\n<figure class=\"wp-block-image size-large\"><img loading=\"lazy\" decoding=\"async\" width=\"1024\" height=\"576\" src=\"https:\/\/kreftforeningen.no\/content\/uploads\/2020\/02\/Helland-1024x576.jpg\" alt=\"\" class=\"wp-image-47360\" srcset=\"https:\/\/kreftforeningen.no\/content\/uploads\/2020\/02\/Helland-1024x576.jpg 1024w, https:\/\/kreftforeningen.no\/content\/uploads\/2020\/02\/Helland-300x169.jpg 300w, https:\/\/kreftforeningen.no\/content\/uploads\/2020\/02\/Helland-768x432.jpg 768w, https:\/\/kreftforeningen.no\/content\/uploads\/2020\/02\/Helland-1536x864.jpg 1536w, https:\/\/kreftforeningen.no\/content\/uploads\/2020\/02\/Helland-2048x1152.jpg 2048w, https:\/\/kreftforeningen.no\/content\/uploads\/2020\/02\/Helland-135x76.jpg 135w\" sizes=\"auto, (max-width: 1024px) 100vw, 1024px\" \/><figcaption class=\"wp-element-caption\">Kompetansemilj\u00f8et for lungekreftforskning ledes av professor \u00c5slaug Helland. \u2013 Ved \u00e5 involvere leger og helsepersonell landet rundt skal pasientene f\u00e5 optimal behandling og tilgang til kliniske studier uavhengig av hvor de bor, sier hun. <\/figcaption><\/figure>\n\n\n\n<p>Introduksjonen av immunterapi har v\u00e6rt et stort fremskritt de siste \u00e5rene. Noen pasienter har sv\u00e6rt god og langvarig effekt av denne behandlingen, men dessverre ikke alle.<\/p>\n\n\n\n<p>\u2013 I et fors\u00f8k p\u00e5 \u00e5 \u00f8ke andelen som har nytte av immunterapi, gj\u00f8res det i dag studier der vi kombinerer immunterapi med annen kreftbehandling, som cellegift eller str\u00e5lebehandling, opplyser Helland.<\/p>\n\n\n\n<h2 class=\"wp-block-heading\" id=\"h-veien-videre\">Veien videre<\/h2>\n\n\n\n<p>I \u00e5rene fremover \u00f8nskes det en st\u00f8rre forst\u00e5else for hvorfor noen har god effekt av immunterapi, og andre ikke.<\/p>\n\n\n\n<p>\u2013 Vi trenger det vi kaller biomark\u00f8rer som kan hjelpe oss til \u00e5 skreddersy behandlingen best mulig. Det betyr mark\u00f8rer som kan forutsi hvilke pasienter som vil ha best nytte av en gitt behandling, eller om den enkelte pasient b\u00f8r tilbys annen behandling, forklarer Helland.<\/p>\n\n\n\n<p>\u2013 Ved \u00e5 skreddersy behandlingsforl\u00f8pet til den enkelte pasient, er det st\u00f8rre sannsynlighet for at behandlingen virker, og vi slipper \u00e5 ta i bruk behandling som ikke fungerer, utdyper hun.<\/p>\n\n\n\n<p>Selv om lungekreft er den kreftformen som tar flest liv og prognosene har v\u00e6rt nedsl\u00e5ende, ser professoren lyst p\u00e5 fremtiden.<\/p>\n\n\n\n<p>\u2013 Jeg er utrolig glad for at vi f\u00e5r fortsette dette arbeidet og gleder meg til fortsettelsen. Vi har de aller beste med p\u00e5 laget og jeg har tro p\u00e5 at vi kan levere gode resultater n\u00e5r neste fem\u00e5rsperiode er over, sier Helland.<\/p>\n\n\n\n<div class=\"wp-block-kf-fact-box\"><h3 class=\"kf-fact-box__title\" id=\"om-kreftforeningens-ekspertgruppe-for-lungekreft\">Om Kreftforeningens ekspertgruppe for lungekreft<\/h3><div class=\"kf-fact-box__content\">\n<p>14,8 millioner tildeles kompetansemilj\u00f8et, som ledes av \u00c5slaug Helland ved Oslo universitetssykehus (OUS).<\/p>\n\n\n\n<p>Helland leder ekspertgruppen som best\u00e5r av klinikere og forskere fra f\u00f8lgende institusjoner (i tillegg til OUS):<\/p>\n\n\n\n<ul class=\"wp-block-list\">\n<li>Norsk teknisk-naturvitenskapelige universitet<\/li>\n\n\n\n<li>Vestre Viken Drammen Hospital<\/li>\n\n\n\n<li>Stavanger Universitetssykehus<\/li>\n\n\n\n<li>Haukeland Universitetssykehus<\/li>\n\n\n\n<li>Universitetssykehuset Nord-Norge<\/li>\n\n\n\n<li>Akershus universitetssykehus<\/li>\n\n\n\n<li>Kreftregisteret<\/li>\n<\/ul>\n\n\n\n<p>Midlene er samlet inn gjennom Kreftforeningens innsamlingsaksjonen, Kreftforeningens landsomfattende b\u00f8sseaksjon for kreftsaken. Aksjonen gjennomf\u00f8res hvert \u00e5r i uke 11.\u00a0<\/p>\n<\/div><div class=\"kf-fact-box__toggle\"><div class=\"kf-fact-box__button\"><svg xmlns=\"http:\/\/www.w3.org\/2000\/svg\" viewBox=\"0 0 17.367 17.367\" width=\"16\" height=\"16\" aria-hidden=\"true\"><path d=\"M0-8.684v-2.133H13.2L7.16-16.91l1.523-1.523L17.367-9.75,8.684-1.066,7.109-2.59,13.2-8.684Z\" transform=\"translate(0 18.434)\"><\/path><\/svg><\/div><\/div><\/div>\n\n\n\n\n\n<div class=\"wp-block-group has-blue-light-background-color has-background\"><div class=\"wp-block-group__inner-container is-layout-constrained wp-block-group-is-layout-constrained\">\n<h2 class=\"wp-block-heading\" id=\"h-kreftforeningens-innsamlingsaksjon\">Kreftforeningens innsamlingsaksjon<\/h2>\n\n\n\n<p>Aksjonen byttet h\u00f8sten 2023 navn fra <em>Krafttak mot kreft<\/em> til <a href=\"https:\/\/kreftforeningen.no\/innsamlingsaksjonen\/\">Kreftforeningens innsamlingsaksjon<\/a>.<\/p>\n\n\n\n<div class=\"wp-block-buttons is-layout-flex wp-block-buttons-is-layout-flex\">\n<div class=\"wp-block-button\"><a class=\"wp-block-button__link has-blue-background-color has-background wp-element-button\" href=\"https:\/\/kreftforeningen.no\/innsamlingsaksjonen\/om-innsamlingsaksjonen\/\">Les mer om aksjonen<\/a><\/div>\n<\/div>\n<\/div><\/div>\n","protected":false},"excerpt":{"rendered":"<p>Lungekreft er den kreftsykdommen som tar flest liv i Norge. Nesten \u00e5tte personer i gjennomsnitt f\u00e5r stilt diagnosen hver eneste dag, og samtidig er det nesten seks personer som d\u00f8r av lungekreft daglig. \u2013 Vi \u00f8nsker \u00e5 gi lungekreftpasienter en bedre fremtid. Denne tildelingen vil forh\u00e5pentlig bidra til fremskritt innen forskning som kan redde menneskeliv, [&hellip;]<\/p>\n","protected":false},"author":3,"featured_media":0,"comment_status":"closed","ping_status":"open","sticky":false,"template":"","format":"standard","meta":{"_relevanssi_hide_post":"","_relevanssi_hide_content":"","_relevanssi_pin_for_all":"","_relevanssi_pin_keywords":"","_relevanssi_unpin_keywords":"","_relevanssi_related_keywords":"","_relevanssi_related_include_ids":"","_relevanssi_related_exclude_ids":"","_relevanssi_related_no_append":"","_relevanssi_related_not_related":"","_relevanssi_related_posts":"173,173","_relevanssi_noindex_reason":"","kf_show_post_date":true,"kf_show_updated_date":false,"kf_show_print_page":false,"kf_show_chapters":false,"kf_show_chapters_expanded":false,"kf_show_post_outdated":true,"kf_toggle_title":false,"kf_is_template":false,"kf_post_authors":[],"teft_cards_label":"","teft_cards_image_id":47357,"teft_cards_image_focal_point_x":0.5,"teft_cards_image_focal_point_y":0.5,"teft_cards_title":"","teft_cards_excerpt":"","footnotes":""},"categories":[5],"tags":[4],"class_list":["post-159","post","type-post","status-publish","format-standard","hentry","category-nyheter","tag-innsamlingsaksjonen"],"yoast_head":"<!-- This site is optimized with the Yoast SEO Premium plugin v27.3 (Yoast SEO v27.4) - https:\/\/yoast.com\/product\/yoast-seo-premium-wordpress\/ -->\n<title>14,8 millioner til forskning p\u00e5 lungekreft - Kreftforeningens innsamlingsaksjon<\/title>\n<meta name=\"robots\" content=\"index, follow, max-snippet:-1, max-image-preview:large, max-video-preview:-1\" \/>\n<link rel=\"canonical\" href=\"https:\/\/kreftforeningen.no\/innsamlingsaksjonen\/14-8-millioner-til-forskning-pa-lungekreft\/\" \/>\n<meta property=\"og:locale\" content=\"nb_NO\" \/>\n<meta property=\"og:type\" content=\"article\" \/>\n<meta property=\"og:title\" content=\"14,8 millioner til forskning p\u00e5 lungekreft\" \/>\n<meta property=\"og:description\" content=\"Lungekreft er den kreftsykdommen som tar flest liv i Norge. Nesten \u00e5tte personer i gjennomsnitt f\u00e5r stilt diagnosen hver eneste dag, og samtidig er det nesten seks personer som d\u00f8r av lungekreft daglig. \u2013 Vi \u00f8nsker \u00e5 gi lungekreftpasienter en bedre fremtid. Denne tildelingen vil forh\u00e5pentlig bidra til fremskritt innen forskning som kan redde menneskeliv, [&hellip;]\" \/>\n<meta property=\"og:url\" content=\"https:\/\/kreftforeningen.no\/innsamlingsaksjonen\/14-8-millioner-til-forskning-pa-lungekreft\/\" \/>\n<meta property=\"og:site_name\" content=\"Kreftforeningens innsamlingsaksjon\" \/>\n<meta property=\"article:published_time\" content=\"2020-02-10T13:41:00+00:00\" \/>\n<meta property=\"article:modified_time\" content=\"2023-09-18T08:52:03+00:00\" \/>\n<meta property=\"og:image\" content=\"https:\/\/kreftforeningen.no\/content\/uploads\/2020\/02\/EkspertgruppeLungekreft1-1024x576.jpg\" \/>\n<meta name=\"twitter:card\" content=\"summary_large_image\" \/>\n<meta name=\"twitter:label1\" content=\"Skrevet av\" \/>\n\t<meta name=\"twitter:data1\" content=\"\" \/>\n\t<meta name=\"twitter:label2\" content=\"Ansl. lesetid\" \/>\n\t<meta name=\"twitter:data2\" content=\"6 minutter\" \/>\n<script type=\"application\/ld+json\" class=\"yoast-schema-graph\">{\"@context\":\"https:\\\/\\\/schema.org\",\"@graph\":[{\"@type\":\"Article\",\"@id\":\"https:\\\/\\\/kreftforeningen.no\\\/innsamlingsaksjonen\\\/14-8-millioner-til-forskning-pa-lungekreft\\\/#article\",\"isPartOf\":{\"@id\":\"https:\\\/\\\/kreftforeningen.no\\\/innsamlingsaksjonen\\\/14-8-millioner-til-forskning-pa-lungekreft\\\/\"},\"author\":{\"name\":\"\",\"@id\":\"\"},\"headline\":\"14,8 millioner til forskning p\u00e5 lungekreft\",\"datePublished\":\"2020-02-10T13:41:00+00:00\",\"dateModified\":\"2023-09-18T08:52:03+00:00\",\"mainEntityOfPage\":{\"@id\":\"https:\\\/\\\/kreftforeningen.no\\\/innsamlingsaksjonen\\\/14-8-millioner-til-forskning-pa-lungekreft\\\/\"},\"wordCount\":886,\"publisher\":{\"@id\":\"https:\\\/\\\/kreftforeningen.no\\\/innsamlingsaksjonen\\\/#organization\"},\"image\":{\"@id\":\"https:\\\/\\\/kreftforeningen.no\\\/innsamlingsaksjonen\\\/14-8-millioner-til-forskning-pa-lungekreft\\\/#primaryimage\"},\"thumbnailUrl\":\"https:\\\/\\\/kreftforeningen.no\\\/content\\\/uploads\\\/2020\\\/02\\\/EkspertgruppeLungekreft1-1024x576.jpg\",\"keywords\":[\"Innsamlingsaksjonen\"],\"articleSection\":[\"Nyheter\"],\"inLanguage\":\"nb-NO\"},{\"@type\":\"WebPage\",\"@id\":\"https:\\\/\\\/kreftforeningen.no\\\/innsamlingsaksjonen\\\/14-8-millioner-til-forskning-pa-lungekreft\\\/\",\"url\":\"https:\\\/\\\/kreftforeningen.no\\\/innsamlingsaksjonen\\\/14-8-millioner-til-forskning-pa-lungekreft\\\/\",\"name\":\"14,8 millioner til forskning p\u00e5 lungekreft - Kreftforeningens innsamlingsaksjon\",\"isPartOf\":{\"@id\":\"https:\\\/\\\/kreftforeningen.no\\\/innsamlingsaksjonen\\\/#website\"},\"primaryImageOfPage\":{\"@id\":\"https:\\\/\\\/kreftforeningen.no\\\/innsamlingsaksjonen\\\/14-8-millioner-til-forskning-pa-lungekreft\\\/#primaryimage\"},\"image\":{\"@id\":\"https:\\\/\\\/kreftforeningen.no\\\/innsamlingsaksjonen\\\/14-8-millioner-til-forskning-pa-lungekreft\\\/#primaryimage\"},\"thumbnailUrl\":\"https:\\\/\\\/kreftforeningen.no\\\/content\\\/uploads\\\/2020\\\/02\\\/EkspertgruppeLungekreft1-1024x576.jpg\",\"datePublished\":\"2020-02-10T13:41:00+00:00\",\"dateModified\":\"2023-09-18T08:52:03+00:00\",\"breadcrumb\":{\"@id\":\"https:\\\/\\\/kreftforeningen.no\\\/innsamlingsaksjonen\\\/14-8-millioner-til-forskning-pa-lungekreft\\\/#breadcrumb\"},\"inLanguage\":\"nb-NO\",\"potentialAction\":[{\"@type\":\"ReadAction\",\"target\":[\"https:\\\/\\\/kreftforeningen.no\\\/innsamlingsaksjonen\\\/14-8-millioner-til-forskning-pa-lungekreft\\\/\"]}]},{\"@type\":\"ImageObject\",\"inLanguage\":\"nb-NO\",\"@id\":\"https:\\\/\\\/kreftforeningen.no\\\/innsamlingsaksjonen\\\/14-8-millioner-til-forskning-pa-lungekreft\\\/#primaryimage\",\"url\":\"https:\\\/\\\/kreftforeningen.no\\\/content\\\/uploads\\\/2020\\\/02\\\/EkspertgruppeLungekreft1-1024x576.jpg\",\"contentUrl\":\"https:\\\/\\\/kreftforeningen.no\\\/content\\\/uploads\\\/2020\\\/02\\\/EkspertgruppeLungekreft1-1024x576.jpg\"},{\"@type\":\"BreadcrumbList\",\"@id\":\"https:\\\/\\\/kreftforeningen.no\\\/innsamlingsaksjonen\\\/14-8-millioner-til-forskning-pa-lungekreft\\\/#breadcrumb\",\"itemListElement\":[{\"@type\":\"ListItem\",\"position\":1,\"name\":\"Forside\",\"item\":\"https:\\\/\\\/kreftforeningen.no\\\/innsamlingsaksjonen\\\/\"},{\"@type\":\"ListItem\",\"position\":2,\"name\":\"14,8 millioner til forskning p\u00e5 lungekreft\"}]},{\"@type\":\"WebSite\",\"@id\":\"https:\\\/\\\/kreftforeningen.no\\\/innsamlingsaksjonen\\\/#website\",\"url\":\"https:\\\/\\\/kreftforeningen.no\\\/innsamlingsaksjonen\\\/\",\"name\":\"Kreftforeningens innsamlingsaksjon\",\"description\":\"\",\"publisher\":{\"@id\":\"https:\\\/\\\/kreftforeningen.no\\\/innsamlingsaksjonen\\\/#organization\"},\"potentialAction\":[{\"@type\":\"SearchAction\",\"target\":{\"@type\":\"EntryPoint\",\"urlTemplate\":\"https:\\\/\\\/kreftforeningen.no\\\/innsamlingsaksjonen\\\/?s={search_term_string}\"},\"query-input\":{\"@type\":\"PropertyValueSpecification\",\"valueRequired\":true,\"valueName\":\"search_term_string\"}}],\"inLanguage\":\"nb-NO\"},{\"@type\":\"Organization\",\"@id\":\"https:\\\/\\\/kreftforeningen.no\\\/innsamlingsaksjonen\\\/#organization\",\"name\":\"Kreftforeningens innsamlingsaksjon\",\"url\":\"https:\\\/\\\/kreftforeningen.no\\\/innsamlingsaksjonen\\\/\",\"logo\":{\"@type\":\"ImageObject\",\"inLanguage\":\"nb-NO\",\"@id\":\"https:\\\/\\\/kreftforeningen.no\\\/innsamlingsaksjonen\\\/#\\\/schema\\\/logo\\\/image\\\/\",\"url\":\"https:\\\/\\\/kreftforeningen.no\\\/content\\\/uploads\\\/2023\\\/11\\\/Kreftforeningen_logo_med_innsamlingsaksjonen-hor.svg\",\"contentUrl\":\"https:\\\/\\\/kreftforeningen.no\\\/content\\\/uploads\\\/2023\\\/11\\\/Kreftforeningen_logo_med_innsamlingsaksjonen-hor.svg\",\"caption\":\"Kreftforeningens innsamlingsaksjon\"},\"image\":{\"@id\":\"https:\\\/\\\/kreftforeningen.no\\\/innsamlingsaksjonen\\\/#\\\/schema\\\/logo\\\/image\\\/\"}},{\"@type\":\"Person\",\"@id\":\"\"}]}<\/script>\n<!-- \/ Yoast SEO Premium plugin. -->","yoast_head_json":{"title":"14,8 millioner til forskning p\u00e5 lungekreft - Kreftforeningens innsamlingsaksjon","robots":{"index":"index","follow":"follow","max-snippet":"max-snippet:-1","max-image-preview":"max-image-preview:large","max-video-preview":"max-video-preview:-1"},"canonical":"https:\/\/kreftforeningen.no\/innsamlingsaksjonen\/14-8-millioner-til-forskning-pa-lungekreft\/","og_locale":"nb_NO","og_type":"article","og_title":"14,8 millioner til forskning p\u00e5 lungekreft","og_description":"Lungekreft er den kreftsykdommen som tar flest liv i Norge. Nesten \u00e5tte personer i gjennomsnitt f\u00e5r stilt diagnosen hver eneste dag, og samtidig er det nesten seks personer som d\u00f8r av lungekreft daglig. \u2013 Vi \u00f8nsker \u00e5 gi lungekreftpasienter en bedre fremtid. Denne tildelingen vil forh\u00e5pentlig bidra til fremskritt innen forskning som kan redde menneskeliv, [&hellip;]","og_url":"https:\/\/kreftforeningen.no\/innsamlingsaksjonen\/14-8-millioner-til-forskning-pa-lungekreft\/","og_site_name":"Kreftforeningens innsamlingsaksjon","article_published_time":"2020-02-10T13:41:00+00:00","article_modified_time":"2023-09-18T08:52:03+00:00","og_image":[{"url":"https:\/\/kreftforeningen.no\/content\/uploads\/2020\/02\/EkspertgruppeLungekreft1-1024x576.jpg","type":"","width":"","height":""}],"twitter_card":"summary_large_image","twitter_misc":{"Skrevet av":"","Ansl. lesetid":"6 minutter"},"schema":{"@context":"https:\/\/schema.org","@graph":[{"@type":"Article","@id":"https:\/\/kreftforeningen.no\/innsamlingsaksjonen\/14-8-millioner-til-forskning-pa-lungekreft\/#article","isPartOf":{"@id":"https:\/\/kreftforeningen.no\/innsamlingsaksjonen\/14-8-millioner-til-forskning-pa-lungekreft\/"},"author":{"name":"","@id":""},"headline":"14,8 millioner til forskning p\u00e5 lungekreft","datePublished":"2020-02-10T13:41:00+00:00","dateModified":"2023-09-18T08:52:03+00:00","mainEntityOfPage":{"@id":"https:\/\/kreftforeningen.no\/innsamlingsaksjonen\/14-8-millioner-til-forskning-pa-lungekreft\/"},"wordCount":886,"publisher":{"@id":"https:\/\/kreftforeningen.no\/innsamlingsaksjonen\/#organization"},"image":{"@id":"https:\/\/kreftforeningen.no\/innsamlingsaksjonen\/14-8-millioner-til-forskning-pa-lungekreft\/#primaryimage"},"thumbnailUrl":"https:\/\/kreftforeningen.no\/content\/uploads\/2020\/02\/EkspertgruppeLungekreft1-1024x576.jpg","keywords":["Innsamlingsaksjonen"],"articleSection":["Nyheter"],"inLanguage":"nb-NO"},{"@type":"WebPage","@id":"https:\/\/kreftforeningen.no\/innsamlingsaksjonen\/14-8-millioner-til-forskning-pa-lungekreft\/","url":"https:\/\/kreftforeningen.no\/innsamlingsaksjonen\/14-8-millioner-til-forskning-pa-lungekreft\/","name":"14,8 millioner til forskning p\u00e5 lungekreft - Kreftforeningens innsamlingsaksjon","isPartOf":{"@id":"https:\/\/kreftforeningen.no\/innsamlingsaksjonen\/#website"},"primaryImageOfPage":{"@id":"https:\/\/kreftforeningen.no\/innsamlingsaksjonen\/14-8-millioner-til-forskning-pa-lungekreft\/#primaryimage"},"image":{"@id":"https:\/\/kreftforeningen.no\/innsamlingsaksjonen\/14-8-millioner-til-forskning-pa-lungekreft\/#primaryimage"},"thumbnailUrl":"https:\/\/kreftforeningen.no\/content\/uploads\/2020\/02\/EkspertgruppeLungekreft1-1024x576.jpg","datePublished":"2020-02-10T13:41:00+00:00","dateModified":"2023-09-18T08:52:03+00:00","breadcrumb":{"@id":"https:\/\/kreftforeningen.no\/innsamlingsaksjonen\/14-8-millioner-til-forskning-pa-lungekreft\/#breadcrumb"},"inLanguage":"nb-NO","potentialAction":[{"@type":"ReadAction","target":["https:\/\/kreftforeningen.no\/innsamlingsaksjonen\/14-8-millioner-til-forskning-pa-lungekreft\/"]}]},{"@type":"ImageObject","inLanguage":"nb-NO","@id":"https:\/\/kreftforeningen.no\/innsamlingsaksjonen\/14-8-millioner-til-forskning-pa-lungekreft\/#primaryimage","url":"https:\/\/kreftforeningen.no\/content\/uploads\/2020\/02\/EkspertgruppeLungekreft1-1024x576.jpg","contentUrl":"https:\/\/kreftforeningen.no\/content\/uploads\/2020\/02\/EkspertgruppeLungekreft1-1024x576.jpg"},{"@type":"BreadcrumbList","@id":"https:\/\/kreftforeningen.no\/innsamlingsaksjonen\/14-8-millioner-til-forskning-pa-lungekreft\/#breadcrumb","itemListElement":[{"@type":"ListItem","position":1,"name":"Forside","item":"https:\/\/kreftforeningen.no\/innsamlingsaksjonen\/"},{"@type":"ListItem","position":2,"name":"14,8 millioner til forskning p\u00e5 lungekreft"}]},{"@type":"WebSite","@id":"https:\/\/kreftforeningen.no\/innsamlingsaksjonen\/#website","url":"https:\/\/kreftforeningen.no\/innsamlingsaksjonen\/","name":"Kreftforeningens innsamlingsaksjon","description":"","publisher":{"@id":"https:\/\/kreftforeningen.no\/innsamlingsaksjonen\/#organization"},"potentialAction":[{"@type":"SearchAction","target":{"@type":"EntryPoint","urlTemplate":"https:\/\/kreftforeningen.no\/innsamlingsaksjonen\/?s={search_term_string}"},"query-input":{"@type":"PropertyValueSpecification","valueRequired":true,"valueName":"search_term_string"}}],"inLanguage":"nb-NO"},{"@type":"Organization","@id":"https:\/\/kreftforeningen.no\/innsamlingsaksjonen\/#organization","name":"Kreftforeningens innsamlingsaksjon","url":"https:\/\/kreftforeningen.no\/innsamlingsaksjonen\/","logo":{"@type":"ImageObject","inLanguage":"nb-NO","@id":"https:\/\/kreftforeningen.no\/innsamlingsaksjonen\/#\/schema\/logo\/image\/","url":"https:\/\/kreftforeningen.no\/content\/uploads\/2023\/11\/Kreftforeningen_logo_med_innsamlingsaksjonen-hor.svg","contentUrl":"https:\/\/kreftforeningen.no\/content\/uploads\/2023\/11\/Kreftforeningen_logo_med_innsamlingsaksjonen-hor.svg","caption":"Kreftforeningens innsamlingsaksjon"},"image":{"@id":"https:\/\/kreftforeningen.no\/innsamlingsaksjonen\/#\/schema\/logo\/image\/"}},{"@type":"Person","@id":""}]}},"_links":{"self":[{"href":"https:\/\/kreftforeningen.no\/innsamlingsaksjonen\/wp-json\/wp\/v2\/posts\/159","targetHints":{"allow":["GET"]}}],"collection":[{"href":"https:\/\/kreftforeningen.no\/innsamlingsaksjonen\/wp-json\/wp\/v2\/posts"}],"about":[{"href":"https:\/\/kreftforeningen.no\/innsamlingsaksjonen\/wp-json\/wp\/v2\/types\/post"}],"author":[{"embeddable":true,"href":"https:\/\/kreftforeningen.no\/innsamlingsaksjonen\/wp-json\/wp\/v2\/users\/3"}],"replies":[{"embeddable":true,"href":"https:\/\/kreftforeningen.no\/innsamlingsaksjonen\/wp-json\/wp\/v2\/comments?post=159"}],"version-history":[{"count":12,"href":"https:\/\/kreftforeningen.no\/innsamlingsaksjonen\/wp-json\/wp\/v2\/posts\/159\/revisions"}],"predecessor-version":[{"id":8896,"href":"https:\/\/kreftforeningen.no\/innsamlingsaksjonen\/wp-json\/wp\/v2\/posts\/159\/revisions\/8896"}],"wp:attachment":[{"href":"https:\/\/kreftforeningen.no\/innsamlingsaksjonen\/wp-json\/wp\/v2\/media?parent=159"}],"wp:term":[{"taxonomy":"category","embeddable":true,"href":"https:\/\/kreftforeningen.no\/innsamlingsaksjonen\/wp-json\/wp\/v2\/categories?post=159"},{"taxonomy":"post_tag","embeddable":true,"href":"https:\/\/kreftforeningen.no\/innsamlingsaksjonen\/wp-json\/wp\/v2\/tags?post=159"}],"curies":[{"name":"wp","href":"https:\/\/api.w.org\/{rel}","templated":true}]}}