{"id":385,"date":"2021-01-19T08:26:29","date_gmt":"2021-01-19T07:26:29","guid":{"rendered":"https:\/\/kreftforeningen.no\/krafttakmotkreft\/?p=385"},"modified":"2026-02-13T10:55:01","modified_gmt":"2026-02-13T09:55:01","slug":"kjell-60-overlevde-kreftformen-3-av-4-dor-av","status":"publish","type":"post","link":"https:\/\/kreftforeningen.no\/innsamlingsaksjonen\/kjell-60-overlevde-kreftformen-3-av-4-dor-av\/","title":{"rendered":"Kjell (60) overlevde kreftformen 3 av 4 d\u00f8r av"},"content":{"rendered":"\n<div class=\"wp-block-kf-ingress\"><div class=\"kf-header__ingress\"><p>Takket v\u00e6re nordmenns st\u00f8tte under fjor\u00e5rets innsamlingsaksjon skal en ny ekspertgruppe n\u00e5 jobbe for at flere skal overleve spiser\u00f8rskreft.<\/p><\/div><\/div>\n\n\n\n<figure class=\"wp-block-image size-full\"><img loading=\"lazy\" decoding=\"async\" width=\"1024\" height=\"683\" src=\"https:\/\/kreftforeningen.no\/content\/uploads\/2026\/02\/Fotograf_Nicki_Twang-1024x683-1.jpeg\" alt=\"En mann med briller, gr\u00f8nn genser og m\u00f8nstret slips sitter i f\u00f8rersetet p\u00e5 en bil og smiler til kameraet mens sollyset faller inn gjennom vinduet.\" class=\"wp-image-205795\" srcset=\"https:\/\/kreftforeningen.no\/content\/uploads\/2026\/02\/Fotograf_Nicki_Twang-1024x683-1.jpeg 1024w, https:\/\/kreftforeningen.no\/content\/uploads\/2026\/02\/Fotograf_Nicki_Twang-1024x683-1-300x200.jpeg 300w, https:\/\/kreftforeningen.no\/content\/uploads\/2026\/02\/Fotograf_Nicki_Twang-1024x683-1-768x512.jpeg 768w, https:\/\/kreftforeningen.no\/content\/uploads\/2026\/02\/Fotograf_Nicki_Twang-1024x683-1-135x90.jpeg 135w\" sizes=\"auto, (max-width: 1024px) 100vw, 1024px\" \/><figcaption class=\"wp-element-caption\">Kjell Bryni (60) m\u00e5tte igjennom en sv\u00e6rt krevende behandling for \u00e5 bli kvitt spiser\u00f8rskreften. I dag er han tilbake i full jobb som bussj\u00e5f\u00f8r. Foto: Nicki Twang&nbsp;<\/figcaption><\/figure>\n\n\n\n<p>Han har v\u00e6rt sliten lenge n\u00e5r han setter seg ned bak rattet og kj\u00f8rer mot Trondheim denne dagen. Kjell Bryni (60) elsker jobben sin som lastebilsj\u00e5f\u00f8r og har alltid jobbet mye. 18 timers dager er slett ikke uvanlig, og han innr\u00f8mmer lett at han har g\u00e5tt p\u00e5 noen smeller f\u00f8r. Likevel er det noe som er annerledes n\u00e5. &nbsp;<\/p>\n\n\n\n<p>Han tar en stor bit av br\u00f8dskiven. Svelger. Svelger igjen. Br\u00f8dbiten g\u00e5r ikke ned. Pr\u00f8ver p\u00e5 nytt. Den st\u00e5r bom fast. &nbsp;<\/p>\n\n\n\n<blockquote class=\"wp-block-quote is-layout-flow wp-block-quote-is-layout-flow\">\n<p>Hva skjer n\u00e5?! Jeg m\u00e5tte banke hardt p\u00e5 brystkassen mange ganger for \u00e5 f\u00e5 den opp igjen. Jeg fikk ikke ned noe mat.<\/p>\n<cite>Kjell Bryni<\/cite><\/blockquote>\n\n\n\n<p>Kjell g\u00e5r til legen og blir sendt videre til gastroskopi. &nbsp;<\/p>\n\n\n\n<p>\u2013 Han som skulle unders\u00f8ke meg, fikk ikke ned slangen. Det var helt tett i halsen. \u00abDu har en stor svulst i spiser\u00f8ret\u00bb, sa han. \u00abDet er sv\u00e6rt alvorlig. Her m\u00e5 vi handle raskt\u00bb. Jeg hadde aldri h\u00f8rt om spiser\u00f8rskreft f\u00f8r. Det var som \u00e5 f\u00e5 et fly i hodet. Hele verden raste sammen.<\/p>\n\n\n\n<h2 class=\"wp-block-heading\" id=\"h-kreftforeningen-tar-grep\">Kreftforeningen tar grep<\/h2>\n\n\n\n<p>Denne dagen blir Kjell en av 300 som hvert \u00e5r f\u00e5r den uvirkelige beskjeden om at de har <a href=\"https:\/\/kreftforeningen.no\/om-kreft\/kreftformer\/spiserorskreft\/\">spiser\u00f8rkreft<\/a>. Sykdommen gir ofte ikke symptomer f\u00f8r svulsten har vokst seg s\u00e5 stor at det blir problemer med \u00e5 f\u00e5 ned maten. Da er det dessverre for sent for de fleste. I dag er det bare en fjerdedel av de som f\u00e5r spiser\u00f8rskreft i Norge, som overlever.<\/p>\n\n\n\n<blockquote class=\"wp-block-quote is-layout-flow wp-block-quote-is-layout-flow\">\n<p>Mens man har klart \u00e5 \u00f8ke overlevelsen for mange andre kreftformer, er det dessverre en lav sjanse for \u00e5 overleve spiser\u00f8rskreft. Det \u00f8nsker vi \u00e5 endre p\u00e5.<\/p>\n<cite>Ingrid Stenstadvold Ross, generalsekret\u00e6r i Kreftforeningen <\/cite><\/blockquote>\n\n\n\n<figure class=\"wp-block-image size-large\"><img decoding=\"async\" src=\"https:\/\/kreftforeningen.no\/content\/uploads\/2021\/01\/IngridStenstadvoldRoss-1024x684.jpg\" alt=\"en kvinne som st\u00e5r foran en bygning.\" class=\"wp-image-71711\"\/><figcaption class=\"wp-element-caption\">Ingrid Stenstadvold Ross er generalsekret\u00e6r i Kreftforeningen. Foto: Jorunn Valle Nilsen <\/figcaption><\/figure>\n\n\n\n<p>N\u00e5 samler hun landets beste eksperter til felles kamp. Takket v\u00e6re pengene nordmenn gav til <a href=\"https:\/\/kreftforeningen.no\/innsamlingsaksjonen\/\">Kreftforeningens innsamlingsaksjon<\/a> (tidligere Krafttak mot kreft) i fjor, gir Kreftforeningen n\u00e5 15 millioner kroner til oppretting av en egen ekspertgruppe for spiser\u00f8rskreft.<\/p>\n\n\n\n<h2 id=\"vil-du-bidra-til-at-flere-kan-overleve-kreft\" class=\"wp-block-heading\">Vil du bidra til at flere kan overleve kreft? <\/h2>\n\n\n\n<p><strong>St\u00f8tt Kreftforeningens innsamlingsaksjon<\/strong> \u2013 H\u00e5pet v\u00e5rt er at dette skal gi bedre behandling og diagnostikk. Ved \u00e5 samle ekspertene fra hele landet til ett milj\u00f8, med kreftleger, forskere, patologer og andre som jobber tverrfaglig, legger vi bedre til rette for fremtidens forskningsgjennombrudd, forteller generalsekret\u00e6ren. <\/p>\n\n\n\n<p>Kreftforeningen har fra f\u00f8r opprettet ekspertgrupper for&nbsp;<a href=\"https:\/\/kreftforeningen.no\/innsamlingsaksjonen\/14-8-millioner-til-forskning-pa-lungekreft\/\">lungekreft<\/a>,&nbsp;<a href=\"https:\/\/kreftforeningen.no\/innsamlingsaksjonen\/rekordsatsing-pa-bukspyttkjertelkreft\/\">bukspyttkjertelkreft<\/a> og <a href=\"https:\/\/kreftforeningen.no\/innsamlingsaksjonen\/han-skal-lede-ny-storsatsing-pa-hjernekreft\/\">hjernekreft<\/a>.<\/p>\n\n\n\n<div class=\"wp-block-kf-fact-box\"><h3 class=\"kf-fact-box__title\" id=\"fakta-om-spiserorskreft\">Fakta om spiser\u00f8rskreft<\/h3><div class=\"kf-fact-box__content\">\n<ul class=\"wp-block-list\">\n<li>Spiser\u00f8rskreft er den \u00e5ttende vanligste krefttypen folk d\u00f8r av i verden.<\/li>\n\n\n\n<li>I 2019 fikk 313 nordmenn spiser\u00f8rskreft.<\/li>\n\n\n\n<li>Tre ganger s\u00e5 mange menn som kvinner f\u00e5r spiser\u00f8rskreft, og de fleste er rundt 65 \u00e5r.<\/li>\n\n\n\n<li>Sykdommen gir ofte ikke symptomer f\u00f8r svulsten har vokst seg s\u00e5 stor at det blir problemer med \u00e5 f\u00e5 ned maten.<\/li>\n\n\n\n<li>Kreftformen er alvorlig, og kun en fjerdedel av de som rammes, overlever spiser\u00f8rskreft i fem \u00e5r eller mer.<\/li>\n\n\n\n<li>I 2018 d\u00f8de 191 menn og 51 kvinner av spiser\u00f8rskreft.<\/li>\n\n\n\n<li>Det finnes ingen klar \u00e5rsak til hvorfor noen f\u00e5r spiser\u00f8rskreft, men refluks av magesyre opp i spiser\u00f8ret som kan medf\u00f8re betennelse og \u00f8kt risiko.<\/li>\n\n\n\n<li>Som med kreft generelt, kan noen tilfeller trolig forebygges ved lavere alkoholforbruk, omlegging av kosthold, vektreduksjon og \u00f8kt fysisk aktivitet.<\/li>\n\n\n\n<li>I Norge i dag er det rundt 830 personer som har blitt friske av eller lever med spiser\u00f8rskreft.<\/li>\n<\/ul>\n\n\n\n<p><em>Kilde: Kreftregisteret<\/em><\/p>\n<\/div><div class=\"kf-fact-box__toggle\"><div class=\"kf-fact-box__button\"><svg xmlns=\"http:\/\/www.w3.org\/2000\/svg\" viewBox=\"0 0 17.367 17.367\" width=\"16\" height=\"16\" aria-hidden=\"true\"><path d=\"M0-8.684v-2.133H13.2L7.16-16.91l1.523-1.523L17.367-9.75,8.684-1.066,7.109-2.59,13.2-8.684Z\" transform=\"translate(0 18.434)\"><\/path><\/svg><\/div><\/div><\/div>\n\n\n\n<h2 class=\"wp-block-heading\" id=\"h-avansert-behandling\">Avansert behandling<\/h2>\n\n\n\n<p>For Kjell g\u00e5r veien rett til Ullev\u00e5l sykehus i Oslo. Her m\u00f8ter han kirurg Egil Johnson, en av to i landet som p\u00e5 dette tidspunktet, i 2009, vet hvordan de kan hjelpe. Kjell skal igjennom en avansert operasjon, men f\u00f8rst blir han satt p\u00e5 flere sv\u00e6rt sterke cellegiftkurer i h\u00e5p om \u00e5 krympe svulsten.&nbsp;&nbsp;&nbsp;&nbsp;&nbsp;<\/p>\n\n\n\n<p>\u2013 De var ekstreme! Jeg klarte ikke \u00e5 g\u00e5 etterp\u00e5. Jeg l\u00e5 og kastet opp, og det f\u00f8ltes som at bena mine tok fyr, forteller han.<\/p>\n\n\n\n<p>Likevel er det det som m\u00e5 til f\u00f8r Egil kan g\u00e5 i gang med den store, avanserte operasjonen, der han gj\u00f8r kikkhullskirurgi i bukhulen og \u00e5pen kirurgi i brysthulen. Han kapper av den syke delen av spiser\u00f8ret, lager deler av magesekken om til et r\u00f8r, f\u00f8r han syr det hele sammen.&nbsp;<\/p>\n\n\n\n<p>\u2013 Jeg f\u00e5r ikke fullrost Egil og de andre nok for den jobben de gjorde. Jeg var veldig heldig siden forskningen var kommet s\u00e5 langt at de kunne operere meg p\u00e5 denne m\u00e5ten. Det viser at forskning nytter, mener Kjell.<\/p>\n\n\n<div class=\"wp-block-image is-floating\">\n<figure class=\"alignright size-large is-resized\"><img decoding=\"async\" src=\"https:\/\/kreftforeningen.no\/content\/uploads\/2021\/01\/Egil-Johnson2-768x1024.jpg\" alt=\"en mann i hvit laboratoriefrakk som st\u00e5r foran en hvit vegg\" class=\"wp-image-71714\" style=\"width:384px;height:512px\"\/><figcaption class=\"wp-element-caption\">Det var Egil Johnson som opererte Kjell Bryni. N\u00e5 skal han lede den nye ekspertgruppen for spiser\u00f8rskreft.   <\/figcaption><\/figure>\n<\/div>\n\n\n<h2 class=\"wp-block-heading\" id=\"h-vil-oppdage-kreften-tidligere\">Vil oppdage kreften tidligere<\/h2>\n\n\n\n<p>N\u00e5 skal Egil som reddet Kjell, sammen med Kreftforeningens nydannede kreftgruppe, forsterke arbeidet med \u00e5 redde flere. <\/p>\n\n\n\n<p>Med p\u00e5 laget i Kreftforeningens ekspertgruppe for spiser\u00f8rskreft er det kompetanse fra flere medisinske spesialiteter og andre fagomr\u00e5der som skal jobbe sammen. I alt mer enn 15 forskere og dedikerte personer i Bergen, Trondheim, Troms\u00f8 og Oslo.&nbsp;<\/p>\n\n\n\n<blockquote class=\"wp-block-quote is-layout-flow wp-block-quote-is-layout-flow\">\n<p> Jeg er kjempeglad og ydmyk for denne utfordringen! Det er klart det er t\u00f8ft \u00e5 jobbe med en kreftform f\u00e5 overlever. Man f\u00f8ler at man st\u00e5r foran et mangehodet uhyre. <\/p>\n<cite>Egil Johnson, kirurg, professor og overlege <\/cite><\/blockquote>\n\n\n\n<p>N\u00e5 er h\u00e5pet \u00e5 finne verkt\u00f8y som kan hjelpe til \u00e5 oppdage spiser\u00f8rskreft tidligere. Det kan for eksempel v\u00e6re en blodpr\u00f8ve som viser at noe er galt i blodet. Vevspr\u00f8ver kan gi viktig informasjon om hvilken behandling pasienten skal ha. <\/p>\n\n\n\n<p>For \u00e5 f\u00e5 til dette, trengs et bedre system for \u00e5 samle inn pasientpr\u00f8ver fra hele landet. Samarbeid med forskere som kan hjelpe med bedre forst\u00e5else av svulstenes biologi og uttrykk vil v\u00e6re avgj\u00f8rende. Det blir f\u00f8rsteprioritet for den nye nasjonale ekspertgruppen.<\/p>\n\n\n\n<div class=\"wp-block-columns are-vertically-aligned-top w50-50 has-blue-light-background-color has-background is-layout-flex wp-container-core-columns-is-layout-9d6595d7 wp-block-columns-is-layout-flex\">\n<div class=\"wp-block-column in-chapters is-vertically-aligned-top is-layout-flow wp-block-column in-chapters-is-layout-flow\">\n<h2 class=\"wp-block-heading\" id=\"h-kreftforeningens-ekspertgruppe-for-spiserorskreft\">Kreftforeningens ekspertgruppe for spiser\u00f8rskreft<\/h2>\n\n\n\n<figure class=\"wp-block-image size-large\"><img loading=\"lazy\" decoding=\"async\" width=\"834\" height=\"1024\" src=\"https:\/\/kreftforeningen.no\/content\/uploads\/2021\/01\/ekspertgruppe-spiser\u00f8rskreft-grafikk-834x1024.png\" alt=\"et kart over landet Norge\" class=\"wp-image-71631\" srcset=\"https:\/\/kreftforeningen.no\/content\/uploads\/2021\/01\/ekspertgruppe-spiser\u00f8rskreft-grafikk-834x1024.png 834w, https:\/\/kreftforeningen.no\/content\/uploads\/2021\/01\/ekspertgruppe-spiser\u00f8rskreft-grafikk-244x300.png 244w, https:\/\/kreftforeningen.no\/content\/uploads\/2021\/01\/ekspertgruppe-spiser\u00f8rskreft-grafikk-768x943.png 768w, https:\/\/kreftforeningen.no\/content\/uploads\/2021\/01\/ekspertgruppe-spiser\u00f8rskreft-grafikk-1250x1536.png 1250w, https:\/\/kreftforeningen.no\/content\/uploads\/2021\/01\/ekspertgruppe-spiser\u00f8rskreft-grafikk-135x166.png 135w, https:\/\/kreftforeningen.no\/content\/uploads\/2021\/01\/ekspertgruppe-spiser\u00f8rskreft-grafikk.png 1349w\" sizes=\"auto, (max-width: 834px) 100vw, 834px\" \/><\/figure>\n<\/div>\n\n\n\n<div class=\"wp-block-column in-chapters is-vertically-aligned-top is-layout-flow wp-block-column in-chapters-is-layout-flow\">\n<p><img loading=\"lazy\" decoding=\"async\" width=\"330\" height=\"330\" class=\"wp-image-71357\" style=\"width: 15px\" src=\"https:\/\/kreftforeningen.no\/content\/uploads\/2021\/01\/RosaSirkel.png\" alt=\"\" srcset=\"https:\/\/kreftforeningen.no\/content\/uploads\/2021\/01\/RosaSirkel.png 330w, https:\/\/kreftforeningen.no\/content\/uploads\/2021\/01\/RosaSirkel-135x135.png 135w\" sizes=\"auto, (max-width: 330px) 100vw, 330px\" \/> <strong>Universitetssykehuset Nord-Norge<\/strong><br>Eirik K. Aahlin<br>Helge Stenvold<\/p>\n\n\n\n<p><img loading=\"lazy\" decoding=\"async\" width=\"330\" height=\"330\" class=\"wp-image-71355\" style=\"width: 15px\" src=\"https:\/\/kreftforeningen.no\/content\/uploads\/2021\/01\/Gr\u00f8nnSirkel.png\" alt=\"\" srcset=\"https:\/\/kreftforeningen.no\/content\/uploads\/2021\/01\/Gr\u00f8nnSirkel.png 330w, https:\/\/kreftforeningen.no\/content\/uploads\/2021\/01\/Gr\u00f8nnSirkel-135x135.png 135w\" sizes=\"auto, (max-width: 330px) 100vw, 330px\" \/> <strong>St. Olavs hospital<\/strong><br>Ingunn Hatlevoll<br>Gjermund Johnsen<\/p>\n\n\n\n<p><img loading=\"lazy\" decoding=\"async\" width=\"330\" height=\"330\" class=\"wp-image-71356\" style=\"width: 15px\" src=\"https:\/\/kreftforeningen.no\/content\/uploads\/2021\/01\/LillaSirkel.png\" alt=\"\" srcset=\"https:\/\/kreftforeningen.no\/content\/uploads\/2021\/01\/LillaSirkel.png 330w, https:\/\/kreftforeningen.no\/content\/uploads\/2021\/01\/LillaSirkel-135x135.png 135w\" sizes=\"auto, (max-width: 330px) 100vw, 330px\" \/> <strong>Haukeland Universitetssykehus<\/strong><br>Bente Kristin Abelseth<br>Kjell K. \u00d8vreb\u00f8<\/p>\n\n\n\n<p><img loading=\"lazy\" decoding=\"async\" width=\"330\" height=\"330\" class=\"wp-image-71358\" style=\"width: 15px\" src=\"https:\/\/kreftforeningen.no\/content\/uploads\/2021\/01\/OransjSirkel.png\" alt=\"\" srcset=\"https:\/\/kreftforeningen.no\/content\/uploads\/2021\/01\/OransjSirkel.png 330w, https:\/\/kreftforeningen.no\/content\/uploads\/2021\/01\/OransjSirkel-135x135.png 135w\" sizes=\"auto, (max-width: 330px) 100vw, 330px\" \/> <strong>Oslo Universitetssykehus<\/strong><br>Egil Johnson (leder) &nbsp;<br>Tom Mala<br>Guro E. Lind<br>Ghazwan al-Haidari<br>Theresa Kumar<br>Marine Jeanmougin<br>Ragnhild Lothe<br>Truls Hauge<br>Caroline Skagemo<br>Dag T. F\u00f8rland<br>Hans-Olaf Johannessen<br>Rita Pinto<\/p>\n<\/div>\n<\/div>\n\n\n\n<blockquote class=\"wp-block-quote is-layout-flow wp-block-quote-is-layout-flow\">\n<p>Det \u00e5 samle fagmilj\u00f8et er absolutt bra. Vi kan inspirere hverandre og l\u00e6re av hverandres erfaringer. Vi kan lettere etablere felles studier, som vil styrke fagmilj\u00f8ene og v\u00e6re bra for pasientene. &nbsp;<\/p>\n<cite>Egil Johnson, leder av den nye ekspertgruppen for spiser\u00f8rskreft <\/cite><\/blockquote>\n\n\n\n<p>\u2013 Mange spiser\u00f8rskreftpasienter f\u00e5r i dag store plager i etterkant av behandlingen, og for mange har sykdommen kommet s\u00e5 langt at en operasjon ikke kan gj\u00f8re dem friske. Derfor er det viktig \u00e5 forske p\u00e5 bedre og nye behandlingsformer, forteller Egil Johnson. <\/p>\n\n\n\n<p>\u2013 Immunterapi er lovende, og det skjer mye spennende utvikling av kirurgisk teknikk som kan gi mer n\u00f8yaktig og sk\u00e5nsom behandling, som for eksempel robotassistert kikkhullskirurgi. <\/p>\n\n\n\t<div class=\"wp-block-kf-accentuated-link\">\n\t\t\t\t<div class=\"kf-link__content\">\n\t\t\t\t\t\t\t<div class=\"kf-link__tagline\">Les ogs\u00e5<\/div>\n\t\t\t\t\t\t<a class=\"kf-link__link\" target=\"_self\" href=\"https:\/\/kreftforeningen.no\/aktuelt\/forsker-i-flytsonen\/\">\n\t\t\t\tForsker i flytsonen\t\t\t\t\t\t\t\t\t<span class=\"kf-link__link-source\">kreftforeningen.no<\/span>\n\t\t\t\t\t\t\t<\/a>\n\t\t<\/div>\n\t<\/div>\n\t\n\n\n<h2 class=\"wp-block-heading\" id=\"h-forskningen-er-gull-verdt\">\u2013 Forskningen er gull verdt<\/h2>\n\n\n\n<p>Selv om Kjell Bryni i dag er kreftfri, over 12 \u00e5r etter den dagen han satte br\u00f8dskiven fast i halsen, har det \u00e5 overleve ogs\u00e5 sin pris. Kreftbehandlingen har gjort at Kjell har smerter i kroppen 24 timer i d\u00f8gnet. &nbsp;I perioder m\u00e5 han kaste opp flere ganger i l\u00f8pet av natten. Siden den ventilen man vanligvis har mellom spiser\u00f8r og magesekk, ble fjernet i operasjonen, skvulper det opp b\u00e5de syre og galle.<\/p>\n\n\n\n<p><strong>\u2013 Jeg pr\u00f8ver \u00e5 sove sittende, men det er jo nesten umulig \u00e5 ikke skli ned i sengen. Da svir det noe helt enormt. Det er som om det brenner i hele kroppen, og det er skikkelig ille, forteller han.<\/strong><\/p>\n\n\n\n<p>Likevel er det rart hva et menneske kan venne seg til. Kjell har l\u00e6rt seg \u00e5 leve med smerter og vet at han m\u00e5 spise ofte og lite, droppe kaffe og sterk mat. &nbsp;Han har blitt en roligere person, for hvis han stresser, blir alt verre. Han er til og med tilbake i full jobb, n\u00e5 som bussj\u00e5f\u00f8r. &nbsp;&nbsp;&nbsp;<\/p>\n\n\n\n<p>\u2013 F\u00f8r operasjonen fikk jeg beskjed om at jeg ikke kom til \u00e5 kunne jobbe igjen. \u00abDet skal vi bli to om!\u00bb, tenkte jeg, sta som en bukk, sier han og ler.<\/p>\n\n\n\n<p>Kjell er sv\u00e6rt glad for at pengene fra fjor\u00e5rets innsamlingsaksjon g\u00e5r til et eget kompetansemilj\u00f8 for spiser\u00f8rskreft. Han har stor tro p\u00e5 hva Egil og de andre kan f\u00e5 til.<\/p>\n\n\n\n<blockquote class=\"wp-block-quote is-layout-flow wp-block-quote-is-layout-flow\">\n<p>Forskningen er gull verdt! Jeg har f\u00e5tt livet i gave. Det er ikke mange som overlever en s\u00e5nn type kreft. Tenk s\u00e5 mange de kan redde!<\/p>\n<cite>Kjell Bryni, spiser\u00f8rskreftoverlever<\/cite><\/blockquote>\n\n\n\n<div class=\"wp-block-kf-fact-box\"><h3 class=\"kf-fact-box__title\" id=\"dette-vil-ekspertgruppen-gjore\">Dette vil ekspertgruppen gj\u00f8re<\/h3><div class=\"kf-fact-box__content\">\n<ul class=\"wp-block-list\">\n<li>Etablere Kreftforeningens ekspertgruppe for spiser\u00f8rskreft ved \u00e5 samle ledende klinikere og forskere fra ulike deler av landet til ett, tverrfaglig milj\u00f8.<\/li>\n\n\n\n<li>Opprette nasjonalt pasientregister og biobank og lette eksisterende kliniske studier.<\/li>\n\n\n\n<li>Pr\u00f8ve \u00e5 finne mark\u00f8rer som kan lette tidlig oppdagelse av spiser\u00f8rskreft<\/li>\n\n\n\n<li>Lete etter mark\u00f8rer som kan bidra til mer individorientert og m\u00e5lrettet behandling, siden pasienter reagerer ulikt p\u00e5 behandling<\/li>\n\n\n\n<li>Delta i internasjonale studier<\/li>\n<\/ul>\n<\/div><div class=\"kf-fact-box__toggle\"><div class=\"kf-fact-box__button\"><svg xmlns=\"http:\/\/www.w3.org\/2000\/svg\" viewBox=\"0 0 17.367 17.367\" width=\"16\" height=\"16\" aria-hidden=\"true\"><path d=\"M0-8.684v-2.133H13.2L7.16-16.91l1.523-1.523L17.367-9.75,8.684-1.066,7.109-2.59,13.2-8.684Z\" transform=\"translate(0 18.434)\"><\/path><\/svg><\/div><\/div><\/div>\n\n\n\n\n\n<div class=\"wp-block-buttons is-style-sticky is-layout-flex wp-block-buttons-is-layout-flex\">\n<div class=\"wp-block-button\"><a class=\"wp-block-button__link has-blue-background-color has-background wp-element-button\" href=\"https:\/\/kreftforeningen.no\/innsamlingsaksjonen\/stott-innsamlingsaksjonen\/\">St\u00f8tt Kreftforeningens innsamlingsaksjon<\/a><\/div>\n<\/div>\n","protected":false},"excerpt":{"rendered":"<p>Han har v\u00e6rt sliten lenge n\u00e5r han setter seg ned bak rattet og kj\u00f8rer mot Trondheim denne dagen. Kjell Bryni (60) elsker jobben sin som lastebilsj\u00e5f\u00f8r og har alltid jobbet mye. 18 timers dager er slett ikke uvanlig, og han innr\u00f8mmer lett at han har g\u00e5tt p\u00e5 noen smeller f\u00f8r. Likevel er det noe som [&hellip;]<\/p>\n","protected":false},"author":30,"featured_media":205795,"comment_status":"closed","ping_status":"open","sticky":false,"template":"","format":"standard","meta":{"_relevanssi_hide_post":"","_relevanssi_hide_content":"","_relevanssi_pin_for_all":"","_relevanssi_pin_keywords":"","_relevanssi_unpin_keywords":"","_relevanssi_related_keywords":"","_relevanssi_related_include_ids":"","_relevanssi_related_exclude_ids":"","_relevanssi_related_no_append":"","_relevanssi_related_not_related":"","_relevanssi_related_posts":"173","_relevanssi_noindex_reason":"","kf_show_post_date":true,"kf_show_updated_date":false,"kf_show_print_page":false,"kf_show_chapters":false,"kf_show_chapters_expanded":false,"kf_show_post_outdated":true,"kf_toggle_title":false,"kf_is_template":false,"kf_post_authors":[],"teft_cards_label":"","teft_cards_image_id":0,"teft_cards_image_focal_point_x":0,"teft_cards_image_focal_point_y":0,"teft_cards_title":"","teft_cards_excerpt":"Takket v\u00e6re nordmenns st\u00f8tte til Kreftforeningens innsamlingsaksjon skal en ny ekspertgruppe jobbe for at flere skal overleve spiser\u00f8rskreft og \u00abf\u00e5 livet i gave\u00bb, som Kjell sier.","footnotes":""},"categories":[5],"tags":[4],"class_list":["post-385","post","type-post","status-publish","format-standard","has-post-thumbnail","hentry","category-nyheter","tag-innsamlingsaksjonen"],"yoast_head":"<!-- This site is optimized with the Yoast SEO Premium plugin v27.3 (Yoast SEO v27.4) - https:\/\/yoast.com\/product\/yoast-seo-premium-wordpress\/ -->\n<title>Kjell (60) overlevde kreftformen 3 av 4 d\u00f8r av - Kreftforeningens innsamlingsaksjon<\/title>\n<meta name=\"robots\" content=\"index, follow, max-snippet:-1, max-image-preview:large, max-video-preview:-1\" \/>\n<link rel=\"canonical\" href=\"https:\/\/kreftforeningen.no\/innsamlingsaksjonen\/kjell-60-overlevde-kreftformen-3-av-4-dor-av\/\" \/>\n<meta property=\"og:locale\" content=\"nb_NO\" \/>\n<meta property=\"og:type\" content=\"article\" \/>\n<meta property=\"og:title\" content=\"Kjell (60) overlevde kreftformen 3 av 4 d\u00f8r av\" \/>\n<meta property=\"og:description\" content=\"Han har v\u00e6rt sliten lenge n\u00e5r han setter seg ned bak rattet og kj\u00f8rer mot Trondheim denne dagen. Kjell Bryni (60) elsker jobben sin som lastebilsj\u00e5f\u00f8r og har alltid jobbet mye. 18 timers dager er slett ikke uvanlig, og han innr\u00f8mmer lett at han har g\u00e5tt p\u00e5 noen smeller f\u00f8r. Likevel er det noe som [&hellip;]\" \/>\n<meta property=\"og:url\" content=\"https:\/\/kreftforeningen.no\/innsamlingsaksjonen\/kjell-60-overlevde-kreftformen-3-av-4-dor-av\/\" \/>\n<meta property=\"og:site_name\" content=\"Kreftforeningens innsamlingsaksjon\" \/>\n<meta property=\"article:published_time\" content=\"2021-01-19T07:26:29+00:00\" \/>\n<meta property=\"article:modified_time\" content=\"2026-02-13T09:55:01+00:00\" \/>\n<meta property=\"og:image\" content=\"https:\/\/kreftforeningen.no\/content\/uploads\/2026\/02\/Fotograf_Nicki_Twang-1024x683-1.jpeg\" \/>\n\t<meta property=\"og:image:width\" content=\"1024\" \/>\n\t<meta property=\"og:image:height\" content=\"683\" \/>\n\t<meta property=\"og:image:type\" content=\"image\/jpeg\" \/>\n<meta name=\"author\" content=\"Malene Romestrand\" \/>\n<meta name=\"twitter:card\" content=\"summary_large_image\" \/>\n<meta name=\"twitter:label1\" content=\"Skrevet av\" \/>\n\t<meta name=\"twitter:data1\" content=\"Malene Romestrand\" \/>\n\t<meta name=\"twitter:label2\" content=\"Ansl. lesetid\" \/>\n\t<meta name=\"twitter:data2\" content=\"9 minutter\" \/>\n<script type=\"application\/ld+json\" class=\"yoast-schema-graph\">{\"@context\":\"https:\\\/\\\/schema.org\",\"@graph\":[{\"@type\":\"Article\",\"@id\":\"https:\\\/\\\/kreftforeningen.no\\\/innsamlingsaksjonen\\\/kjell-60-overlevde-kreftformen-3-av-4-dor-av\\\/#article\",\"isPartOf\":{\"@id\":\"https:\\\/\\\/kreftforeningen.no\\\/innsamlingsaksjonen\\\/kjell-60-overlevde-kreftformen-3-av-4-dor-av\\\/\"},\"author\":{\"name\":\"Malene Romestrand\",\"@id\":\"https:\\\/\\\/kreftforeningen.no\\\/innsamlingsaksjonen\\\/#\\\/schema\\\/person\\\/2ed48d8b92b27fddc544b450591df483\"},\"headline\":\"Kjell (60) overlevde kreftformen 3 av 4 d\u00f8r av\",\"datePublished\":\"2021-01-19T07:26:29+00:00\",\"dateModified\":\"2026-02-13T09:55:01+00:00\",\"mainEntityOfPage\":{\"@id\":\"https:\\\/\\\/kreftforeningen.no\\\/innsamlingsaksjonen\\\/kjell-60-overlevde-kreftformen-3-av-4-dor-av\\\/\"},\"wordCount\":1530,\"publisher\":{\"@id\":\"https:\\\/\\\/kreftforeningen.no\\\/innsamlingsaksjonen\\\/#organization\"},\"image\":{\"@id\":\"https:\\\/\\\/kreftforeningen.no\\\/innsamlingsaksjonen\\\/kjell-60-overlevde-kreftformen-3-av-4-dor-av\\\/#primaryimage\"},\"thumbnailUrl\":\"https:\\\/\\\/kreftforeningen.no\\\/content\\\/uploads\\\/2026\\\/02\\\/Fotograf_Nicki_Twang-1024x683-1.jpeg\",\"keywords\":[\"Innsamlingsaksjonen\"],\"articleSection\":[\"Nyheter\"],\"inLanguage\":\"nb-NO\"},{\"@type\":\"WebPage\",\"@id\":\"https:\\\/\\\/kreftforeningen.no\\\/innsamlingsaksjonen\\\/kjell-60-overlevde-kreftformen-3-av-4-dor-av\\\/\",\"url\":\"https:\\\/\\\/kreftforeningen.no\\\/innsamlingsaksjonen\\\/kjell-60-overlevde-kreftformen-3-av-4-dor-av\\\/\",\"name\":\"Kjell (60) overlevde kreftformen 3 av 4 d\u00f8r av - Kreftforeningens innsamlingsaksjon\",\"isPartOf\":{\"@id\":\"https:\\\/\\\/kreftforeningen.no\\\/innsamlingsaksjonen\\\/#website\"},\"primaryImageOfPage\":{\"@id\":\"https:\\\/\\\/kreftforeningen.no\\\/innsamlingsaksjonen\\\/kjell-60-overlevde-kreftformen-3-av-4-dor-av\\\/#primaryimage\"},\"image\":{\"@id\":\"https:\\\/\\\/kreftforeningen.no\\\/innsamlingsaksjonen\\\/kjell-60-overlevde-kreftformen-3-av-4-dor-av\\\/#primaryimage\"},\"thumbnailUrl\":\"https:\\\/\\\/kreftforeningen.no\\\/content\\\/uploads\\\/2026\\\/02\\\/Fotograf_Nicki_Twang-1024x683-1.jpeg\",\"datePublished\":\"2021-01-19T07:26:29+00:00\",\"dateModified\":\"2026-02-13T09:55:01+00:00\",\"breadcrumb\":{\"@id\":\"https:\\\/\\\/kreftforeningen.no\\\/innsamlingsaksjonen\\\/kjell-60-overlevde-kreftformen-3-av-4-dor-av\\\/#breadcrumb\"},\"inLanguage\":\"nb-NO\",\"potentialAction\":[{\"@type\":\"ReadAction\",\"target\":[\"https:\\\/\\\/kreftforeningen.no\\\/innsamlingsaksjonen\\\/kjell-60-overlevde-kreftformen-3-av-4-dor-av\\\/\"]}]},{\"@type\":\"ImageObject\",\"inLanguage\":\"nb-NO\",\"@id\":\"https:\\\/\\\/kreftforeningen.no\\\/innsamlingsaksjonen\\\/kjell-60-overlevde-kreftformen-3-av-4-dor-av\\\/#primaryimage\",\"url\":\"https:\\\/\\\/kreftforeningen.no\\\/content\\\/uploads\\\/2026\\\/02\\\/Fotograf_Nicki_Twang-1024x683-1.jpeg\",\"contentUrl\":\"https:\\\/\\\/kreftforeningen.no\\\/content\\\/uploads\\\/2026\\\/02\\\/Fotograf_Nicki_Twang-1024x683-1.jpeg\"},{\"@type\":\"BreadcrumbList\",\"@id\":\"https:\\\/\\\/kreftforeningen.no\\\/innsamlingsaksjonen\\\/kjell-60-overlevde-kreftformen-3-av-4-dor-av\\\/#breadcrumb\",\"itemListElement\":[{\"@type\":\"ListItem\",\"position\":1,\"name\":\"Forside\",\"item\":\"https:\\\/\\\/kreftforeningen.no\\\/innsamlingsaksjonen\\\/\"},{\"@type\":\"ListItem\",\"position\":2,\"name\":\"Kjell (60) overlevde kreftformen 3 av 4 d\u00f8r av\"}]},{\"@type\":\"WebSite\",\"@id\":\"https:\\\/\\\/kreftforeningen.no\\\/innsamlingsaksjonen\\\/#website\",\"url\":\"https:\\\/\\\/kreftforeningen.no\\\/innsamlingsaksjonen\\\/\",\"name\":\"Kreftforeningens innsamlingsaksjon\",\"description\":\"\",\"publisher\":{\"@id\":\"https:\\\/\\\/kreftforeningen.no\\\/innsamlingsaksjonen\\\/#organization\"},\"potentialAction\":[{\"@type\":\"SearchAction\",\"target\":{\"@type\":\"EntryPoint\",\"urlTemplate\":\"https:\\\/\\\/kreftforeningen.no\\\/innsamlingsaksjonen\\\/?s={search_term_string}\"},\"query-input\":{\"@type\":\"PropertyValueSpecification\",\"valueRequired\":true,\"valueName\":\"search_term_string\"}}],\"inLanguage\":\"nb-NO\"},{\"@type\":\"Organization\",\"@id\":\"https:\\\/\\\/kreftforeningen.no\\\/innsamlingsaksjonen\\\/#organization\",\"name\":\"Kreftforeningens innsamlingsaksjon\",\"url\":\"https:\\\/\\\/kreftforeningen.no\\\/innsamlingsaksjonen\\\/\",\"logo\":{\"@type\":\"ImageObject\",\"inLanguage\":\"nb-NO\",\"@id\":\"https:\\\/\\\/kreftforeningen.no\\\/innsamlingsaksjonen\\\/#\\\/schema\\\/logo\\\/image\\\/\",\"url\":\"https:\\\/\\\/kreftforeningen.no\\\/content\\\/uploads\\\/2023\\\/11\\\/Kreftforeningen_logo_med_innsamlingsaksjonen-hor.svg\",\"contentUrl\":\"https:\\\/\\\/kreftforeningen.no\\\/content\\\/uploads\\\/2023\\\/11\\\/Kreftforeningen_logo_med_innsamlingsaksjonen-hor.svg\",\"caption\":\"Kreftforeningens innsamlingsaksjon\"},\"image\":{\"@id\":\"https:\\\/\\\/kreftforeningen.no\\\/innsamlingsaksjonen\\\/#\\\/schema\\\/logo\\\/image\\\/\"}},{\"@type\":\"Person\",\"@id\":\"https:\\\/\\\/kreftforeningen.no\\\/innsamlingsaksjonen\\\/#\\\/schema\\\/person\\\/2ed48d8b92b27fddc544b450591df483\",\"name\":\"Malene Romestrand\",\"image\":{\"@type\":\"ImageObject\",\"inLanguage\":\"nb-NO\",\"@id\":\"https:\\\/\\\/secure.gravatar.com\\\/avatar\\\/b74347a5d209d793d6c69ab9279ce5ba215ee775ce28367df7bab053f5ed8e0f?s=96&d=mm&r=g\",\"url\":\"https:\\\/\\\/secure.gravatar.com\\\/avatar\\\/b74347a5d209d793d6c69ab9279ce5ba215ee775ce28367df7bab053f5ed8e0f?s=96&d=mm&r=g\",\"contentUrl\":\"https:\\\/\\\/secure.gravatar.com\\\/avatar\\\/b74347a5d209d793d6c69ab9279ce5ba215ee775ce28367df7bab053f5ed8e0f?s=96&d=mm&r=g\",\"caption\":\"Malene Romestrand\"}}]}<\/script>\n<!-- \/ Yoast SEO Premium plugin. -->","yoast_head_json":{"title":"Kjell (60) overlevde kreftformen 3 av 4 d\u00f8r av - Kreftforeningens innsamlingsaksjon","robots":{"index":"index","follow":"follow","max-snippet":"max-snippet:-1","max-image-preview":"max-image-preview:large","max-video-preview":"max-video-preview:-1"},"canonical":"https:\/\/kreftforeningen.no\/innsamlingsaksjonen\/kjell-60-overlevde-kreftformen-3-av-4-dor-av\/","og_locale":"nb_NO","og_type":"article","og_title":"Kjell (60) overlevde kreftformen 3 av 4 d\u00f8r av","og_description":"Han har v\u00e6rt sliten lenge n\u00e5r han setter seg ned bak rattet og kj\u00f8rer mot Trondheim denne dagen. Kjell Bryni (60) elsker jobben sin som lastebilsj\u00e5f\u00f8r og har alltid jobbet mye. 18 timers dager er slett ikke uvanlig, og han innr\u00f8mmer lett at han har g\u00e5tt p\u00e5 noen smeller f\u00f8r. Likevel er det noe som [&hellip;]","og_url":"https:\/\/kreftforeningen.no\/innsamlingsaksjonen\/kjell-60-overlevde-kreftformen-3-av-4-dor-av\/","og_site_name":"Kreftforeningens innsamlingsaksjon","article_published_time":"2021-01-19T07:26:29+00:00","article_modified_time":"2026-02-13T09:55:01+00:00","og_image":[{"width":1024,"height":683,"url":"https:\/\/kreftforeningen.no\/content\/uploads\/2026\/02\/Fotograf_Nicki_Twang-1024x683-1.jpeg","type":"image\/jpeg"}],"author":"Malene Romestrand","twitter_card":"summary_large_image","twitter_misc":{"Skrevet av":"Malene Romestrand","Ansl. lesetid":"9 minutter"},"schema":{"@context":"https:\/\/schema.org","@graph":[{"@type":"Article","@id":"https:\/\/kreftforeningen.no\/innsamlingsaksjonen\/kjell-60-overlevde-kreftformen-3-av-4-dor-av\/#article","isPartOf":{"@id":"https:\/\/kreftforeningen.no\/innsamlingsaksjonen\/kjell-60-overlevde-kreftformen-3-av-4-dor-av\/"},"author":{"name":"Malene Romestrand","@id":"https:\/\/kreftforeningen.no\/innsamlingsaksjonen\/#\/schema\/person\/2ed48d8b92b27fddc544b450591df483"},"headline":"Kjell (60) overlevde kreftformen 3 av 4 d\u00f8r av","datePublished":"2021-01-19T07:26:29+00:00","dateModified":"2026-02-13T09:55:01+00:00","mainEntityOfPage":{"@id":"https:\/\/kreftforeningen.no\/innsamlingsaksjonen\/kjell-60-overlevde-kreftformen-3-av-4-dor-av\/"},"wordCount":1530,"publisher":{"@id":"https:\/\/kreftforeningen.no\/innsamlingsaksjonen\/#organization"},"image":{"@id":"https:\/\/kreftforeningen.no\/innsamlingsaksjonen\/kjell-60-overlevde-kreftformen-3-av-4-dor-av\/#primaryimage"},"thumbnailUrl":"https:\/\/kreftforeningen.no\/content\/uploads\/2026\/02\/Fotograf_Nicki_Twang-1024x683-1.jpeg","keywords":["Innsamlingsaksjonen"],"articleSection":["Nyheter"],"inLanguage":"nb-NO"},{"@type":"WebPage","@id":"https:\/\/kreftforeningen.no\/innsamlingsaksjonen\/kjell-60-overlevde-kreftformen-3-av-4-dor-av\/","url":"https:\/\/kreftforeningen.no\/innsamlingsaksjonen\/kjell-60-overlevde-kreftformen-3-av-4-dor-av\/","name":"Kjell (60) overlevde kreftformen 3 av 4 d\u00f8r av - Kreftforeningens innsamlingsaksjon","isPartOf":{"@id":"https:\/\/kreftforeningen.no\/innsamlingsaksjonen\/#website"},"primaryImageOfPage":{"@id":"https:\/\/kreftforeningen.no\/innsamlingsaksjonen\/kjell-60-overlevde-kreftformen-3-av-4-dor-av\/#primaryimage"},"image":{"@id":"https:\/\/kreftforeningen.no\/innsamlingsaksjonen\/kjell-60-overlevde-kreftformen-3-av-4-dor-av\/#primaryimage"},"thumbnailUrl":"https:\/\/kreftforeningen.no\/content\/uploads\/2026\/02\/Fotograf_Nicki_Twang-1024x683-1.jpeg","datePublished":"2021-01-19T07:26:29+00:00","dateModified":"2026-02-13T09:55:01+00:00","breadcrumb":{"@id":"https:\/\/kreftforeningen.no\/innsamlingsaksjonen\/kjell-60-overlevde-kreftformen-3-av-4-dor-av\/#breadcrumb"},"inLanguage":"nb-NO","potentialAction":[{"@type":"ReadAction","target":["https:\/\/kreftforeningen.no\/innsamlingsaksjonen\/kjell-60-overlevde-kreftformen-3-av-4-dor-av\/"]}]},{"@type":"ImageObject","inLanguage":"nb-NO","@id":"https:\/\/kreftforeningen.no\/innsamlingsaksjonen\/kjell-60-overlevde-kreftformen-3-av-4-dor-av\/#primaryimage","url":"https:\/\/kreftforeningen.no\/content\/uploads\/2026\/02\/Fotograf_Nicki_Twang-1024x683-1.jpeg","contentUrl":"https:\/\/kreftforeningen.no\/content\/uploads\/2026\/02\/Fotograf_Nicki_Twang-1024x683-1.jpeg"},{"@type":"BreadcrumbList","@id":"https:\/\/kreftforeningen.no\/innsamlingsaksjonen\/kjell-60-overlevde-kreftformen-3-av-4-dor-av\/#breadcrumb","itemListElement":[{"@type":"ListItem","position":1,"name":"Forside","item":"https:\/\/kreftforeningen.no\/innsamlingsaksjonen\/"},{"@type":"ListItem","position":2,"name":"Kjell (60) overlevde kreftformen 3 av 4 d\u00f8r av"}]},{"@type":"WebSite","@id":"https:\/\/kreftforeningen.no\/innsamlingsaksjonen\/#website","url":"https:\/\/kreftforeningen.no\/innsamlingsaksjonen\/","name":"Kreftforeningens innsamlingsaksjon","description":"","publisher":{"@id":"https:\/\/kreftforeningen.no\/innsamlingsaksjonen\/#organization"},"potentialAction":[{"@type":"SearchAction","target":{"@type":"EntryPoint","urlTemplate":"https:\/\/kreftforeningen.no\/innsamlingsaksjonen\/?s={search_term_string}"},"query-input":{"@type":"PropertyValueSpecification","valueRequired":true,"valueName":"search_term_string"}}],"inLanguage":"nb-NO"},{"@type":"Organization","@id":"https:\/\/kreftforeningen.no\/innsamlingsaksjonen\/#organization","name":"Kreftforeningens innsamlingsaksjon","url":"https:\/\/kreftforeningen.no\/innsamlingsaksjonen\/","logo":{"@type":"ImageObject","inLanguage":"nb-NO","@id":"https:\/\/kreftforeningen.no\/innsamlingsaksjonen\/#\/schema\/logo\/image\/","url":"https:\/\/kreftforeningen.no\/content\/uploads\/2023\/11\/Kreftforeningen_logo_med_innsamlingsaksjonen-hor.svg","contentUrl":"https:\/\/kreftforeningen.no\/content\/uploads\/2023\/11\/Kreftforeningen_logo_med_innsamlingsaksjonen-hor.svg","caption":"Kreftforeningens innsamlingsaksjon"},"image":{"@id":"https:\/\/kreftforeningen.no\/innsamlingsaksjonen\/#\/schema\/logo\/image\/"}},{"@type":"Person","@id":"https:\/\/kreftforeningen.no\/innsamlingsaksjonen\/#\/schema\/person\/2ed48d8b92b27fddc544b450591df483","name":"Malene Romestrand","image":{"@type":"ImageObject","inLanguage":"nb-NO","@id":"https:\/\/secure.gravatar.com\/avatar\/b74347a5d209d793d6c69ab9279ce5ba215ee775ce28367df7bab053f5ed8e0f?s=96&d=mm&r=g","url":"https:\/\/secure.gravatar.com\/avatar\/b74347a5d209d793d6c69ab9279ce5ba215ee775ce28367df7bab053f5ed8e0f?s=96&d=mm&r=g","contentUrl":"https:\/\/secure.gravatar.com\/avatar\/b74347a5d209d793d6c69ab9279ce5ba215ee775ce28367df7bab053f5ed8e0f?s=96&d=mm&r=g","caption":"Malene Romestrand"}}]}},"_links":{"self":[{"href":"https:\/\/kreftforeningen.no\/innsamlingsaksjonen\/wp-json\/wp\/v2\/posts\/385","targetHints":{"allow":["GET"]}}],"collection":[{"href":"https:\/\/kreftforeningen.no\/innsamlingsaksjonen\/wp-json\/wp\/v2\/posts"}],"about":[{"href":"https:\/\/kreftforeningen.no\/innsamlingsaksjonen\/wp-json\/wp\/v2\/types\/post"}],"author":[{"embeddable":true,"href":"https:\/\/kreftforeningen.no\/innsamlingsaksjonen\/wp-json\/wp\/v2\/users\/30"}],"replies":[{"embeddable":true,"href":"https:\/\/kreftforeningen.no\/innsamlingsaksjonen\/wp-json\/wp\/v2\/comments?post=385"}],"version-history":[{"count":31,"href":"https:\/\/kreftforeningen.no\/innsamlingsaksjonen\/wp-json\/wp\/v2\/posts\/385\/revisions"}],"predecessor-version":[{"id":11118,"href":"https:\/\/kreftforeningen.no\/innsamlingsaksjonen\/wp-json\/wp\/v2\/posts\/385\/revisions\/11118"}],"wp:featuredmedia":[{"embeddable":true,"href":"https:\/\/kreftforeningen.no\/innsamlingsaksjonen\/wp-json\/"}],"wp:attachment":[{"href":"https:\/\/kreftforeningen.no\/innsamlingsaksjonen\/wp-json\/wp\/v2\/media?parent=385"}],"wp:term":[{"taxonomy":"category","embeddable":true,"href":"https:\/\/kreftforeningen.no\/innsamlingsaksjonen\/wp-json\/wp\/v2\/categories?post=385"},{"taxonomy":"post_tag","embeddable":true,"href":"https:\/\/kreftforeningen.no\/innsamlingsaksjonen\/wp-json\/wp\/v2\/tags?post=385"}],"curies":[{"name":"wp","href":"https:\/\/api.w.org\/{rel}","templated":true}]}}