{"id":7311,"date":"2021-01-12T08:10:00","date_gmt":"2021-01-12T07:10:00","guid":{"rendered":"https:\/\/kreftforeningen.no\/krafttakmotkreft\/?p=7311"},"modified":"2024-02-29T08:50:43","modified_gmt":"2024-02-29T07:50:43","slug":"han-skal-lede-ny-storsatsing-pa-hjernekreft","status":"publish","type":"post","link":"https:\/\/kreftforeningen.no\/innsamlingsaksjonen\/han-skal-lede-ny-storsatsing-pa-hjernekreft\/","title":{"rendered":"Han skal lede ny storsatsing p\u00e5 hjernekreft"},"content":{"rendered":"\n<div class=\"wp-block-kf-ingress\"><div class=\"kf-header__ingress\"><p>Kreftforeningen gir 15 millioner kroner til etablering av ny ekspertgruppe for hjernesvulst.<\/p><\/div><\/div>\n\n\n\n<figure class=\"wp-block-image size-large\"><img loading=\"lazy\" decoding=\"async\" width=\"1024\" height=\"768\" src=\"https:\/\/kreftforeningen.no\/content\/uploads\/2022\/01\/rolf-bjerkvig-1-1024x768.jpg\" alt=\"Mann p\u00e5 laboratorium. Foto.\" class=\"wp-image-95489\" srcset=\"https:\/\/kreftforeningen.no\/content\/uploads\/2022\/01\/rolf-bjerkvig-1-1024x768.jpg 1024w, https:\/\/kreftforeningen.no\/content\/uploads\/2022\/01\/rolf-bjerkvig-1-300x225.jpg 300w, https:\/\/kreftforeningen.no\/content\/uploads\/2022\/01\/rolf-bjerkvig-1-768x576.jpg 768w, https:\/\/kreftforeningen.no\/content\/uploads\/2022\/01\/rolf-bjerkvig-1-1536x1152.jpg 1536w, https:\/\/kreftforeningen.no\/content\/uploads\/2022\/01\/rolf-bjerkvig-1-800x600.jpg 800w, https:\/\/kreftforeningen.no\/content\/uploads\/2022\/01\/rolf-bjerkvig-1-135x101.jpg 135w, https:\/\/kreftforeningen.no\/content\/uploads\/2022\/01\/rolf-bjerkvig-1.jpg 2048w\" sizes=\"auto, (max-width: 1024px) 100vw, 1024px\" \/><figcaption class=\"wp-element-caption\">Rolf Bjerkvig, professor ved Universitetet i Bergen, og leder for Kreftforeningens nye ekspertgruppe for hjernesvulst. Foto: Nicki Twang.<\/figcaption><\/figure>\n\n\n\n<p>\u2013 Dette er en viktig dag for norsk hjernesvulstforskning, sier generalsekret\u00e6r Ingrid Stenstadvold Ross.<\/p>\n\n\n\n<p>Kreftforeningen bevilger n\u00e5 15 millioner kroner til \u00e5 opprette Kreftforeningens ekspertgruppe for hjernesvulst. Ledende norske forskere og klinikere samles til ett milj\u00f8, hvor de blant annet skal dele forskningsdata og kompetanse, samarbeide om kliniske studier og internasjonalt samarbeid og tilby ny og eksperimentell behandling.<\/p>\n\n\n\n<p>Pengene til opprettelsen kommer fra <a href=\"https:\/\/kreftforeningen.no\/innsamlingsaksjonen\/\">Kreftforeningens innsamlingsaksjon<\/a> som de siste to \u00e5rene har hatt kreftformer f\u00e5 overlever som form\u00e5l.<\/p>\n\n\n\n<figure class=\"wp-block-image size-large\"><img loading=\"lazy\" decoding=\"async\" width=\"1024\" height=\"683\" src=\"https:\/\/kreftforeningen.no\/content\/uploads\/2020\/06\/IngridSRoss-Kreftforeningen-8-1024x683.jpeg\" alt=\"en kvinne som st\u00e5r foran en vegg dekket av ord.\" class=\"wp-image-57223\" srcset=\"https:\/\/kreftforeningen.no\/content\/uploads\/2020\/06\/IngridSRoss-Kreftforeningen-8-1024x683.jpeg 1024w, https:\/\/kreftforeningen.no\/content\/uploads\/2020\/06\/IngridSRoss-Kreftforeningen-8-300x200.jpeg 300w, https:\/\/kreftforeningen.no\/content\/uploads\/2020\/06\/IngridSRoss-Kreftforeningen-8-768x512.jpeg 768w, https:\/\/kreftforeningen.no\/content\/uploads\/2020\/06\/IngridSRoss-Kreftforeningen-8-1536x1024.jpeg 1536w, https:\/\/kreftforeningen.no\/content\/uploads\/2020\/06\/IngridSRoss-Kreftforeningen-8-2048x1365.jpeg 2048w, https:\/\/kreftforeningen.no\/content\/uploads\/2020\/06\/IngridSRoss-Kreftforeningen-8-135x90.jpeg 135w\" sizes=\"auto, (max-width: 1024px) 100vw, 1024px\" \/><figcaption class=\"wp-element-caption\">Ingrid Stenstadvold Ross er generalsekret\u00e6r i Kreftforeningen.<\/figcaption><\/figure>\n\n\n\n<p>\u2013 Mens overlevelsen har \u00f8kt for mange andre kreftformer, er det dessverre sv\u00e6rt f\u00e5 som overlever hjernekreft. Det \u00f8nsker vi \u00e5 endre p\u00e5,&nbsp;sier Stenstadvold Ross.&nbsp;<\/p>\n\n\n\n<h2 class=\"wp-block-heading\" id=\"h-viktig-innsatsomrade\">Viktig innsatsomr\u00e5de<\/h2>\n\n\n\n<p>En av Kreftforeningens viktige innsatsomr\u00e5der er kreftformer med lav overlevelse. Hjernekreft er \u00e9n av disse. Hvert \u00e5r rammes 200-250 personer i Norge av glioblastom, den mest aggressive formen for hjernesvulst. Under fem prosent overlever. Denne dystre overlevelsesstatistikken har st\u00e5tt n\u00e6rmest stille i 40 \u00e5r.<\/p>\n\n\n\n<p>\u2013 De ulike norske milj\u00f8ene innen hjernekreft sitter i dag p\u00e5 hver sin tue og konkurrerer om de samme forskningsmidlene. Ved \u00e5 samle ekspertene til ett milj\u00f8 som samarbeider tverrfaglig, legger vi bedre til rette for fremtidens forskningsgjennombrudd, sier Stenstadvold Ross.<\/p>\n\n\n\n<div class=\"wp-block-columns are-vertically-aligned-top w50-50 is-layout-flex wp-container-core-columns-is-layout-9d6595d7 wp-block-columns-is-layout-flex\">\n<div class=\"wp-block-column in-chapters is-vertically-aligned-top is-layout-flow wp-block-column in-chapters-is-layout-flow\">\n<h2 class=\"wp-block-heading\" id=\"h-kreftforeningens-ekspertgruppe-for-hjernesvulst\">Kreftforeningens ekspertgruppe for hjernesvulst<\/h2>\n\n\n\n<figure class=\"wp-block-image size-full is-resized\"><img loading=\"lazy\" decoding=\"async\" src=\"https:\/\/kreftforeningen.no\/content\/uploads\/2021\/01\/EksepertgruppeHjernekreftGrafikk.jpg\" alt=\"et kart over Norge med symboler p\u00e5 byer med hjerne\" class=\"wp-image-71399\" width=\"340\" height=\"414\" srcset=\"https:\/\/kreftforeningen.no\/content\/uploads\/2021\/01\/EksepertgruppeHjernekreftGrafikk.jpg 1360w, https:\/\/kreftforeningen.no\/content\/uploads\/2021\/01\/EksepertgruppeHjernekreftGrafikk-246x300.jpg 246w, https:\/\/kreftforeningen.no\/content\/uploads\/2021\/01\/EksepertgruppeHjernekreftGrafikk-840x1024.jpg 840w, https:\/\/kreftforeningen.no\/content\/uploads\/2021\/01\/EksepertgruppeHjernekreftGrafikk-768x936.jpg 768w, https:\/\/kreftforeningen.no\/content\/uploads\/2021\/01\/EksepertgruppeHjernekreftGrafikk-1261x1536.jpg 1261w, https:\/\/kreftforeningen.no\/content\/uploads\/2021\/01\/EksepertgruppeHjernekreftGrafikk-135x164.jpg 135w\" sizes=\"auto, (max-width: 340px) 100vw, 340px\" \/><\/figure>\n<\/div>\n\n\n\n<div class=\"wp-block-column in-chapters is-vertically-aligned-top is-layout-flow wp-block-column in-chapters-is-layout-flow\">\n<p><img loading=\"lazy\" decoding=\"async\" width=\"330\" height=\"330\" class=\"wp-image-71357\" style=\"width: 15px\" src=\"https:\/\/kreftforeningen.no\/content\/uploads\/2021\/01\/RosaSirkel.png\" alt=\"\" srcset=\"https:\/\/kreftforeningen.no\/content\/uploads\/2021\/01\/RosaSirkel.png 330w, https:\/\/kreftforeningen.no\/content\/uploads\/2021\/01\/RosaSirkel-135x135.png 135w\" sizes=\"auto, (max-width: 330px) 100vw, 330px\" \/> <strong>Universitetssykehuset Nord-Norge<\/strong> \/ <strong>Universitetet i Troms\u00f8<\/strong><br>Tor Ingebrigtsen, professor<\/p>\n\n\n\n<p><img loading=\"lazy\" decoding=\"async\" width=\"330\" height=\"330\" class=\"wp-image-71355\" style=\"width: 15px\" src=\"https:\/\/kreftforeningen.no\/content\/uploads\/2021\/01\/Gr\u00f8nnSirkel.png\" alt=\"\" srcset=\"https:\/\/kreftforeningen.no\/content\/uploads\/2021\/01\/Gr\u00f8nnSirkel.png 330w, https:\/\/kreftforeningen.no\/content\/uploads\/2021\/01\/Gr\u00f8nnSirkel-135x135.png 135w\" sizes=\"auto, (max-width: 330px) 100vw, 330px\" \/> <strong>St. Olavs hospital <\/strong>\/ <strong>NTNU<\/strong><br>Ole Solheim, overlege<\/p>\n\n\n\n<p><img loading=\"lazy\" decoding=\"async\" width=\"330\" height=\"330\" class=\"wp-image-71356\" style=\"width: 15px\" src=\"https:\/\/kreftforeningen.no\/content\/uploads\/2021\/01\/LillaSirkel.png\" alt=\"\" srcset=\"https:\/\/kreftforeningen.no\/content\/uploads\/2021\/01\/LillaSirkel.png 330w, https:\/\/kreftforeningen.no\/content\/uploads\/2021\/01\/LillaSirkel-135x135.png 135w\" sizes=\"auto, (max-width: 330px) 100vw, 330px\" \/> <strong>Haukeland Universitetssykehus<\/strong> \/<br><strong>Universitetet i Bergen<\/strong><br>Rolf Bjerkvig, professor (leder)<br>Terje Sundstr\u00f8m, overlege<br>Tor-Christian A. Johannessen, overlege<br>Hrvoje Miletic, overlege\/professor<\/p>\n\n\n\n<p><img loading=\"lazy\" decoding=\"async\" width=\"330\" height=\"330\" class=\"wp-image-71358\" style=\"width: 15px\" src=\"https:\/\/kreftforeningen.no\/content\/uploads\/2021\/01\/OransjSirkel.png\" alt=\"\" srcset=\"https:\/\/kreftforeningen.no\/content\/uploads\/2021\/01\/OransjSirkel.png 330w, https:\/\/kreftforeningen.no\/content\/uploads\/2021\/01\/OransjSirkel-135x135.png 135w\" sizes=\"auto, (max-width: 330px) 100vw, 330px\" \/> <strong>Oslo Universitetssykehus<\/strong> \/ <br><strong>Universitetet i Oslo<\/strong><br>Einar Vik.Mo, overlege<br>Petter Brandal, overlege<br>Iver A. Langmoen, professor.<\/p>\n\n\n\n<p><strong>Kreftregisteret<\/strong><br>Tom B\u00f8rge Johannesen (nestleder)<\/p>\n<\/div>\n<\/div>\n\n\n\n<p>Kreftforeningen har fra f\u00f8r opprettet ekspertgrupper for <a href=\"https:\/\/kreftforeningen.no\/innsamlingsaksjonen\/14-8-millioner-til-forskning-pa-lungekreft\/\">lungekreft<\/a> og <a href=\"https:\/\/kreftforeningen.no\/innsamlingsaksjonen\/rekordsatsing-pa-bukspyttkjertelkreft\/\">bukspyttkjertelkreft<\/a>.<\/p>\n\n\n\n<p>\u2013 M\u00e5let med ekspertgruppene er \u00e5 \u00f8ke b\u00e5de overlevelsen og livskvaliteten for dem som blir rammet av disse kreftformene. Dette er langsiktige satsinger som gir h\u00e5p til pasientgrupper som har sett f\u00e5 fremskritt gjennom mange \u00e5r, sier Stenstadvold Ross.<\/p>\n\n\n\n<h2 class=\"wp-block-heading\" id=\"h-kvalitetsstempel\">Kvalitetsstempel<\/h2>\n\n\n\n<p>Mannen som skal lede det nye kompetansemilj\u00f8et er Rolf Bjerkvig, professor ved Institutt for Biomedisin ved Universitetet i Bergen. Han har forsket p\u00e5 hjernesvulster i over 30 \u00e5r, og mottok i 2015 den h\u00f8ythengende <a href=\"https:\/\/kreftforeningen.no\/forskning\/kong-olav-vs-kreftforskningspris\/\">Kong Olav Vs kreftforskningspris<\/a>.<\/p>\n\n\n\n<p>I Norge har forskningen innenfor hjernesvulst v\u00e6rt fragmentert, forteller han.<\/p>\n\n\n\n<p>\u2013 Det har v\u00e6rt overraskende lite samarbeid. Opprettelsen av denne ekspertgruppen f\u00f8rer til mer samarbeid og mindre konkurranse. Det vil gi bedre resultater b\u00e5de i forskningen, klinikken og behandlingen. Det igjen er en trigger til \u00f8kt internasjonalt samarbeid, sier Bjerkvig.<\/p>\n\n\n\n<figure class=\"wp-block-image\"><img decoding=\"async\" src=\"https:\/\/kreftforeningen.no\/content\/uploads\/2022\/01\/rolf-bjerkvig-2-1024x768.jpg\" alt=\"Mann p\u00e5 laboratorium med gr\u00f8nne hansker. Foto.\"\/><figcaption class=\"wp-element-caption\">\u2013 Jeg ble introdusert for fagfeltet hjernesvulst som medisinstudent i San Fransisco, og ble bitt av basillen. Det er 37 \u00e5r siden n\u00e5, sier Bjerkvig. Foto: Nicki Twang<\/figcaption><\/figure>\n\n\n\n<blockquote class=\"wp-block-quote is-layout-flow wp-block-quote-is-layout-flow\">\n<p>At pengene kommer fra Kreftforeningen er et kvalitetsstempel som gir legitimitet. Dette er en utrolig viktig bevilgning.<\/p>\n<\/blockquote>\n\n\n\n<p>\u2013 I dag f\u00e5r pasientene standardbehandling etter at hjernesvulsten er fjernet. F\u00e5 blir friske av det. Det vanlige er at kreften utvikler resistens mot behandlingen. N\u00e5r dette skjer, er det vanskelig \u00e5 vite hvilke medikamenter som kan benyttes videre. Det er stort behov for en \u00f8kt og koordinert forskningsinnsats for \u00e5 finne ny, persontilpasset behandling for hjernekreft. &nbsp;<\/p>\n\n\n\n<h2 class=\"wp-block-heading\" id=\"h-ny-teknologi\">Ny teknologi<\/h2>\n\n\n\n<p>Det er flere grunner til at f\u00e5 overlever hjernekreft. Sykdommen har ofte diffuse symptomer og kan dermed ha kommet langt n\u00e5r den f\u00f8rst oppdages. Svulsten kan ogs\u00e5 ligge s\u00e5 vanskelig til at kirurgi ikke er et alternativ. Samtidig er det et sterkt behov for \u00f8kt kunnskap om kreftformen og bedre behandlingsmetoder.<\/p>\n\n\n\n<p>Hjernekreftceller er ulike fra pasient til pasient, og det vil variere hva slags medikamenter som virker p\u00e5 den enkelte. En behandling som er effektiv p\u00e5 \u00e9n pasient, kan ha liten, ingen eller negativ effekt p\u00e5 en annen.<\/p>\n\n\n\t<div class=\"wp-block-kf-accentuated-link\">\n\t\t\t\t<div class=\"kf-link__content\">\n\t\t\t\t\t\t\t<div class=\"kf-link__tagline\">Bes\u00f8k ogs\u00e5<\/div>\n\t\t\t\t\t\t<a class=\"kf-link__link\" target=\"_self\" href=\"https:\/\/kreftforeningen.no\/om-kreft\/kreftformer\/hjernesvulst\/\">\n\t\t\t\tHjernesvulst hos voksne\t\t\t\t\t\t\t\t\t<span class=\"kf-link__link-source\">kreftforeningen.no<\/span>\n\t\t\t\t\t\t\t<\/a>\n\t\t<\/div>\n\t<\/div>\n\t\n\n\n<p>N\u00e5 som hjernesvulsteksperter fra hele landet samles i et tverrfaglig nettverk, er ny teknologi utviklet i S\u00f8r-Korea og Luxembourg noe av det f\u00f8rste de \u00f8nsker \u00e5 f\u00e5 p\u00e5 plass i Norge.<\/p>\n\n\n\n<p>\u2013 Teknologien gj\u00f8r at n\u00e5r kreftsvulsten er tatt ut ved kirurgi, kan hundrevis av mikrosvulster lages ut fra denne i laboratoriet. Deretter kan vi teste ut hundrevis av ulike kreftmedikamenter for \u00e5 finne riktig behandling til den enkelte pasienten, sier Bjerkvig, som mener det er grunn til \u00e5 h\u00e5pe p\u00e5 et viktig gjennombrudd.<\/p>\n\n\n\n<h2 class=\"wp-block-heading\" id=\"h-noe-av-det-storste-jeg-kan-oppleve\">\u2013 Noe av det st\u00f8rste jeg kan oppleve<\/h2>\n\n\n\n<p><a>\u2013<\/a> Dette er fantastiske nyheter! sier Nina Jensen.<\/p>\n\n\n\n<p>Milj\u00f8aktivisten og lederen for forsknings- og ekspedisjonsskipet REV Ocean er ogs\u00e5 blitt en viktig stemme som p\u00e5r\u00f8rende og etterlatt.<\/p>\n\n\n\n<p>Etter at hennes samboer Nicolai Roan (38) d\u00f8de av glioblastom i juli 2019, har hun engasjert seg stort for hjernekreftsaken. Hun har belyst saken i mediene, g\u00e5tt med b\u00f8sse under innsamlingsaksjonen, blitt styremedlem i Hjernesvulstforeningen og blant annet jobbet for \u00e5 realisere den nye ekspertgruppen.<\/p>\n\n\n\n<figure class=\"wp-block-image size-full\"><img loading=\"lazy\" decoding=\"async\" width=\"939\" height=\"690\" src=\"https:\/\/kreftforeningen.no\/content\/uploads\/2021\/01\/nikolai2.jpg\" alt=\"Selfie med Nina Jensen og samboeren Nicolai Roan\" class=\"wp-image-71383\" srcset=\"https:\/\/kreftforeningen.no\/content\/uploads\/2021\/01\/nikolai2.jpg 939w, https:\/\/kreftforeningen.no\/content\/uploads\/2021\/01\/nikolai2-135x99.jpg 135w\" sizes=\"auto, (max-width: 939px) 100vw, 939px\" \/><figcaption class=\"wp-element-caption\">Nina Jensen med samboeren Nicolai Roan. Foto: Privat.<\/figcaption><\/figure>\n\n\n\n<blockquote class=\"wp-block-quote is-layout-flow wp-block-quote-is-layout-flow\">\n<p>Da jeg mistet min elskede Nicolai for snart et og et halvt \u00e5r siden, var det nesten umulig for meg \u00e5 se for meg hvordan jeg skulle klare \u00e5 leve videre. Men denne nyheten er som en ekspressheis ut av sorgb\u00f8lgedalen.<\/p>\n<\/blockquote>\n\n\n\n<p>Hun forteller at hun gr\u00e5t av glede da hun fikk h\u00f8re om tildelingen.<\/p>\n\n\n\n<figure class=\"wp-block-image size-full\"><img loading=\"lazy\" decoding=\"async\" width=\"1440\" height=\"1057\" src=\"https:\/\/kreftforeningen.no\/content\/uploads\/2021\/01\/nikolai1.jpg\" alt=\"en mann som holder en baby i en sykehusseng.\" class=\"wp-image-71384\" srcset=\"https:\/\/kreftforeningen.no\/content\/uploads\/2021\/01\/nikolai1.jpg 1440w, https:\/\/kreftforeningen.no\/content\/uploads\/2021\/01\/nikolai1-135x99.jpg 135w\" sizes=\"auto, (max-width: 1440px) 100vw, 1440px\" \/><figcaption class=\"wp-element-caption\">Nina og Nicolai fikk s\u00f8nnen Eik like f\u00f8r Nicolai d\u00f8de. Foto: Privat.<\/figcaption><\/figure>\n\n\n\n<p>\u2013 Et av Nicolais viktigste \u00f8nsker var nettopp \u00e5 hjelpe andre som rammes av hjernekreft. \u00c5 kunne oppfylle det \u00f8nsket er noe av det st\u00f8rste jeg kan oppleve. Denne dagen hadde gledet Nicolai enormt. Og tildelingen gir meg h\u00e5p om at andre ikke trenger \u00e5 havne i samme situasjon som oss.<\/p>\n\n\n\n<h2 class=\"wp-block-heading\" id=\"h-pengegaver-fra-folket\">Pengegaver fra folket<\/h2>\n\n\n\n<p>Generalsekret\u00e6r Ingrid Stenstadvold Ross hyller Nina Jensens innsats.<\/p>\n\n\n\n<blockquote class=\"wp-block-quote is-layout-flow wp-block-quote-is-layout-flow\">\n<p>Hun fortjener en stor takk. \u00c5penheten og engasjementet hennes betyr enormt mye, b\u00e5de for enkeltmennesker og for kreftsaken.<\/p>\n<\/blockquote>\n\n\n\n<p>\u2013 Tusen takk ogs\u00e5 til alle som ga penger under Kreftforeningens innsamlingsaksjon. Det nytter \u00e5 bidra! N\u00e5 legges grunnmuren for et solid, kompetent milj\u00f8 innen hjernekreft. Det gir oss fart inn mot fremtidens kreftbehandling, avslutter Stenstadvold Ross.<\/p>\n\n\n\n<div class=\"wp-block-kf-fact-box\"><h3 class=\"kf-fact-box__title\" id=\"dette-vil-ekspertgruppen-gjore\">Dette vil ekspertgruppen gj\u00f8re<\/h3><div class=\"kf-fact-box__content\">\n<ul class=\"wp-block-list\">\n<li>Etablere Kreftforeningens ekspertgruppe for hjernesvulst ved \u00e5 samle ledende klinikere og forskere fra ulike deler av landet til ett, tverrfaglig milj\u00f8.<\/li>\n\n\n\n<li>Opprette nasjonalt pasientregister og biobank, og fasilitere eksisterende kliniske studier.<\/li>\n\n\n\n<li>Tilby norske hjernesvulstpasienter tilgang til ny og eksperimentell behandling, hovedsakelig gjennom ny teknologi for persontilpasset behandling.<\/li>\n\n\n\n<li>Styrke internasjonalt forskningssamarbeid.<\/li>\n<\/ul>\n<\/div><div class=\"kf-fact-box__toggle\"><div class=\"kf-fact-box__button\"><svg xmlns=\"http:\/\/www.w3.org\/2000\/svg\" viewBox=\"0 0 17.367 17.367\" width=\"16\" height=\"16\" aria-hidden=\"true\"><path d=\"M0-8.684v-2.133H13.2L7.16-16.91l1.523-1.523L17.367-9.75,8.684-1.066,7.109-2.59,13.2-8.684Z\" transform=\"translate(0 18.434)\"><\/path><\/svg><\/div><\/div><\/div>\n\n\n\n\n\n<div class=\"wp-block-group has-blue-light-background-color has-background\"><div class=\"wp-block-group__inner-container is-layout-constrained wp-block-group-is-layout-constrained\">\n<h2 class=\"wp-block-heading\" id=\"h-kreftforeningens-innsamlingsaksjon\">Kreftforeningens innsamlingsaksjon<\/h2>\n\n\n\n<p>Aksjonen byttet h\u00f8sten 2023 navn fra <em>Krafttak mot kreft<\/em> til <a href=\"https:\/\/kreftforeningen.no\/innsamlingsaksjonen\/\">Kreftforeningens innsamlingsaksjon<\/a>.<\/p>\n\n\n\n<div class=\"wp-block-buttons is-layout-flex wp-block-buttons-is-layout-flex\">\n<div class=\"wp-block-button\"><a class=\"wp-block-button__link has-blue-background-color has-background wp-element-button\" href=\"https:\/\/kreftforeningen.no\/innsamlingsaksjonen\/om-innsamlingsaksjonen\/\">Les mer om aksjonen<\/a><\/div>\n<\/div>\n<\/div><\/div>\n","protected":false},"excerpt":{"rendered":"<p>\u2013 Dette er en viktig dag for norsk hjernesvulstforskning, sier generalsekret\u00e6r Ingrid Stenstadvold Ross. Kreftforeningen bevilger n\u00e5 15 millioner kroner til \u00e5 opprette Kreftforeningens ekspertgruppe for hjernesvulst. Ledende norske forskere og klinikere samles til ett milj\u00f8, hvor de blant annet skal dele forskningsdata og kompetanse, samarbeide om kliniske studier og internasjonalt samarbeid og tilby ny [&hellip;]<\/p>\n","protected":false},"author":30,"featured_media":71383,"comment_status":"closed","ping_status":"open","sticky":false,"template":"","format":"standard","meta":{"_relevanssi_hide_post":"","_relevanssi_hide_content":"","_relevanssi_pin_for_all":"","_relevanssi_pin_keywords":"","_relevanssi_unpin_keywords":"","_relevanssi_related_keywords":"","_relevanssi_related_include_ids":"","_relevanssi_related_exclude_ids":"","_relevanssi_related_no_append":"","_relevanssi_related_not_related":"","_relevanssi_related_posts":"173,173","_relevanssi_noindex_reason":"","kf_show_post_date":true,"kf_show_updated_date":false,"kf_show_print_page":false,"kf_show_chapters":false,"kf_show_chapters_expanded":false,"kf_show_post_outdated":true,"kf_toggle_title":false,"kf_is_template":false,"kf_post_authors":[],"teft_cards_label":"","teft_cards_image_id":71383,"teft_cards_image_focal_point_x":0.5,"teft_cards_image_focal_point_y":0.5,"teft_cards_title":"Gr\u00e5t av glede for storsatsing p\u00e5 hjernekreft","teft_cards_excerpt":"Med midler fra Kreftforeningens innsamlingsaksjon etablerer vi en ekspertgruppe for hjernesvulst. \u2013 Denne nyheten er som en ekspressheis ut av sorgb\u00f8lgedalen, sier Nina Jensen.","footnotes":""},"categories":[5],"tags":[4],"class_list":["post-7311","post","type-post","status-publish","format-standard","has-post-thumbnail","hentry","category-nyheter","tag-innsamlingsaksjonen"],"yoast_head":"<!-- This site is optimized with the Yoast SEO Premium plugin v27.3 (Yoast SEO v27.4) - https:\/\/yoast.com\/product\/yoast-seo-premium-wordpress\/ -->\n<title>Han skal lede ny storsatsing p\u00e5 hjernekreft - Kreftforeningens innsamlingsaksjon<\/title>\n<meta name=\"robots\" content=\"index, follow, max-snippet:-1, max-image-preview:large, max-video-preview:-1\" \/>\n<link rel=\"canonical\" href=\"https:\/\/kreftforeningen.no\/innsamlingsaksjonen\/han-skal-lede-ny-storsatsing-pa-hjernekreft\/\" \/>\n<meta property=\"og:locale\" content=\"nb_NO\" \/>\n<meta property=\"og:type\" content=\"article\" \/>\n<meta property=\"og:title\" content=\"Han skal lede ny storsatsing p\u00e5 hjernekreft\" \/>\n<meta property=\"og:description\" content=\"\u2013 Dette er en viktig dag for norsk hjernesvulstforskning, sier generalsekret\u00e6r Ingrid Stenstadvold Ross. Kreftforeningen bevilger n\u00e5 15 millioner kroner til \u00e5 opprette Kreftforeningens ekspertgruppe for hjernesvulst. Ledende norske forskere og klinikere samles til ett milj\u00f8, hvor de blant annet skal dele forskningsdata og kompetanse, samarbeide om kliniske studier og internasjonalt samarbeid og tilby ny [&hellip;]\" \/>\n<meta property=\"og:url\" content=\"https:\/\/kreftforeningen.no\/innsamlingsaksjonen\/han-skal-lede-ny-storsatsing-pa-hjernekreft\/\" \/>\n<meta property=\"og:site_name\" content=\"Kreftforeningens innsamlingsaksjon\" \/>\n<meta property=\"article:published_time\" content=\"2021-01-12T07:10:00+00:00\" \/>\n<meta property=\"article:modified_time\" content=\"2024-02-29T07:50:43+00:00\" \/>\n<meta property=\"og:image\" content=\"https:\/\/kreftforeningen.no\/content\/uploads\/2021\/01\/nikolai2.jpg\" \/>\n\t<meta property=\"og:image:width\" content=\"939\" \/>\n\t<meta property=\"og:image:height\" content=\"690\" \/>\n\t<meta property=\"og:image:type\" content=\"image\/jpeg\" \/>\n<meta name=\"author\" content=\"Malene Romestrand\" \/>\n<meta name=\"twitter:card\" content=\"summary_large_image\" \/>\n<meta name=\"twitter:label1\" content=\"Skrevet av\" \/>\n\t<meta name=\"twitter:data1\" content=\"Malene Romestrand\" \/>\n\t<meta name=\"twitter:label2\" content=\"Ansl. lesetid\" \/>\n\t<meta name=\"twitter:data2\" content=\"8 minutter\" \/>\n<script type=\"application\/ld+json\" class=\"yoast-schema-graph\">{\"@context\":\"https:\\\/\\\/schema.org\",\"@graph\":[{\"@type\":\"Article\",\"@id\":\"https:\\\/\\\/kreftforeningen.no\\\/innsamlingsaksjonen\\\/han-skal-lede-ny-storsatsing-pa-hjernekreft\\\/#article\",\"isPartOf\":{\"@id\":\"https:\\\/\\\/kreftforeningen.no\\\/innsamlingsaksjonen\\\/han-skal-lede-ny-storsatsing-pa-hjernekreft\\\/\"},\"author\":{\"name\":\"Malene Romestrand\",\"@id\":\"https:\\\/\\\/kreftforeningen.no\\\/innsamlingsaksjonen\\\/#\\\/schema\\\/person\\\/2ed48d8b92b27fddc544b450591df483\"},\"headline\":\"Han skal lede ny storsatsing p\u00e5 hjernekreft\",\"datePublished\":\"2021-01-12T07:10:00+00:00\",\"dateModified\":\"2024-02-29T07:50:43+00:00\",\"mainEntityOfPage\":{\"@id\":\"https:\\\/\\\/kreftforeningen.no\\\/innsamlingsaksjonen\\\/han-skal-lede-ny-storsatsing-pa-hjernekreft\\\/\"},\"wordCount\":1043,\"publisher\":{\"@id\":\"https:\\\/\\\/kreftforeningen.no\\\/innsamlingsaksjonen\\\/#organization\"},\"image\":{\"@id\":\"https:\\\/\\\/kreftforeningen.no\\\/innsamlingsaksjonen\\\/han-skal-lede-ny-storsatsing-pa-hjernekreft\\\/#primaryimage\"},\"thumbnailUrl\":\"https:\\\/\\\/kreftforeningen.no\\\/content\\\/uploads\\\/2021\\\/01\\\/nikolai2.jpg\",\"keywords\":[\"Innsamlingsaksjonen\"],\"articleSection\":[\"Nyheter\"],\"inLanguage\":\"nb-NO\"},{\"@type\":\"WebPage\",\"@id\":\"https:\\\/\\\/kreftforeningen.no\\\/innsamlingsaksjonen\\\/han-skal-lede-ny-storsatsing-pa-hjernekreft\\\/\",\"url\":\"https:\\\/\\\/kreftforeningen.no\\\/innsamlingsaksjonen\\\/han-skal-lede-ny-storsatsing-pa-hjernekreft\\\/\",\"name\":\"Han skal lede ny storsatsing p\u00e5 hjernekreft - Kreftforeningens innsamlingsaksjon\",\"isPartOf\":{\"@id\":\"https:\\\/\\\/kreftforeningen.no\\\/innsamlingsaksjonen\\\/#website\"},\"primaryImageOfPage\":{\"@id\":\"https:\\\/\\\/kreftforeningen.no\\\/innsamlingsaksjonen\\\/han-skal-lede-ny-storsatsing-pa-hjernekreft\\\/#primaryimage\"},\"image\":{\"@id\":\"https:\\\/\\\/kreftforeningen.no\\\/innsamlingsaksjonen\\\/han-skal-lede-ny-storsatsing-pa-hjernekreft\\\/#primaryimage\"},\"thumbnailUrl\":\"https:\\\/\\\/kreftforeningen.no\\\/content\\\/uploads\\\/2021\\\/01\\\/nikolai2.jpg\",\"datePublished\":\"2021-01-12T07:10:00+00:00\",\"dateModified\":\"2024-02-29T07:50:43+00:00\",\"breadcrumb\":{\"@id\":\"https:\\\/\\\/kreftforeningen.no\\\/innsamlingsaksjonen\\\/han-skal-lede-ny-storsatsing-pa-hjernekreft\\\/#breadcrumb\"},\"inLanguage\":\"nb-NO\",\"potentialAction\":[{\"@type\":\"ReadAction\",\"target\":[\"https:\\\/\\\/kreftforeningen.no\\\/innsamlingsaksjonen\\\/han-skal-lede-ny-storsatsing-pa-hjernekreft\\\/\"]}]},{\"@type\":\"ImageObject\",\"inLanguage\":\"nb-NO\",\"@id\":\"https:\\\/\\\/kreftforeningen.no\\\/innsamlingsaksjonen\\\/han-skal-lede-ny-storsatsing-pa-hjernekreft\\\/#primaryimage\",\"url\":\"https:\\\/\\\/kreftforeningen.no\\\/content\\\/uploads\\\/2021\\\/01\\\/nikolai2.jpg\",\"contentUrl\":\"https:\\\/\\\/kreftforeningen.no\\\/content\\\/uploads\\\/2021\\\/01\\\/nikolai2.jpg\"},{\"@type\":\"BreadcrumbList\",\"@id\":\"https:\\\/\\\/kreftforeningen.no\\\/innsamlingsaksjonen\\\/han-skal-lede-ny-storsatsing-pa-hjernekreft\\\/#breadcrumb\",\"itemListElement\":[{\"@type\":\"ListItem\",\"position\":1,\"name\":\"Forside\",\"item\":\"https:\\\/\\\/kreftforeningen.no\\\/innsamlingsaksjonen\\\/\"},{\"@type\":\"ListItem\",\"position\":2,\"name\":\"Han skal lede ny storsatsing p\u00e5 hjernekreft\"}]},{\"@type\":\"WebSite\",\"@id\":\"https:\\\/\\\/kreftforeningen.no\\\/innsamlingsaksjonen\\\/#website\",\"url\":\"https:\\\/\\\/kreftforeningen.no\\\/innsamlingsaksjonen\\\/\",\"name\":\"Kreftforeningens innsamlingsaksjon\",\"description\":\"\",\"publisher\":{\"@id\":\"https:\\\/\\\/kreftforeningen.no\\\/innsamlingsaksjonen\\\/#organization\"},\"potentialAction\":[{\"@type\":\"SearchAction\",\"target\":{\"@type\":\"EntryPoint\",\"urlTemplate\":\"https:\\\/\\\/kreftforeningen.no\\\/innsamlingsaksjonen\\\/?s={search_term_string}\"},\"query-input\":{\"@type\":\"PropertyValueSpecification\",\"valueRequired\":true,\"valueName\":\"search_term_string\"}}],\"inLanguage\":\"nb-NO\"},{\"@type\":\"Organization\",\"@id\":\"https:\\\/\\\/kreftforeningen.no\\\/innsamlingsaksjonen\\\/#organization\",\"name\":\"Kreftforeningens innsamlingsaksjon\",\"url\":\"https:\\\/\\\/kreftforeningen.no\\\/innsamlingsaksjonen\\\/\",\"logo\":{\"@type\":\"ImageObject\",\"inLanguage\":\"nb-NO\",\"@id\":\"https:\\\/\\\/kreftforeningen.no\\\/innsamlingsaksjonen\\\/#\\\/schema\\\/logo\\\/image\\\/\",\"url\":\"https:\\\/\\\/kreftforeningen.no\\\/content\\\/uploads\\\/2023\\\/11\\\/Kreftforeningen_logo_med_innsamlingsaksjonen-hor.svg\",\"contentUrl\":\"https:\\\/\\\/kreftforeningen.no\\\/content\\\/uploads\\\/2023\\\/11\\\/Kreftforeningen_logo_med_innsamlingsaksjonen-hor.svg\",\"caption\":\"Kreftforeningens innsamlingsaksjon\"},\"image\":{\"@id\":\"https:\\\/\\\/kreftforeningen.no\\\/innsamlingsaksjonen\\\/#\\\/schema\\\/logo\\\/image\\\/\"}},{\"@type\":\"Person\",\"@id\":\"https:\\\/\\\/kreftforeningen.no\\\/innsamlingsaksjonen\\\/#\\\/schema\\\/person\\\/2ed48d8b92b27fddc544b450591df483\",\"name\":\"Malene Romestrand\",\"image\":{\"@type\":\"ImageObject\",\"inLanguage\":\"nb-NO\",\"@id\":\"https:\\\/\\\/secure.gravatar.com\\\/avatar\\\/b74347a5d209d793d6c69ab9279ce5ba215ee775ce28367df7bab053f5ed8e0f?s=96&d=mm&r=g\",\"url\":\"https:\\\/\\\/secure.gravatar.com\\\/avatar\\\/b74347a5d209d793d6c69ab9279ce5ba215ee775ce28367df7bab053f5ed8e0f?s=96&d=mm&r=g\",\"contentUrl\":\"https:\\\/\\\/secure.gravatar.com\\\/avatar\\\/b74347a5d209d793d6c69ab9279ce5ba215ee775ce28367df7bab053f5ed8e0f?s=96&d=mm&r=g\",\"caption\":\"Malene Romestrand\"}}]}<\/script>\n<!-- \/ Yoast SEO Premium plugin. -->","yoast_head_json":{"title":"Han skal lede ny storsatsing p\u00e5 hjernekreft - Kreftforeningens innsamlingsaksjon","robots":{"index":"index","follow":"follow","max-snippet":"max-snippet:-1","max-image-preview":"max-image-preview:large","max-video-preview":"max-video-preview:-1"},"canonical":"https:\/\/kreftforeningen.no\/innsamlingsaksjonen\/han-skal-lede-ny-storsatsing-pa-hjernekreft\/","og_locale":"nb_NO","og_type":"article","og_title":"Han skal lede ny storsatsing p\u00e5 hjernekreft","og_description":"\u2013 Dette er en viktig dag for norsk hjernesvulstforskning, sier generalsekret\u00e6r Ingrid Stenstadvold Ross. Kreftforeningen bevilger n\u00e5 15 millioner kroner til \u00e5 opprette Kreftforeningens ekspertgruppe for hjernesvulst. Ledende norske forskere og klinikere samles til ett milj\u00f8, hvor de blant annet skal dele forskningsdata og kompetanse, samarbeide om kliniske studier og internasjonalt samarbeid og tilby ny [&hellip;]","og_url":"https:\/\/kreftforeningen.no\/innsamlingsaksjonen\/han-skal-lede-ny-storsatsing-pa-hjernekreft\/","og_site_name":"Kreftforeningens innsamlingsaksjon","article_published_time":"2021-01-12T07:10:00+00:00","article_modified_time":"2024-02-29T07:50:43+00:00","og_image":[{"width":939,"height":690,"url":"https:\/\/kreftforeningen.no\/content\/uploads\/2021\/01\/nikolai2.jpg","type":"image\/jpeg"}],"author":"Malene Romestrand","twitter_card":"summary_large_image","twitter_misc":{"Skrevet av":"Malene Romestrand","Ansl. lesetid":"8 minutter"},"schema":{"@context":"https:\/\/schema.org","@graph":[{"@type":"Article","@id":"https:\/\/kreftforeningen.no\/innsamlingsaksjonen\/han-skal-lede-ny-storsatsing-pa-hjernekreft\/#article","isPartOf":{"@id":"https:\/\/kreftforeningen.no\/innsamlingsaksjonen\/han-skal-lede-ny-storsatsing-pa-hjernekreft\/"},"author":{"name":"Malene Romestrand","@id":"https:\/\/kreftforeningen.no\/innsamlingsaksjonen\/#\/schema\/person\/2ed48d8b92b27fddc544b450591df483"},"headline":"Han skal lede ny storsatsing p\u00e5 hjernekreft","datePublished":"2021-01-12T07:10:00+00:00","dateModified":"2024-02-29T07:50:43+00:00","mainEntityOfPage":{"@id":"https:\/\/kreftforeningen.no\/innsamlingsaksjonen\/han-skal-lede-ny-storsatsing-pa-hjernekreft\/"},"wordCount":1043,"publisher":{"@id":"https:\/\/kreftforeningen.no\/innsamlingsaksjonen\/#organization"},"image":{"@id":"https:\/\/kreftforeningen.no\/innsamlingsaksjonen\/han-skal-lede-ny-storsatsing-pa-hjernekreft\/#primaryimage"},"thumbnailUrl":"https:\/\/kreftforeningen.no\/content\/uploads\/2021\/01\/nikolai2.jpg","keywords":["Innsamlingsaksjonen"],"articleSection":["Nyheter"],"inLanguage":"nb-NO"},{"@type":"WebPage","@id":"https:\/\/kreftforeningen.no\/innsamlingsaksjonen\/han-skal-lede-ny-storsatsing-pa-hjernekreft\/","url":"https:\/\/kreftforeningen.no\/innsamlingsaksjonen\/han-skal-lede-ny-storsatsing-pa-hjernekreft\/","name":"Han skal lede ny storsatsing p\u00e5 hjernekreft - Kreftforeningens innsamlingsaksjon","isPartOf":{"@id":"https:\/\/kreftforeningen.no\/innsamlingsaksjonen\/#website"},"primaryImageOfPage":{"@id":"https:\/\/kreftforeningen.no\/innsamlingsaksjonen\/han-skal-lede-ny-storsatsing-pa-hjernekreft\/#primaryimage"},"image":{"@id":"https:\/\/kreftforeningen.no\/innsamlingsaksjonen\/han-skal-lede-ny-storsatsing-pa-hjernekreft\/#primaryimage"},"thumbnailUrl":"https:\/\/kreftforeningen.no\/content\/uploads\/2021\/01\/nikolai2.jpg","datePublished":"2021-01-12T07:10:00+00:00","dateModified":"2024-02-29T07:50:43+00:00","breadcrumb":{"@id":"https:\/\/kreftforeningen.no\/innsamlingsaksjonen\/han-skal-lede-ny-storsatsing-pa-hjernekreft\/#breadcrumb"},"inLanguage":"nb-NO","potentialAction":[{"@type":"ReadAction","target":["https:\/\/kreftforeningen.no\/innsamlingsaksjonen\/han-skal-lede-ny-storsatsing-pa-hjernekreft\/"]}]},{"@type":"ImageObject","inLanguage":"nb-NO","@id":"https:\/\/kreftforeningen.no\/innsamlingsaksjonen\/han-skal-lede-ny-storsatsing-pa-hjernekreft\/#primaryimage","url":"https:\/\/kreftforeningen.no\/content\/uploads\/2021\/01\/nikolai2.jpg","contentUrl":"https:\/\/kreftforeningen.no\/content\/uploads\/2021\/01\/nikolai2.jpg"},{"@type":"BreadcrumbList","@id":"https:\/\/kreftforeningen.no\/innsamlingsaksjonen\/han-skal-lede-ny-storsatsing-pa-hjernekreft\/#breadcrumb","itemListElement":[{"@type":"ListItem","position":1,"name":"Forside","item":"https:\/\/kreftforeningen.no\/innsamlingsaksjonen\/"},{"@type":"ListItem","position":2,"name":"Han skal lede ny storsatsing p\u00e5 hjernekreft"}]},{"@type":"WebSite","@id":"https:\/\/kreftforeningen.no\/innsamlingsaksjonen\/#website","url":"https:\/\/kreftforeningen.no\/innsamlingsaksjonen\/","name":"Kreftforeningens innsamlingsaksjon","description":"","publisher":{"@id":"https:\/\/kreftforeningen.no\/innsamlingsaksjonen\/#organization"},"potentialAction":[{"@type":"SearchAction","target":{"@type":"EntryPoint","urlTemplate":"https:\/\/kreftforeningen.no\/innsamlingsaksjonen\/?s={search_term_string}"},"query-input":{"@type":"PropertyValueSpecification","valueRequired":true,"valueName":"search_term_string"}}],"inLanguage":"nb-NO"},{"@type":"Organization","@id":"https:\/\/kreftforeningen.no\/innsamlingsaksjonen\/#organization","name":"Kreftforeningens innsamlingsaksjon","url":"https:\/\/kreftforeningen.no\/innsamlingsaksjonen\/","logo":{"@type":"ImageObject","inLanguage":"nb-NO","@id":"https:\/\/kreftforeningen.no\/innsamlingsaksjonen\/#\/schema\/logo\/image\/","url":"https:\/\/kreftforeningen.no\/content\/uploads\/2023\/11\/Kreftforeningen_logo_med_innsamlingsaksjonen-hor.svg","contentUrl":"https:\/\/kreftforeningen.no\/content\/uploads\/2023\/11\/Kreftforeningen_logo_med_innsamlingsaksjonen-hor.svg","caption":"Kreftforeningens innsamlingsaksjon"},"image":{"@id":"https:\/\/kreftforeningen.no\/innsamlingsaksjonen\/#\/schema\/logo\/image\/"}},{"@type":"Person","@id":"https:\/\/kreftforeningen.no\/innsamlingsaksjonen\/#\/schema\/person\/2ed48d8b92b27fddc544b450591df483","name":"Malene Romestrand","image":{"@type":"ImageObject","inLanguage":"nb-NO","@id":"https:\/\/secure.gravatar.com\/avatar\/b74347a5d209d793d6c69ab9279ce5ba215ee775ce28367df7bab053f5ed8e0f?s=96&d=mm&r=g","url":"https:\/\/secure.gravatar.com\/avatar\/b74347a5d209d793d6c69ab9279ce5ba215ee775ce28367df7bab053f5ed8e0f?s=96&d=mm&r=g","contentUrl":"https:\/\/secure.gravatar.com\/avatar\/b74347a5d209d793d6c69ab9279ce5ba215ee775ce28367df7bab053f5ed8e0f?s=96&d=mm&r=g","caption":"Malene Romestrand"}}]}},"_links":{"self":[{"href":"https:\/\/kreftforeningen.no\/innsamlingsaksjonen\/wp-json\/wp\/v2\/posts\/7311","targetHints":{"allow":["GET"]}}],"collection":[{"href":"https:\/\/kreftforeningen.no\/innsamlingsaksjonen\/wp-json\/wp\/v2\/posts"}],"about":[{"href":"https:\/\/kreftforeningen.no\/innsamlingsaksjonen\/wp-json\/wp\/v2\/types\/post"}],"author":[{"embeddable":true,"href":"https:\/\/kreftforeningen.no\/innsamlingsaksjonen\/wp-json\/wp\/v2\/users\/30"}],"replies":[{"embeddable":true,"href":"https:\/\/kreftforeningen.no\/innsamlingsaksjonen\/wp-json\/wp\/v2\/comments?post=7311"}],"version-history":[{"count":11,"href":"https:\/\/kreftforeningen.no\/innsamlingsaksjonen\/wp-json\/wp\/v2\/posts\/7311\/revisions"}],"predecessor-version":[{"id":9164,"href":"https:\/\/kreftforeningen.no\/innsamlingsaksjonen\/wp-json\/wp\/v2\/posts\/7311\/revisions\/9164"}],"wp:featuredmedia":[{"embeddable":true,"href":"https:\/\/kreftforeningen.no\/innsamlingsaksjonen\/wp-json\/"}],"wp:attachment":[{"href":"https:\/\/kreftforeningen.no\/innsamlingsaksjonen\/wp-json\/wp\/v2\/media?parent=7311"}],"wp:term":[{"taxonomy":"category","embeddable":true,"href":"https:\/\/kreftforeningen.no\/innsamlingsaksjonen\/wp-json\/wp\/v2\/categories?post=7311"},{"taxonomy":"post_tag","embeddable":true,"href":"https:\/\/kreftforeningen.no\/innsamlingsaksjonen\/wp-json\/wp\/v2\/tags?post=7311"}],"curies":[{"name":"wp","href":"https:\/\/api.w.org\/{rel}","templated":true}]}}