{"id":1957,"date":"2021-05-12T14:34:00","date_gmt":"2021-05-12T12:34:00","guid":{"rendered":"https:\/\/kreftforeningen.no\/stafettforlivet\/?p=1957"},"modified":"2024-10-10T11:42:37","modified_gmt":"2024-10-10T09:42:37","slug":"do-they-have-beds-in-heaven","status":"publish","type":"post","link":"https:\/\/kreftforeningen.no\/stafettforlivet\/aktuelt\/do-they-have-beds-in-heaven\/","title":{"rendered":"Do they have beds in heaven?"},"content":{"rendered":"\n<div class=\"wp-block-kf-ingress\"><div class=\"kf-header__ingress\"><p>The question from the five-year-old in the back seat on the way home from the hospital has etched itself into dad Rune\u2019s memory forever.<\/p><\/div><\/div>\n\n\n\n<figure class=\"wp-block-image size-large\"><img decoding=\"async\" src=\"https:\/\/kreftforeningen.no\/content\/uploads\/2022\/09\/Rune2-edited-1024x576.jpg\" alt=\"Barnefoto i rammer.\" class=\"wp-image-111903\"\/><figcaption class=\"wp-element-caption\">Foto: Desiree Photography Stavanger<\/figcaption><\/figure>\n\n\n\n<p>One night in September 2017, Rune Lunde is walking slowly round a running track in Randaberg. It\u2019s a mild night in late summer, with not a breath of wind. The moon has risen, you can hear quiet voices murmuring here and there, and see firebowls and lights twinkling, making the night feel even milder.<\/p>\n\n\n\n<p>A man comes up alongside Rune. He\u2019s also out walking \u2013 maybe for himself, maybe for someone else. They get chatting, lap after lap, forgetting the time and place. The man tells his story, but would also like to hear Rune\u2019s. What load is he carrying? Why is he taking part in the Norwegian Cancer Society\u2019s Relay for Life?<\/p>\n\n\n<div class=\"wp-block-image is-style-rounded\">\n<figure class=\"aligncenter size-full is-resized\"><img decoding=\"async\" src=\"https:\/\/kreftforeningen.no\/content\/uploads\/2021\/04\/sflRandaberg2017-scaled.jpg\" alt=\"en mann som sitter i en stol ved siden av et b\u00e5lsted.\" class=\"wp-image-76626\" style=\"width:270px;height:270px\"\/><\/figure>\n<\/div>\n\n\n<p><strong>It\u2019s 8 May 2001.<\/strong>&nbsp;Liberation Day. Norwegian flags are everywhere. Everyone who is old enough remembers the feeling of relief on that day in 1945, the realisation that life was slowly but surely going to get back to normal, that they would be able to relax and breathe out.<\/p>\n\n\n\n<p>Today there\u2019s a car driving through these memories. With a little four-year-old boy sitting in the back seat. He knows nothing about the war, but he knows that something is ravaging his body.<\/p>\n\n\n\n<p>His name is Vegard, and he is sick. Mum Ellinor and dad Rune have suspected it for quite a while. They\u2019ve been to the doctor so many times, but their questions have never been answered. But now their suspicions have been confirmed. The listlessness, the swollen abdomen, the thin arms and legs now have an explanation: cancer.<\/p>\n\n\n\n<p>The contrast to the joy, peace and freedom in the flags waving outside the car windows is stark.<\/p>\n\n\n\n<h2 class=\"wp-block-heading\" id=\"h-vegard-has-cancer\">Vegard has cancer<\/h2>\n\n\n\n<p>When they went on holiday to a cabin at Easter, Vegard had to lie down more or less the whole time. After endless appointments, Ellinor had to take her son to the doctor once again. That was on 8 May; she was carrying four-year-old Vegard on one hip, and his eight-month-old little sister on the other. After the appointment, Ellinor received a phone call telling her to drive straight to the hospital in Stavanger. She arranged a childminder for the baby and tried to get in touch with Rune, who was at work in Oslo.<\/p>\n\n\n\n<p>In the back seat, Vegard asked why it was everyone\u2019s birthday today.<\/p>\n\n\n\n<p>Things started to move quickly. The following morning, the family was flown to Haukeland.<\/p>\n\n\n\n<p>\u2013 We handed the two girls over to some nurses, Ellinor explains.<\/p>\n\n\n\n<p>\u2013 Vegard went straight onto dialysis. If he hadn\u2019t got that treatment, he would have died, Rune said. <\/p>\n\n\n\n<p>All through that spring and summer, Vegard went through gruelling chemotherapy. At times he got better, only to get worse again. The following summer, he received a bone marrow transplant from his little sister at the Rikshospitalet in Oslo.<\/p>\n\n\n\n<div class=\"wp-block-teft-gallery alignwide gallery-count-4\"><ul><li class=\"blocks-gallery-item\"><figure><a href=\"https:\/\/kreftforeningen.no\/content\/uploads\/2021\/04\/RLfamiliefoto2-scaled.jpg\" data-size=\"2560x2048\"><span class=\"visuallyhidden\">Gallery 1<\/span><span class=\"visuallyhidden\">Image 1<\/span><img decoding=\"async\" src=\"https:\/\/kreftforeningen.no\/content\/uploads\/2021\/04\/RLfamiliefoto2-scaled.jpg\" alt=\"et par barn som ligger i en seng ved siden av hverandre.\" data-id=\"76585\" data-full-url=\"https:\/\/kreftforeningen.no\/content\/uploads\/2021\/04\/RLfamiliefoto2-scaled.jpg\" data-caption=\"\" class=\"wp-image-76585\"\/><\/a><\/figure><\/li><li class=\"blocks-gallery-item\"><figure><a href=\"https:\/\/kreftforeningen.no\/content\/uploads\/2021\/04\/RLfamiliefoto6-scaled.jpg\" data-size=\"2048x2560\"><span class=\"visuallyhidden\">Gallery 1<\/span><span class=\"visuallyhidden\">Image 2<\/span><img decoding=\"async\" src=\"https:\/\/kreftforeningen.no\/content\/uploads\/2021\/04\/RLfamiliefoto6-scaled.jpg\" alt=\"en gutt som holder en r\u00f8d ball og sitter p\u00e5 skuldrene til en mann\" data-id=\"76589\" data-full-url=\"https:\/\/kreftforeningen.no\/content\/uploads\/2021\/04\/RLfamiliefoto6-scaled.jpg\" data-caption=\"\" class=\"wp-image-76589\"\/><\/a><\/figure><\/li><li class=\"blocks-gallery-item\"><figure><a href=\"https:\/\/kreftforeningen.no\/content\/uploads\/2021\/04\/RLfamiliefoto8-scaled.jpg\" data-size=\"2049x2560\"><span class=\"visuallyhidden\">Gallery 1<\/span><span class=\"visuallyhidden\">Image 3<\/span><img decoding=\"async\" src=\"https:\/\/kreftforeningen.no\/content\/uploads\/2021\/04\/RLfamiliefoto8-scaled.jpg\" alt=\"et par barn som st\u00e5r ved siden av hverandre.\" data-id=\"76591\" data-full-url=\"https:\/\/kreftforeningen.no\/content\/uploads\/2021\/04\/RLfamiliefoto8-scaled.jpg\" data-caption=\"\" class=\"wp-image-76591\"\/><\/a><\/figure><\/li><li class=\"blocks-gallery-item\"><figure><a href=\"https:\/\/kreftforeningen.no\/content\/uploads\/2021\/04\/RLfamiliefoto10-scaled.jpg\" data-size=\"2047x2560\"><span class=\"visuallyhidden\">Gallery 1<\/span><span class=\"visuallyhidden\">Image 4<\/span><img decoding=\"async\" src=\"https:\/\/kreftforeningen.no\/content\/uploads\/2021\/04\/RLfamiliefoto10-scaled.jpg\" alt=\"en mann som sitter ved siden av en liten gutt.\" data-id=\"76592\" data-full-url=\"https:\/\/kreftforeningen.no\/content\/uploads\/2021\/04\/RLfamiliefoto10-scaled.jpg\" data-caption=\"\" class=\"wp-image-76592\"\/><\/a><\/figure><\/li><\/ul><\/div>\n\n\n\n<p>Back in Stavanger, Vegard, whose immune system was severely compromised, had to be kept in isolation. He spent most of that time on the trampoline in the garden, building up his strength as he had done many times before. It was pleasant and warm in the garden. People visited. No cancer cells could be detected in Vegard\u2019s body. Would he pull through?<\/p>\n\n\n\n<figure class=\"wp-block-image size-full\"><img decoding=\"async\" src=\"https:\/\/kreftforeningen.no\/content\/uploads\/2021\/04\/RLfamiliefoto4-scaled.jpg\" alt=\"en familie som poserer p\u00e5 en trampoline.\" class=\"wp-image-76587\"\/><\/figure>\n\n\n\n<h2 id=\"heartbreaking-question\" class=\"wp-block-heading\">Heartbreaking question<\/h2>\n\n\n\n<p>Summer turned to autumn. Holidays turned into weekdays, and on one of those weekdays towards the end of November, the hospital phoned. They had discovered new cancer cells in Vegard\u2019s bone marrow.<\/p>\n\n\n\n<p>Once again, the family packed themselves into the car and drove all the way to Haukeland. Yet another full-throttle trip to the hospital filled with uncertainty, insecurity and fear.<\/p>\n\n\n\n<p>When they got to the hospital, a brutal message was awaiting them: \u2013 We\u2019re sorry, but there\u2019s nothing more we can do.<\/p>\n\n\n\n<p>A film script with such a merciless plot would be rejected. It would be too much.&nbsp;But the next chapter in our story would confirm that real life is stranger than fiction.<\/p>\n\n\n\n<p>Ellinor tells us that the hospital told them to drive safely.<\/p>\n\n\n\n<p>So that was what they did. They turned the car round and drove home again. Vegard fired questions at them from the back seat, the way five-year-olds do, and one of them was about the hospital buddy he\u2019d lost a little while ago. Where had he gone?<\/p>\n\n\n\n<p>\u2013 He\u2019s in heaven, Ellinor said.<\/p>\n\n\n\n<p>\u2013 Am I going to die too, Mum? Vegard asked.<\/p>\n\n\n\n<p>\u2013 Yes, Ellinor replied.<\/p>\n\n\n\n<p>And then came the question that became etched in their memory forever.<\/p>\n\n\n\n<p>\u2013 Do they have beds in heaven?<\/p>\n\n\n\n<div class=\"wp-block-teft-gallery alignwide gallery-count-2\"><ul><li class=\"blocks-gallery-item\"><figure><a href=\"https:\/\/kreftforeningen.no\/content\/uploads\/2021\/04\/RLfamiliefoto1-scaled.jpg\" data-size=\"2049x2560\"><span class=\"visuallyhidden\">Gallery 2<\/span><span class=\"visuallyhidden\">Image 1<\/span><img decoding=\"async\" src=\"https:\/\/kreftforeningen.no\/content\/uploads\/2021\/04\/RLfamiliefoto1-scaled.jpg\" alt=\"en ung gutt som ligger i en sykehusseng.\" data-id=\"76584\" data-full-url=\"https:\/\/kreftforeningen.no\/content\/uploads\/2021\/04\/RLfamiliefoto1-scaled.jpg\" data-caption=\"\" class=\"wp-image-76584\"\/><\/a><\/figure><\/li><li class=\"blocks-gallery-item\"><figure><a href=\"https:\/\/kreftforeningen.no\/content\/uploads\/2021\/04\/RLfamiliefoto3-scaled.jpg\" data-size=\"2048x2560\"><span class=\"visuallyhidden\">Gallery 2<\/span><span class=\"visuallyhidden\">Image 2<\/span><img decoding=\"async\" src=\"https:\/\/kreftforeningen.no\/content\/uploads\/2021\/04\/RLfamiliefoto3-scaled.jpg\" alt=\"en ung gutt som sitter p\u00e5 en sykkel i et rom.\" data-id=\"76586\" data-full-url=\"https:\/\/kreftforeningen.no\/content\/uploads\/2021\/04\/RLfamiliefoto3-scaled.jpg\" data-caption=\"\" class=\"wp-image-76586\"\/><\/a><\/figure><\/li><\/ul><\/div>\n\n\n\n<h2 id=\"find-a-way-out\" class=\"wp-block-heading\">Find a way out<\/h2>\n\n\n\n<p>On that September night in 2017, Rune and his companion walked lap after lap of the track in Randaberg. Rune talked about Vegard, how he\u2019d fallen ill, and how they were going to lose him. But Rune had more to tell that night, more laps to do.&nbsp;<\/p>\n\n\n<div class=\"wp-block-image is-style-rounded\">\n<figure class=\"aligncenter size-full is-resized\"><img decoding=\"async\" src=\"https:\/\/kreftforeningen.no\/content\/uploads\/2021\/04\/stafettforlivet2017-1x1-1.jpg\" alt=\"en gruppe mennesker som g\u00e5r nedover en grusvei.\" class=\"wp-image-75995\" style=\"width:237px;height:237px\"\/><\/figure>\n<\/div>\n\n\n<p>It was there and then, when Vegard asked his inconceivably heartbreaking question in the car on the way home to Stavanger in late November 2002. Rune felt desperate, and just wanted to find a way out. Even now, almost 20 years later, you can hear some of the desperation in his voice. <\/p>\n\n\n\n<p>\u2013 I didn\u2019t even tell Ellinor until years later. But back then, if it hadn\u2019t been for our girls, I would have driven off the road. Just like that. There and then, in Stord, I would have driven the car into a cliff or into the fjord, Rune said.<\/p>\n\n\n\n<figure class=\"wp-block-image size-large\"><img decoding=\"async\" src=\"https:\/\/kreftforeningen.no\/content\/uploads\/2021\/04\/Rune3-1024x768.jpg\" alt=\"en mann og en kvinne ser p\u00e5 et bilde.\" class=\"wp-image-75976\"\/><figcaption class=\"wp-element-caption\">Foto: Desiree Photography Stavanger<\/figcaption><\/figure>\n\n\n\n<p>Instead, Rune did what the doctor had told him. He drove safely. His family had no time to lose. Would Vegard make it to Christmas? They didn\u2019t know, so the only sensible thing was to open their Christmas presents straight away.<\/p>\n\n\n\n<p>\u2013 And then we went and watched Harry Potter. I\u2019ve hated Harry Potter ever since, Ellinor said.<\/p>\n\n\n\n<h2 id=\"plenty-of-time-to-cry\" class=\"wp-block-heading\">Plenty of time to cry<\/h2>\n\n\n\n<p>The same day, Rune got in touch with one of the doctors in Eastern Norway who had treated Vegard earlier. Was there anything at all that he could do?<\/p>\n\n\n\n<p>The doctor put together a package of drugs, treatment that would help Vegard live longer. The result was six months at the end of Vegard\u2019s short life that were filled with quality. What did that mean to Rune and Ellinor?<\/p>\n\n\n\n<p>\u2013 It meant so much, Ellinor says.<\/p>\n\n\n\n<p>\u2013 So much, Rune echoes.<\/p>\n\n\n\n<figure class=\"wp-block-image size-full\"><img decoding=\"async\" src=\"https:\/\/kreftforeningen.no\/content\/uploads\/2021\/04\/RLfamiliefoto5-scaled.jpg\" alt=\"en familie som sitter ved siden av hverandre.\" class=\"wp-image-76588\"\/><\/figure>\n\n\n\n<p>All through the winter and into the summer, their boy was really well. During a trip to the cabin one weekend, the big lumps in the lymph nodes in his neck disappeared. On the way home, they stopped to eat pizza, and the boy who had hardly eaten for years, put away more pizza than he ever had before.<\/p>\n\n\n\n<p>The last times became the best times. Vegard looked healthy. He went to kindergarten, he started school.<\/p>\n\n\n\n<p>\u2013 We felt a bit like a normal family. If we weren\u2019t normal inside, at least we looked normal on the outside, Rune said.<\/p>\n\n\n\n<p>&nbsp;\u2013 There\u2019ll be plenty of time to cry, said Rune\u2019s sister, when well-meaning medical staff thought that the family didn\u2019t seem to realise that they were running out of time.<\/p>\n\n\n\n<p>\u2013 We couldn\u2019t waste all that time crying. We had to live life with the kids we had, and that\u2019s what we did, as much as we could, Ellinor explained.<\/p>\n\n\n\n<figure class=\"wp-block-image size-full\"><img decoding=\"async\" src=\"https:\/\/kreftforeningen.no\/content\/uploads\/2021\/04\/RLfamiliefoto11-scaled.jpg\" alt=\"barn med akebrett i sn\u00f8en\" class=\"wp-image-76593\"\/><\/figure>\n\n\n\n<p>And with that outlook, the little family crammed as much as possible into its life, until Vegard once again got worse, and finally died in September 2003.<\/p>\n\n\n\n<h2 id=\"new-purpose\" class=\"wp-block-heading\">New purpose<\/h2>\n\n\n\n<p>They walk together in silence, around the curve and into the straight. Rune continues. He asks his nocturnal companion: \u2013 Are we done?. But they aren\u2019t.<\/p>\n\n\n<div class=\"wp-block-image is-style-rounded\">\n<figure class=\"aligncenter size-full is-resized\"><img decoding=\"async\" src=\"https:\/\/kreftforeningen.no\/content\/uploads\/2021\/04\/stafettforlivet2017-1x1-3.jpg\" alt=\"en gruppe papirposer med skrift p\u00e5\" class=\"wp-image-76004\" style=\"width:252px;height:252px\"\/><\/figure>\n<\/div>\n\n\n<p>In the hospital corridor, Rune is slumped on a chair, feeling completely empty. It\u2019s August 2003, and he is going to lose his son. In the same hospital, a bit further down the same corridor, Rune\u2019s father is on his deathbed.<\/p>\n\n\n\n<p>\u2013 They died within a month of each other, my father one month before Vegard. I was just running from one deathbed to the other, Rune explains.<\/p>\n\n\n\n<p>A film script with such a merciless plot would be rejected. It would be too much. But the next chapter in our story would confirm that real life is stranger than fiction. &nbsp;<\/p>\n\n\n\n<h2 id=\"heads-down-and-just-get-on-with-things\" class=\"wp-block-heading\">Heads down and just get on with things<\/h2>\n\n\n\n<p>In 2007, Rune is out driving again. At the Mosvang campsite, he has to swerve the car into a bus lay-by, jump out and throw up behind a tree. This overwhelming nausea is not his body\u2019s reaction to food poisoning or gastroenteritis, but is because of the chemotherapy he\u2019s just received at Stavanger Hospital. It wasn\u2019t just a blockage or constipation. Rune has cancer.<\/p>\n\n\n\n<p>\u2013 Are you okay? a lady asks.<\/p>\n\n\n\n<p>\u2013 Yes, I\u2019m fine, Rune replies. He drives home and gets into the bath with a J\u00e4germeister.<\/p>\n\n\n\n<p>The next day, he goes to work.<\/p>\n\n\n\n<p>Rune, poor guy, was never really allowed to be ill.&nbsp;It was only when we joined the Relay for Life that he was allowed to have his own disease story.<\/p>\n\n\n\n<p>When Rune was diagnosed with bowel cancer in 2007, there was no denying that he felt both anger and injustice. He had lost his own son. Wasn\u2019t that enough?<\/p>\n\n\n\n<p>\u2013 We\u2019re just not that good at giving up in this family, you know, Rune says.<\/p>\n\n\n\n<figure class=\"wp-block-image size-large\"><img decoding=\"async\" src=\"https:\/\/kreftforeningen.no\/content\/uploads\/2021\/04\/Rune7-1024x768.jpg\" alt=\"et n\u00e6rbilde av en person som har p\u00e5 seg et armb\u00e5ndsur og armb\u00e5nd\" class=\"wp-image-75980\"\/><figcaption class=\"wp-element-caption\">Foto: Desiree Photography Stavanger<\/figcaption><\/figure>\n\n\n\n<p>\u2013 One fine day, some personalised treatment will come along. I just hope that it will be before I\u2019m gone. That\u2019s the straw I\u2019m trying to hold onto, Rune says. <\/p>\n\n\n\n<p>Rune and Ellinor. They\u2019ve always been able to get back on their feet again. He\u2019s had the same approach to his own disease. That it is something they have to fix. In the 14 years between 2007 and now, he can count on one hand the weeks he\u2019s called in sick.<\/p>\n\n\n\n<p>\u2013 I guess you could say that we\u2019re at our best when we put our heads down and just get on with things.<\/p>\n\n\n\n<h2 id=\"didnt-talk-about-the-disease\" class=\"wp-block-heading\">Didn\u2019t talk about the disease<\/h2>\n\n\n\n<p>We have a bit of a laugh at Rune\u2019s macho routine \u2013 his J\u00e4germeister after every chemotherapy session. He wouldn\u2019t let himself be poorly for very long after the sessions. His wife wouldn\u2019t let him, either.<\/p>\n\n\n\n<p>The family was always very open about Vegard\u2019s disease. They were always willing to talk about it, and their door was always open \u2013 even in the days after he died. Anyone who wanted could call in and spend time with him down in the basement. But everything was different when Rune became ill. Ellinor and Rune didn\u2019t want to talk about it and were only open with their friends and closest family. Ellinor dragged her husband out on walks around the area, just to show how well he was. They were doing it mainly for the kids; there were loads of stories about people who had discussed Rune on the bus, the bus that their own kids also took.<\/p>\n\n\n\n<p>\u2013 Rune, poor guy, was never really allowed to be ill. It was only when we joined the Relay for Life that he was allowed to have his own disease story, Ellinor says.<\/p>\n\n\n\n<h2 id=\"out-cycling\" class=\"wp-block-heading\">Out cycling<\/h2>\n\n\n\n<p>It\u2019s early morning, almost four o\u2019clock, and the skies above Randaberg will soon start to grow light. It seems to be doing him good to be walking here and chatting \u2013 albeit with a guy who was a complete stranger just a few hours ago. They do a few more laps.<\/p>\n\n\n<div class=\"wp-block-image is-style-rounded\">\n<figure class=\"aligncenter size-full is-resized\"><img decoding=\"async\" src=\"https:\/\/kreftforeningen.no\/content\/uploads\/2021\/04\/stafettforlivet2017-1x1-4.jpg\" alt=\"en stor gruppe mennesker som st\u00e5r rundt en sirkel med poser.\" class=\"wp-image-76005\" style=\"width:280px;height:280px\"\/><\/figure>\n<\/div>\n\n\n<p>Fast forward to 2012, and the family Lunde had started to relax a little. Five years had passed since the diagnosis, and the doctors could find no cancer in Rune\u2019s body. Everything was looking great.<\/p>\n\n\n\n<p>Seven years earlier, the doctors had operated to correct a congenital problem in both of Rune\u2019s hips. His rehabilitation involved cycling, and he\u2019d done a lot of that in the last few years.<\/p>\n\n\n\n<p>When he felt pain in his groin in 2015, Rune assumed that it was because of the cycling. The doctors thought it was a hernia. They operated, and Rune started cycling again. But the images did not reveal a hernia, but cancer, that had spread to his groin and into his hip bone. Rune underwent radiotherapy. He then had surgery, got back on his feet again, and continued with a new lease of life.<\/p>\n\n\n\n<h2 id=\"relay-for-life\" class=\"wp-block-heading\">Relay for Life<\/h2>\n\n\n\n<p>\u2013 I remember Ellinor picking me up at the airport and telling me about a Relay for Life event they were going to have in Randaberg, and that they were planning a kick-off meeting. We could pop in, I said.<\/p>\n\n\n\n<p>\u2018It\u2019ll just mean something like standing on a roundabout as a marshal,\u2019 Ellinor thinks. Because, you know, it\u2019s a relay race.<\/p>\n\n\n\n<p>The first meeting went down in history. Rune had just had a hip replacement in one of the problem hips, and right there in the middle of the meeting, it popped out of its socket.<\/p>\n\n\n\n<p>\u2013 There are people here from the Norwegian Cancer Society, and people who have come all the way from the States. And there I am, being stretchered out to an ambulance.<\/p>\n\n\n\n<p>Ellinor and Rune both laugh loudly.<\/p>\n\n\n\n<p>But Rune got back on his feet and signed up so that when the Norwegian Cancer Society organised the first Relay for Life in Norway, in Randaberg in September 2017, Rune Lunde was the logistics manager.<\/p>\n\n\n\n<p>The event was pivotal for Rune and Ellinor. It gave them the opportunity they both needed to open up about Rune\u2019s disease.<\/p>\n\n\n\n<blockquote class=\"wp-block-quote is-layout-flow wp-block-quote-is-layout-flow\">\n<p>Whether I have five years, two years, one year, I don\u2019t know.<\/p>\n<\/blockquote>\n\n\n\n<p>\u2013 It\u2019s about meeting like-minded families who are going through the same thing. Meeting someone who is on the same half of the track as you are, who understands what you\u2019ve been through and knows what you\u2019re facing. Before, I would try to hide the fact that I was ill. Relay for Life helped me to be more open about myself and my disease. Relay for Life gave me a purpose. And it gave Ellinor a purpose too, Rune says.&nbsp;<\/p>\n\n\n\n<p>With their friends and relatives, Rune and Ellinor joined up as the Squirtle team, named after Vegard\u2019s favourite Pokemon. Rune walked the first lap with around 50 other so-called fighters \u2013 men and women who either had cancer or had survived the disease.<\/p>\n\n\n\n<p>\u2013 That first lap was nothing short of magical, Rune says.<\/p>\n\n\n\n<figure class=\"wp-block-image size-full\"><img loading=\"lazy\" decoding=\"async\" width=\"1024\" height=\"768\" src=\"https:\/\/kreftforeningen.no\/content\/uploads\/2021\/04\/stafettforlivet2017-2.jpg\" alt=\"en gruppe mennesker som g\u00e5r nedover en gate med musikkinstrumenter.\" class=\"wp-image-76012\" srcset=\"https:\/\/kreftforeningen.no\/content\/uploads\/2021\/04\/stafettforlivet2017-2.jpg 1024w, https:\/\/kreftforeningen.no\/content\/uploads\/2021\/04\/stafettforlivet2017-2-300x225.jpg 300w, https:\/\/kreftforeningen.no\/content\/uploads\/2021\/04\/stafettforlivet2017-2-768x576.jpg 768w, https:\/\/kreftforeningen.no\/content\/uploads\/2021\/04\/stafettforlivet2017-2-800x600.jpg 800w, https:\/\/kreftforeningen.no\/content\/uploads\/2021\/04\/stafettforlivet2017-2-135x101.jpg 135w\" sizes=\"auto, (max-width: 1024px) 100vw, 1024px\" \/><figcaption class=\"wp-element-caption\">Foto: Olaf Grodem<\/figcaption><\/figure>\n\n\n\n<p>The Norwegian Cancer Society\u2019s Relay for Life can neither cure the disease nor take away the grief and pain. But meeting like-minded people can take the pressure off and help people breathe out and find new purpose. Rune Lunde knows that. Photo: Olaf Grodem<\/p>\n\n\n\n<p>When the night was over and the event had finished, Rune was convinced that this was something he would like to help others to share.<\/p>\n\n\n\n<p>\u2013 I was asked to be a leader, but I thought I\u2019d turn that down. Ellinor thought I should accept, so I did, he tells us.<\/p>\n\n\n\n<p>In 2018, the event moved indoors. Ellinor had the dubious pleasure of keeping control of 50 kids in the queue for the bouncy castle. She will never forget when her eyes met those of one little boy. \u2013 Look at me, his eyes were saying. \u2013 Aren\u2019t I good? All the work they had put in, all the hours of missed sleep \u2013 when she saw the pleasure on that little boy\u2019s face, she was in no doubt that it had been worth all the effort.<\/p>\n\n\n\n<p>\u2013 Maybe he had a mum or a dad, a grandmother or a sibling. Maybe this was the really cool thing that this boy got to do that week, that month, that year. I have no idea. But for me, he became a symbol of this as a sanctuary, Ellinor tells us.<\/p>\n\n\n\n<div class=\"wp-block-kf-fact-box\"><h3 class=\"kf-fact-box__title\" id=\"about-the-norwegian-cancer-societys-relay-for-life\">About the Norwegian Cancer Society\u2019s Relay for Life<\/h3><div class=\"kf-fact-box__content\">\n<ul class=\"wp-block-list\">\n<li>Relay for Life is the Norwegian version of the American Relay for Life, which was started by the doctor Gordy Klatt in 1985. It is now the biggest non-profit event in the world.<\/li>\n\n\n\n<li>For 24 hours, teams made up of families, friends, schools, societies, workplaces and others take part in a relay. Behind each team is a story \u2013 a person who the team wants to support or remember.<\/li>\n\n\n\n<li>Fighters, people who have or have had cancer, are the relay\u2019s guests of honour, and are invited to a separate programme in the relay.<\/li>\n\n\n\n<li>The relay symbolises the fact that the disease of cancer never takes a break, but is there day and night, so there should always be someone on the course for the person who is sick.<\/li>\n\n\n\n<li>The event is a relay involving different sized teams, in which the participants do not walk or run against each other, but alongside each other.<\/li>\n<\/ul>\n\n\n\n<p><a href=\"https:\/\/kreftforeningen.no\/stafettforlivet\/\"><strong>Read more on stefettforlivet.no<\/strong><\/a><\/p>\n<\/div><div class=\"kf-fact-box__toggle\"><div class=\"kf-fact-box__button\"><svg xmlns=\"http:\/\/www.w3.org\/2000\/svg\" viewBox=\"0 0 17.367 17.367\" width=\"16\" height=\"16\" aria-hidden=\"true\"><path d=\"M0-8.684v-2.133H13.2L7.16-16.91l1.523-1.523L17.367-9.75,8.684-1.066,7.109-2.59,13.2-8.684Z\" transform=\"translate(0 18.434)\"><\/path><\/svg><\/div><\/div><\/div>\n\n\n\n<h2 id=\"uncertain-times\" class=\"wp-block-heading\">Uncertain times<\/h2>\n\n\n\n<p>Relays are relays \u2013 but life is something else. In 2019, Rune\u2019s cancer had spread to his peritoneum. Hot chemotherapy treatment applied directly in the abdomen meant that all Rune could do was lie on the sofa. For a long time. He lost 10 kilos, and looked like an old man overnight.<\/p>\n\n\n\n<p>\u2013 If you were told you had to do it again, I think you\u2019d look for that same way out as you did on that journey in Stord, Ellinor says, remembering the drive home from the hospital when they had to tell their son he was going to die.<\/p>\n\n\n\n<p>\u2013 You\u2019re right, I was really fed up, Rune says.<\/p>\n\n\n\n<p>In 2020, the cancer had spread to his lungs, first one and then the other, and now, after we finish talking, he\u2019s waiting to find out what will happen next. What the next life-extending treatment will be. It could be more radiation, or perhaps yet more surgery.<\/p>\n\n\n\n<p>Which emotion best describes the situation? Is it anger? Fear? Despair?<\/p>\n\n\n\n<p>\u2013 We sat out here one evening, we had a fire going in the firebowl, I think it was a Friday. We were talking about it then, that I\u2019m hoping to see my grandchildren. That\u2019s the hardest thing to deal with. Whether I have five years, two years, one year, I don\u2019t know, Rune answers. &nbsp;<\/p>\n\n\n\n<p>When the diagnosis was confirmed in 2007, the doctors gave Rune five years.<\/p>\n\n\n\n<p>\u2013 What would have happened if we\u2019d given in to it then?, Ellinor asks. <\/p>\n\n\n\n<p>\u2013 It would have proved them right. But we kept going so that Rune would get the best treatment possible. That has really made a difference. We can\u2019t focus on the end, because the end <em>will<\/em> come.<\/p>\n\n\n\n<h2 id=\"honour-and-prestige\" class=\"wp-block-heading\">Honour and prestige<\/h2>\n\n\n\n<p>One Saturday in March this year, Rune was busy in the kitchen. Their eldest daughter was coming home with her new boyfriend, and they wanted to make a really nice dinner. Ellinor put the best white tablecloths on the table, and there seemed to be no limit on how much food they were preparing. I know we want to make sure there\u2019s plenty, but this is a bit over the top, Rune was thinking.<\/p>\n\n\n\n<p>Then the doorbell rang, and even though he was right in the middle of cooking, the others seemed to think that he should be the one to go and answer the door. Strange.<\/p>\n\n\n\n<p>Standing outside were the Norwegian Cancer Society\u2019s Relay for Life manager Lars, and district manager Camilla. They had also brought a photographer.<\/p>\n\n\n\n<figure class=\"wp-block-image size-large\"><img decoding=\"async\" src=\"https:\/\/kreftforeningen.no\/content\/uploads\/2021\/04\/Rune6-1024x768.jpg\" alt=\"to menn som st\u00e5r ved siden av hverandre og holder en plakett.\" class=\"wp-image-75979\"\/><figcaption class=\"wp-element-caption\">Foto: Desiree Photography Stavanger<\/figcaption><\/figure>\n\n\n\n<p>It turned out that they were on a ceremonial errand, and that everyone had known about it except Rune. Rune had been awarded the Global Recognition Award by the international Relay for Life Foundation, for his extraordinary efforts for the Norwegian Cancer Society\u2019s Relay for Life. For his accommodating attitude, positivity, get-on-with-it spirit and ability to get things done. For all the days and weeks of voluntary work he\u2019d put in, despite his own disease.<\/p>\n\n\n\n<p>\u2013 I just broke down when they turned up with that award. It means such a lot to me, Rune says.<\/p>\n\n\n\n<p>It may have meant just as much to Rune that both his girls put everything to one side and were never in two minds about whether or not to come home and make a fuss of their father that weekend.<\/p>\n\n\n\n<figure class=\"wp-block-image size-large\"><img decoding=\"async\" src=\"https:\/\/kreftforeningen.no\/content\/uploads\/2021\/04\/Rune4-1024x768.jpg\" alt=\"En familie med flagg og diplom i handa\" class=\"wp-image-75977\"\/><figcaption class=\"wp-element-caption\">Foto: Desiree Photography Stavanger<\/figcaption><\/figure>\n\n\n\n<h2 id=\"there-is-a-future\" class=\"wp-block-heading\">There is a future<\/h2>\n\n\n\n<p>Uncertain about what the future might bring with his disease, Rune and Ellinor have stepped aside. Younger reinforcements have taken over the relay baton, but the couple enjoy acting as \u2018senior consultants\u2019 if any questions arise. They are both happy that Relay for Life is in safe hands and will carry on with even greater ambition. Rune\u2019s own ambitions are to live a good life for as long as he can. And in the hope that new developments in treatment will catch up with the progression of his own disease.<\/p>\n\n\n\n<p>\u2013 Cancer is an incredibly important issue. Imagine, one wonderful day, that even though you know you have cancer, that there are medicines that can cure you. That\u2019s something to aim for. I hope it will happen.<\/p>\n\n\n\n<figure class=\"wp-block-image size-large\"><img decoding=\"async\" src=\"https:\/\/kreftforeningen.no\/content\/uploads\/2021\/04\/Rune1-1024x768.jpg\" alt=\"en mann holder en blomsterbukett og en kvinne holder en b\u00e6rbar datamaskin.\" class=\"wp-image-75974\"\/><figcaption class=\"wp-element-caption\">Foto: Desiree Photography, Stavanger<\/figcaption><\/figure>\n\n\n\n<p>\u2013 That\u2019s what I feel that the Norwegian Cancer Society is saying to me right now. That there will be a day when no one ever dies of cancer again. Such visions and goals are important to hold onto, even if this won\u2019t happen overnight, or the night after that, Ellinor says.<\/p>\n\n\n\n<p>On the running track in Randaberg, the nocturnal companions thank each other for the walk and conversation. They think that it\u2019s wonderful that the Norwegian Cancer Society has organised the Relay for Life. That there\u2019s always someone on the track for the people who are gone, for the people who are fighting, for the people who will survive. They all have a burden to carry, but just now, it\u2019s a little bit lighter.<\/p>\n\n\n\n<p>And now day is breaking in Randaberg.<\/p>\n\n\n\n<div class=\"wp-block-columns is-layout-flex wp-container-core-columns-is-layout-9d6595d7 wp-block-columns-is-layout-flex\">\n<div class=\"wp-block-column in-chapters is-layout-flow wp-block-column in-chapters-is-layout-flow\">\n<figure class=\"wp-block-image size-full is-style-rounded\"><img decoding=\"async\" src=\"https:\/\/kreftforeningen.no\/content\/uploads\/2021\/04\/Rune1x1.jpg\" alt=\"en skallet mann med briller og jakke.\" class=\"wp-image-75982\"\/><figcaption class=\"wp-element-caption\">Foto: Desiree Photography Stavanger<\/figcaption><\/figure>\n<\/div>\n\n\n\n<div class=\"wp-block-column in-chapters is-layout-flow wp-block-column in-chapters-is-layout-flow\">\n<blockquote class=\"wp-block-quote is-layout-flow wp-block-quote-is-layout-flow\">\n<p>We\u2019re sharing our story because we want to help raise awareness about cancer issues and attract more members and more funds.<\/p>\n<cite>Rune<\/cite><\/blockquote>\n<\/div>\n<\/div>\n\n\n\n<p>Photo: Desiree Photography Stavanger, Olaf Grodem and private photos.<\/p>\n","protected":false},"excerpt":{"rendered":"<p>One night in September 2017, Rune Lunde is walking slowly round a running track in Randaberg. It\u2019s a mild night in late summer, with not a breath of wind. The moon has risen, you can hear quiet voices murmuring here and there, and see firebowls and lights twinkling, making the night feel even milder. A [&hellip;]<\/p>\n","protected":false},"author":100,"featured_media":0,"comment_status":"closed","ping_status":"closed","sticky":false,"template":"","format":"standard","meta":{"_relevanssi_hide_post":"","_relevanssi_hide_content":"","_relevanssi_pin_for_all":"","_relevanssi_pin_keywords":"","_relevanssi_unpin_keywords":"","_relevanssi_related_keywords":"","_relevanssi_related_include_ids":"","_relevanssi_related_exclude_ids":"","_relevanssi_related_no_append":"","_relevanssi_related_not_related":"","_relevanssi_related_posts":"1770,1766,1723,1911,1829,1710","_relevanssi_noindex_reason":"","kf_show_post_date":true,"kf_show_updated_date":false,"kf_show_print_page":false,"kf_show_chapters":false,"kf_show_chapters_expanded":false,"kf_show_post_outdated":true,"kf_toggle_title":false,"kf_is_template":false,"kf_post_authors":["\u00d8yvind Rolland"],"teft_cards_label":"","teft_cards_image_id":75977,"teft_cards_image_focal_point_x":0.5,"teft_cards_image_focal_point_y":0.5,"teft_cards_title":"","teft_cards_excerpt":"","footnotes":""},"categories":[4],"tags":[],"class_list":["post-1957","post","type-post","status-publish","format-standard","hentry","category-nyheter"],"yoast_head":"<!-- This site is optimized with the Yoast SEO Premium plugin v27.3 (Yoast SEO v27.4) - https:\/\/yoast.com\/product\/yoast-seo-premium-wordpress\/ -->\n<title>Do they have beds in heaven? - Kreftforeningens Stafett for livet<\/title>\n<meta name=\"description\" content=\"The question from the five-year-old in the back seat on the way home from the hospital has etched itself into dad Rune\u2019s memory forever.\" \/>\n<meta name=\"robots\" content=\"index, follow, max-snippet:-1, max-image-preview:large, max-video-preview:-1\" \/>\n<link rel=\"canonical\" href=\"https:\/\/kreftforeningen.no\/stafettforlivet\/aktuelt\/do-they-have-beds-in-heaven\/\" \/>\n<meta property=\"og:locale\" content=\"nb_NO\" \/>\n<meta property=\"og:type\" content=\"article\" \/>\n<meta property=\"og:title\" content=\"Do they have beds in heaven?\" \/>\n<meta property=\"og:description\" content=\"The question from the five-year-old in the back seat on the way home from the hospital has etched itself into dad Rune\u2019s memory forever.\" \/>\n<meta property=\"og:url\" content=\"https:\/\/kreftforeningen.no\/stafettforlivet\/aktuelt\/do-they-have-beds-in-heaven\/\" \/>\n<meta property=\"og:site_name\" content=\"Kreftforeningens Stafett for livet\" \/>\n<meta property=\"article:published_time\" content=\"2021-05-12T12:34:00+00:00\" \/>\n<meta property=\"article:modified_time\" content=\"2024-10-10T09:42:37+00:00\" \/>\n<meta property=\"og:image\" content=\"https:\/\/kreftforeningen.no\/content\/uploads\/2022\/09\/Rune2-edited-1024x576.jpg\" \/>\n<meta name=\"author\" content=\"Malin Sveinsdotter Landr\u00f8 Lystad\" \/>\n<meta name=\"twitter:card\" content=\"summary_large_image\" \/>\n<meta name=\"twitter:label1\" content=\"Skrevet av\" \/>\n\t<meta name=\"twitter:data1\" content=\"Malin Sveinsdotter Landr\u00f8 Lystad\" \/>\n\t<meta name=\"twitter:label2\" content=\"Ansl. lesetid\" \/>\n\t<meta name=\"twitter:data2\" content=\"24 minutter\" \/>\n<script type=\"application\/ld+json\" class=\"yoast-schema-graph\">{\"@context\":\"https:\\\/\\\/schema.org\",\"@graph\":[{\"@type\":\"Article\",\"@id\":\"https:\\\/\\\/kreftforeningen.no\\\/stafettforlivet\\\/aktuelt\\\/do-they-have-beds-in-heaven\\\/#article\",\"isPartOf\":{\"@id\":\"https:\\\/\\\/kreftforeningen.no\\\/stafettforlivet\\\/aktuelt\\\/do-they-have-beds-in-heaven\\\/\"},\"author\":{\"name\":\"Malin Sveinsdotter Landr\u00f8 Lystad\",\"@id\":\"https:\\\/\\\/kreftforeningen.no\\\/stafettforlivet\\\/#\\\/schema\\\/person\\\/a994beeb4035896f0185979728b6759b\"},\"headline\":\"Do they have beds in heaven?\",\"datePublished\":\"2021-05-12T12:34:00+00:00\",\"dateModified\":\"2024-10-10T09:42:37+00:00\",\"mainEntityOfPage\":{\"@id\":\"https:\\\/\\\/kreftforeningen.no\\\/stafettforlivet\\\/aktuelt\\\/do-they-have-beds-in-heaven\\\/\"},\"wordCount\":3713,\"publisher\":{\"@id\":\"https:\\\/\\\/kreftforeningen.no\\\/stafettforlivet\\\/#organization\"},\"image\":{\"@id\":\"https:\\\/\\\/kreftforeningen.no\\\/stafettforlivet\\\/aktuelt\\\/do-they-have-beds-in-heaven\\\/#primaryimage\"},\"thumbnailUrl\":\"https:\\\/\\\/kreftforeningen.no\\\/content\\\/uploads\\\/2022\\\/09\\\/Rune2-edited-1024x576.jpg\",\"articleSection\":[\"Nyheter\"],\"inLanguage\":\"nb-NO\"},{\"@type\":\"WebPage\",\"@id\":\"https:\\\/\\\/kreftforeningen.no\\\/stafettforlivet\\\/aktuelt\\\/do-they-have-beds-in-heaven\\\/\",\"url\":\"https:\\\/\\\/kreftforeningen.no\\\/stafettforlivet\\\/aktuelt\\\/do-they-have-beds-in-heaven\\\/\",\"name\":\"Do they have beds in heaven? - Kreftforeningens Stafett for livet\",\"isPartOf\":{\"@id\":\"https:\\\/\\\/kreftforeningen.no\\\/stafettforlivet\\\/#website\"},\"primaryImageOfPage\":{\"@id\":\"https:\\\/\\\/kreftforeningen.no\\\/stafettforlivet\\\/aktuelt\\\/do-they-have-beds-in-heaven\\\/#primaryimage\"},\"image\":{\"@id\":\"https:\\\/\\\/kreftforeningen.no\\\/stafettforlivet\\\/aktuelt\\\/do-they-have-beds-in-heaven\\\/#primaryimage\"},\"thumbnailUrl\":\"https:\\\/\\\/kreftforeningen.no\\\/content\\\/uploads\\\/2022\\\/09\\\/Rune2-edited-1024x576.jpg\",\"datePublished\":\"2021-05-12T12:34:00+00:00\",\"dateModified\":\"2024-10-10T09:42:37+00:00\",\"description\":\"The question from the five-year-old in the back seat on the way home from the hospital has etched itself into dad Rune\u2019s memory forever.\",\"breadcrumb\":{\"@id\":\"https:\\\/\\\/kreftforeningen.no\\\/stafettforlivet\\\/aktuelt\\\/do-they-have-beds-in-heaven\\\/#breadcrumb\"},\"inLanguage\":\"nb-NO\",\"potentialAction\":[{\"@type\":\"ReadAction\",\"target\":[\"https:\\\/\\\/kreftforeningen.no\\\/stafettforlivet\\\/aktuelt\\\/do-they-have-beds-in-heaven\\\/\"]}]},{\"@type\":\"ImageObject\",\"inLanguage\":\"nb-NO\",\"@id\":\"https:\\\/\\\/kreftforeningen.no\\\/stafettforlivet\\\/aktuelt\\\/do-they-have-beds-in-heaven\\\/#primaryimage\",\"url\":\"https:\\\/\\\/kreftforeningen.no\\\/content\\\/uploads\\\/2022\\\/09\\\/Rune2-edited-1024x576.jpg\",\"contentUrl\":\"https:\\\/\\\/kreftforeningen.no\\\/content\\\/uploads\\\/2022\\\/09\\\/Rune2-edited-1024x576.jpg\"},{\"@type\":\"BreadcrumbList\",\"@id\":\"https:\\\/\\\/kreftforeningen.no\\\/stafettforlivet\\\/aktuelt\\\/do-they-have-beds-in-heaven\\\/#breadcrumb\",\"itemListElement\":[{\"@type\":\"ListItem\",\"position\":1,\"name\":\"Forside\",\"item\":\"https:\\\/\\\/kreftforeningen.no\\\/stafettforlivet\\\/\"},{\"@type\":\"ListItem\",\"position\":2,\"name\":\"Do they have beds in heaven?\"}]},{\"@type\":\"WebSite\",\"@id\":\"https:\\\/\\\/kreftforeningen.no\\\/stafettforlivet\\\/#website\",\"url\":\"https:\\\/\\\/kreftforeningen.no\\\/stafettforlivet\\\/\",\"name\":\"Kreftforeningens Stafett for livet\",\"description\":\"\",\"publisher\":{\"@id\":\"https:\\\/\\\/kreftforeningen.no\\\/stafettforlivet\\\/#organization\"},\"potentialAction\":[{\"@type\":\"SearchAction\",\"target\":{\"@type\":\"EntryPoint\",\"urlTemplate\":\"https:\\\/\\\/kreftforeningen.no\\\/stafettforlivet\\\/?s={search_term_string}\"},\"query-input\":{\"@type\":\"PropertyValueSpecification\",\"valueRequired\":true,\"valueName\":\"search_term_string\"}}],\"inLanguage\":\"nb-NO\"},{\"@type\":\"Organization\",\"@id\":\"https:\\\/\\\/kreftforeningen.no\\\/stafettforlivet\\\/#organization\",\"name\":\"Kreftforeningens Stafett for livet\",\"url\":\"https:\\\/\\\/kreftforeningen.no\\\/stafettforlivet\\\/\",\"logo\":{\"@type\":\"ImageObject\",\"inLanguage\":\"nb-NO\",\"@id\":\"https:\\\/\\\/kreftforeningen.no\\\/stafettforlivet\\\/#\\\/schema\\\/logo\\\/image\\\/\",\"url\":\"https:\\\/\\\/kreftforeningen.no\\\/content\\\/uploads\\\/2020\\\/05\\\/cropped-LogoStafettForLivet130-1.png\",\"contentUrl\":\"https:\\\/\\\/kreftforeningen.no\\\/content\\\/uploads\\\/2020\\\/05\\\/cropped-LogoStafettForLivet130-1.png\",\"caption\":\"Kreftforeningens Stafett for livet\"},\"image\":{\"@id\":\"https:\\\/\\\/kreftforeningen.no\\\/stafettforlivet\\\/#\\\/schema\\\/logo\\\/image\\\/\"}},{\"@type\":\"Person\",\"@id\":\"https:\\\/\\\/kreftforeningen.no\\\/stafettforlivet\\\/#\\\/schema\\\/person\\\/a994beeb4035896f0185979728b6759b\",\"name\":\"Malin Sveinsdotter Landr\u00f8 Lystad\",\"image\":{\"@type\":\"ImageObject\",\"inLanguage\":\"nb-NO\",\"@id\":\"https:\\\/\\\/secure.gravatar.com\\\/avatar\\\/ebcf0dce6e389e61cdc86a5526f2160254e22addbc68c01fdc829c80ca37bc37?s=96&d=mm&r=g\",\"url\":\"https:\\\/\\\/secure.gravatar.com\\\/avatar\\\/ebcf0dce6e389e61cdc86a5526f2160254e22addbc68c01fdc829c80ca37bc37?s=96&d=mm&r=g\",\"contentUrl\":\"https:\\\/\\\/secure.gravatar.com\\\/avatar\\\/ebcf0dce6e389e61cdc86a5526f2160254e22addbc68c01fdc829c80ca37bc37?s=96&d=mm&r=g\",\"caption\":\"Malin Sveinsdotter Landr\u00f8 Lystad\"}}]}<\/script>\n<!-- \/ Yoast SEO Premium plugin. -->","yoast_head_json":{"title":"Do they have beds in heaven? - Kreftforeningens Stafett for livet","description":"The question from the five-year-old in the back seat on the way home from the hospital has etched itself into dad Rune\u2019s memory forever.","robots":{"index":"index","follow":"follow","max-snippet":"max-snippet:-1","max-image-preview":"max-image-preview:large","max-video-preview":"max-video-preview:-1"},"canonical":"https:\/\/kreftforeningen.no\/stafettforlivet\/aktuelt\/do-they-have-beds-in-heaven\/","og_locale":"nb_NO","og_type":"article","og_title":"Do they have beds in heaven?","og_description":"The question from the five-year-old in the back seat on the way home from the hospital has etched itself into dad Rune\u2019s memory forever.","og_url":"https:\/\/kreftforeningen.no\/stafettforlivet\/aktuelt\/do-they-have-beds-in-heaven\/","og_site_name":"Kreftforeningens Stafett for livet","article_published_time":"2021-05-12T12:34:00+00:00","article_modified_time":"2024-10-10T09:42:37+00:00","og_image":[{"url":"https:\/\/kreftforeningen.no\/content\/uploads\/2022\/09\/Rune2-edited-1024x576.jpg","type":"","width":"","height":""}],"author":"Malin Sveinsdotter Landr\u00f8 Lystad","twitter_card":"summary_large_image","twitter_misc":{"Skrevet av":"Malin Sveinsdotter Landr\u00f8 Lystad","Ansl. lesetid":"24 minutter"},"schema":{"@context":"https:\/\/schema.org","@graph":[{"@type":"Article","@id":"https:\/\/kreftforeningen.no\/stafettforlivet\/aktuelt\/do-they-have-beds-in-heaven\/#article","isPartOf":{"@id":"https:\/\/kreftforeningen.no\/stafettforlivet\/aktuelt\/do-they-have-beds-in-heaven\/"},"author":{"name":"Malin Sveinsdotter Landr\u00f8 Lystad","@id":"https:\/\/kreftforeningen.no\/stafettforlivet\/#\/schema\/person\/a994beeb4035896f0185979728b6759b"},"headline":"Do they have beds in heaven?","datePublished":"2021-05-12T12:34:00+00:00","dateModified":"2024-10-10T09:42:37+00:00","mainEntityOfPage":{"@id":"https:\/\/kreftforeningen.no\/stafettforlivet\/aktuelt\/do-they-have-beds-in-heaven\/"},"wordCount":3713,"publisher":{"@id":"https:\/\/kreftforeningen.no\/stafettforlivet\/#organization"},"image":{"@id":"https:\/\/kreftforeningen.no\/stafettforlivet\/aktuelt\/do-they-have-beds-in-heaven\/#primaryimage"},"thumbnailUrl":"https:\/\/kreftforeningen.no\/content\/uploads\/2022\/09\/Rune2-edited-1024x576.jpg","articleSection":["Nyheter"],"inLanguage":"nb-NO"},{"@type":"WebPage","@id":"https:\/\/kreftforeningen.no\/stafettforlivet\/aktuelt\/do-they-have-beds-in-heaven\/","url":"https:\/\/kreftforeningen.no\/stafettforlivet\/aktuelt\/do-they-have-beds-in-heaven\/","name":"Do they have beds in heaven? - Kreftforeningens Stafett for livet","isPartOf":{"@id":"https:\/\/kreftforeningen.no\/stafettforlivet\/#website"},"primaryImageOfPage":{"@id":"https:\/\/kreftforeningen.no\/stafettforlivet\/aktuelt\/do-they-have-beds-in-heaven\/#primaryimage"},"image":{"@id":"https:\/\/kreftforeningen.no\/stafettforlivet\/aktuelt\/do-they-have-beds-in-heaven\/#primaryimage"},"thumbnailUrl":"https:\/\/kreftforeningen.no\/content\/uploads\/2022\/09\/Rune2-edited-1024x576.jpg","datePublished":"2021-05-12T12:34:00+00:00","dateModified":"2024-10-10T09:42:37+00:00","description":"The question from the five-year-old in the back seat on the way home from the hospital has etched itself into dad Rune\u2019s memory forever.","breadcrumb":{"@id":"https:\/\/kreftforeningen.no\/stafettforlivet\/aktuelt\/do-they-have-beds-in-heaven\/#breadcrumb"},"inLanguage":"nb-NO","potentialAction":[{"@type":"ReadAction","target":["https:\/\/kreftforeningen.no\/stafettforlivet\/aktuelt\/do-they-have-beds-in-heaven\/"]}]},{"@type":"ImageObject","inLanguage":"nb-NO","@id":"https:\/\/kreftforeningen.no\/stafettforlivet\/aktuelt\/do-they-have-beds-in-heaven\/#primaryimage","url":"https:\/\/kreftforeningen.no\/content\/uploads\/2022\/09\/Rune2-edited-1024x576.jpg","contentUrl":"https:\/\/kreftforeningen.no\/content\/uploads\/2022\/09\/Rune2-edited-1024x576.jpg"},{"@type":"BreadcrumbList","@id":"https:\/\/kreftforeningen.no\/stafettforlivet\/aktuelt\/do-they-have-beds-in-heaven\/#breadcrumb","itemListElement":[{"@type":"ListItem","position":1,"name":"Forside","item":"https:\/\/kreftforeningen.no\/stafettforlivet\/"},{"@type":"ListItem","position":2,"name":"Do they have beds in heaven?"}]},{"@type":"WebSite","@id":"https:\/\/kreftforeningen.no\/stafettforlivet\/#website","url":"https:\/\/kreftforeningen.no\/stafettforlivet\/","name":"Kreftforeningens Stafett for livet","description":"","publisher":{"@id":"https:\/\/kreftforeningen.no\/stafettforlivet\/#organization"},"potentialAction":[{"@type":"SearchAction","target":{"@type":"EntryPoint","urlTemplate":"https:\/\/kreftforeningen.no\/stafettforlivet\/?s={search_term_string}"},"query-input":{"@type":"PropertyValueSpecification","valueRequired":true,"valueName":"search_term_string"}}],"inLanguage":"nb-NO"},{"@type":"Organization","@id":"https:\/\/kreftforeningen.no\/stafettforlivet\/#organization","name":"Kreftforeningens Stafett for livet","url":"https:\/\/kreftforeningen.no\/stafettforlivet\/","logo":{"@type":"ImageObject","inLanguage":"nb-NO","@id":"https:\/\/kreftforeningen.no\/stafettforlivet\/#\/schema\/logo\/image\/","url":"https:\/\/kreftforeningen.no\/content\/uploads\/2020\/05\/cropped-LogoStafettForLivet130-1.png","contentUrl":"https:\/\/kreftforeningen.no\/content\/uploads\/2020\/05\/cropped-LogoStafettForLivet130-1.png","caption":"Kreftforeningens Stafett for livet"},"image":{"@id":"https:\/\/kreftforeningen.no\/stafettforlivet\/#\/schema\/logo\/image\/"}},{"@type":"Person","@id":"https:\/\/kreftforeningen.no\/stafettforlivet\/#\/schema\/person\/a994beeb4035896f0185979728b6759b","name":"Malin Sveinsdotter Landr\u00f8 Lystad","image":{"@type":"ImageObject","inLanguage":"nb-NO","@id":"https:\/\/secure.gravatar.com\/avatar\/ebcf0dce6e389e61cdc86a5526f2160254e22addbc68c01fdc829c80ca37bc37?s=96&d=mm&r=g","url":"https:\/\/secure.gravatar.com\/avatar\/ebcf0dce6e389e61cdc86a5526f2160254e22addbc68c01fdc829c80ca37bc37?s=96&d=mm&r=g","contentUrl":"https:\/\/secure.gravatar.com\/avatar\/ebcf0dce6e389e61cdc86a5526f2160254e22addbc68c01fdc829c80ca37bc37?s=96&d=mm&r=g","caption":"Malin Sveinsdotter Landr\u00f8 Lystad"}}]}},"_links":{"self":[{"href":"https:\/\/kreftforeningen.no\/stafettforlivet\/wp-json\/wp\/v2\/posts\/1957","targetHints":{"allow":["GET"]}}],"collection":[{"href":"https:\/\/kreftforeningen.no\/stafettforlivet\/wp-json\/wp\/v2\/posts"}],"about":[{"href":"https:\/\/kreftforeningen.no\/stafettforlivet\/wp-json\/wp\/v2\/types\/post"}],"author":[{"embeddable":true,"href":"https:\/\/kreftforeningen.no\/stafettforlivet\/wp-json\/wp\/v2\/users\/100"}],"replies":[{"embeddable":true,"href":"https:\/\/kreftforeningen.no\/stafettforlivet\/wp-json\/wp\/v2\/comments?post=1957"}],"version-history":[{"count":11,"href":"https:\/\/kreftforeningen.no\/stafettforlivet\/wp-json\/wp\/v2\/posts\/1957\/revisions"}],"predecessor-version":[{"id":2106,"href":"https:\/\/kreftforeningen.no\/stafettforlivet\/wp-json\/wp\/v2\/posts\/1957\/revisions\/2106"}],"wp:attachment":[{"href":"https:\/\/kreftforeningen.no\/stafettforlivet\/wp-json\/wp\/v2\/media?parent=1957"}],"wp:term":[{"taxonomy":"category","embeddable":true,"href":"https:\/\/kreftforeningen.no\/stafettforlivet\/wp-json\/wp\/v2\/categories?post=1957"},{"taxonomy":"post_tag","embeddable":true,"href":"https:\/\/kreftforeningen.no\/stafettforlivet\/wp-json\/wp\/v2\/tags?post=1957"}],"curies":[{"name":"wp","href":"https:\/\/api.w.org\/{rel}","templated":true}]}}