{"id":2574,"date":"2025-08-18T10:49:56","date_gmt":"2025-08-18T08:49:56","guid":{"rendered":"https:\/\/kreftforeningen.no\/stafettforlivet\/?p=2574"},"modified":"2025-09-24T14:09:23","modified_gmt":"2025-09-24T12:09:23","slug":"ivar-76-moter-bare-velvilje-i-jobben-som-frivillig","status":"publish","type":"post","link":"https:\/\/kreftforeningen.no\/stafettforlivet\/aktuelt\/ivar-76-moter-bare-velvilje-i-jobben-som-frivillig\/","title":{"rendered":"Ivar (76) m\u00f8ter bare velvilje i jobben som frivillig"},"content":{"rendered":"\n<figure class=\"wp-block-image size-large\"><img loading=\"lazy\" decoding=\"async\" width=\"1024\" height=\"576\" src=\"https:\/\/kreftforeningen.no\/content\/uploads\/2025\/08\/Ivar.01-1024x576.jpeg\" alt=\"En mann g\u00e5r tur med en liten hund under inngangsbuen til Harstad Bike Park, med gr\u00f8nne \u00e5ser og sykkelramper i bakgrunnen.\" class=\"wp-image-200351\" srcset=\"https:\/\/kreftforeningen.no\/content\/uploads\/2025\/08\/Ivar.01-1024x576.jpeg 1024w, https:\/\/kreftforeningen.no\/content\/uploads\/2025\/08\/Ivar.01-300x169.jpeg 300w, https:\/\/kreftforeningen.no\/content\/uploads\/2025\/08\/Ivar.01-768x432.jpeg 768w, https:\/\/kreftforeningen.no\/content\/uploads\/2025\/08\/Ivar.01-1536x864.jpeg 1536w, https:\/\/kreftforeningen.no\/content\/uploads\/2025\/08\/Ivar.01-2048x1152.jpeg 2048w, https:\/\/kreftforeningen.no\/content\/uploads\/2025\/08\/Ivar.01-135x76.jpeg 135w\" sizes=\"auto, (max-width: 1024px) 100vw, 1024px\" \/><\/figure>\n\n\n\n<div class=\"wp-block-kf-ingress\"><div class=\"kf-header__ingress\"><p>Moren til Ivar d\u00f8de av kreft da han var 11 \u00e5r. I fjor d\u00f8de broren. N\u00e5 er han en ivrig frivillig for Kreftforeningens Stafett for livet i Harstad.<\/p><\/div><\/div>\n\n\n\n<p>Ivar R\u00e5stad (76) har jobbet i n\u00e6ringslivet hele yrkeslivet. N\u00e5 bruker han alle sine kontakter til \u00e5 skaffe sponsorer til Kreftforeningens Stafett for livet i Harstad.<\/p>\n\n\n\n<p>Stafett for livet ble f\u00f8rste gang arrangert i Harstad i 2018, og Ivar har v\u00e6rt med siden 2019.<\/p>\n\n\n\n<h2 class=\"wp-block-heading\" id=\"h-stafett-for-livet\">Stafett for livet<\/h2>\n\n\n\n<p>Stafett for livet er en hylles til alle som er rammet av kreft. Dette er ingen konkurranse. Her stiller familie, venner, foreninger, arbeidsplasser og andre opp med lag for \u00e5 st\u00f8tte eller minnes noen de bryr seg om.<\/p>\n\n\n\n<p>Sammen skal deltakerne g\u00e5 eller l\u00f8pe i et helt d\u00f8gn for \u00e5 vise at det alltid b\u00f8r v\u00e6re noen p\u00e5 banen for den som er syk.<\/p>\n\n\n\n<p>Poenget er \u00e5 vise at det alltid b\u00f8r v\u00e6re noen p\u00e5 banen for den som er syk. (mer om Stafett for livet lenger ned i artikkelen)<\/p>\n\n\n\n<h2 class=\"wp-block-heading\" id=\"h-positiv-til-a-hjelpe\">Positiv til \u00e5 hjelpe<\/h2>\n\n\n\n<p>En gammel kollega spurte Ivar om han kunne bidra, og han syntes saken var s\u00e5 viktig at han sa umiddelbart ja.<\/p>\n\n\n\n<p>&#8211; Jeg har selvsagt sympati for kreftsaken og Kreftforeningen. Det er&nbsp;meningsfullt&nbsp;\u00e5 jobbe med denne saken og det er positivt \u00e5 hjelpe til, sier Ivar selv.<\/p>\n\n\n\n<p>Ivar har jobbet i n\u00e6ringslivet i Harstad og Nord-Norge i 50 \u00e5r. Han kjenner dermed mange innen n\u00e6ringsliv og mange bedriftsledere i hele landsdelen.<\/p>\n\n\n\n<p>&#8211; Jeg har jobbet med sponsorer til Stafett for livet siden 2019, og det har v\u00e6rt veldig gledelig og positivt. Det er mange flotte Harstad-bedrifter som stiller opp enten med penger eller tjenester, forteller han.<\/p>\n\n\n\n<figure class=\"wp-block-image size-large\"><img loading=\"lazy\" decoding=\"async\" width=\"1024\" height=\"561\" src=\"https:\/\/kreftforeningen.no\/content\/uploads\/2022\/10\/Harstad-lysseremoni-1024x561.jpg\" alt=\"en gruppe mennesker som st\u00e5r rundt en sirkel med lys.\" class=\"wp-image-115198\" srcset=\"https:\/\/kreftforeningen.no\/content\/uploads\/2022\/10\/Harstad-lysseremoni-1024x561.jpg 1024w, https:\/\/kreftforeningen.no\/content\/uploads\/2022\/10\/Harstad-lysseremoni-300x164.jpg 300w, https:\/\/kreftforeningen.no\/content\/uploads\/2022\/10\/Harstad-lysseremoni-768x421.jpg 768w, https:\/\/kreftforeningen.no\/content\/uploads\/2022\/10\/Harstad-lysseremoni-135x74.jpg 135w, https:\/\/kreftforeningen.no\/content\/uploads\/2022\/10\/Harstad-lysseremoni.jpg 1125w\" sizes=\"auto, (max-width: 1024px) 100vw, 1024px\" \/><\/figure>\n\n\n\n<p>&#8211; Jeg har m\u00f8tt mye velvilje. Absolutt. I \u00e5r er det 28 sponsorer som bidrar med penger, og&nbsp;8-10&nbsp;som bidrar med tjenester og varer. Totale ytelser fra sponsorer og st\u00f8ttespillere har en verdi p\u00e5&nbsp;mellom&nbsp;400.000&nbsp;og 500 000&nbsp;kroner, r\u00f8per han. Etter at alle kostnader er dekt, regner Ivar med et solid overskudd som g\u00e5r til Kreftforeningen viktige arbeid generelt.<\/p>\n\n\n\n<p>For Ivar er denne tiden p\u00e5 \u00e5ret sv\u00e6rt travel, siden stafetten 30. og 31. august n\u00e6rmer seg med stormskritt.<\/p>\n\n\n\n<p>Samtidig synes han det er sv\u00e6rt givende \u00e5 jobbe som frivillig.<\/p>\n\n\n\n<p>&#8211; Jeg treffer igjen folk og f\u00e5r nye bekjentskaper, og jobber for en viktig felles sak.<\/p>\n\n\n\n<p>I er han ogs\u00e5 nestleder i tillegg til \u00e5 jobbe&nbsp;med sponsorer sammen med en kollega.<\/p>\n\n\n\n<h2 class=\"wp-block-heading\" id=\"h-tre-med-kreft-i-familien\">Tre med kreft i familien<\/h2>\n\n\n\n<p>Ivar har selv f\u00e5tt merke hvor brutal kreft-sykdommen kan v\u00e6re, og da gir det ekstra mening \u00e5 jobbe som frivillig for Kreftforeningen.<\/p>\n\n\n\n<p>&#8211; Vi var en familie p\u00e5 seks. Tre av seks har f\u00e5tt kreft. Mamma d\u00f8de da jeg var 11 \u00e5r, og broren min d\u00f8de i fjor. En s\u00f8ster fikk ogs\u00e5 kreft, men hun gikk det heldigvis bra med, forteller Ivar.<\/p>\n\n\n\n<p>Han har mange gode minner om livet f\u00f8r moren ble syk og d\u00f8de. Faren tok seg godt av de fire barna, men savnet etter moren sitter enda i, s\u00e5 mange \u00e5r etter.<\/p>\n\n\n\n<p>&#8211; Min kone og jeg har til sammen seks barn og13 barnebarn. <\/p>\n\n\n\n<p>Ivar og kona&nbsp;er ogs\u00e5 oldeforeldre til fem.<\/p>\n\n\n\n<p>&#8211; Det er viktig at de nye generasjonene har et best mulig helsetilbud, ikke minst med tanke p\u00e5 \u00e5 forebygge kreft , og \u00e5 helbrede kreft, sier han.<\/p>\n\n\n\n<h2 class=\"wp-block-heading\" id=\"h-stolt-over-a-jobbe-for-kreftforeningen\">Stolt over \u00e5 jobbe for Kreftforeningen<\/h2>\n\n\n\n<p>P\u00e5 Kreftforeningens Stafett for livet i Harstad er det&nbsp;50-60 frivillige og hjelpere fra idrettslag og skoler som bidrar under selve stafetten, samt til opprigging og nedrigging<\/p>\n\n\n\n<p>&#8211; Det er et fellesskap og en glede. Og v\u00e5r leder og store ildsjel Brita er jeg veldig imponert over. Det er vanskelig \u00e5 si nei til Brita, sier han og ler.<\/p>\n\n\n\n<figure class=\"wp-block-image size-large\"><img loading=\"lazy\" decoding=\"async\" width=\"1024\" height=\"576\" src=\"https:\/\/kreftforeningen.no\/content\/uploads\/2025\/08\/Ivar03-1024x576.jpg\" alt=\"En eldre mann i svart jakke st\u00e5r utenfor en moderne trebygning og smiler med den ene h\u00e5nden p\u00e5 hoften i n\u00e6rheten av en svart d\u00f8r og et vegghengt skilt.\" class=\"wp-image-200352\" srcset=\"https:\/\/kreftforeningen.no\/content\/uploads\/2025\/08\/Ivar03-1024x576.jpg 1024w, https:\/\/kreftforeningen.no\/content\/uploads\/2025\/08\/Ivar03-300x169.jpg 300w, https:\/\/kreftforeningen.no\/content\/uploads\/2025\/08\/Ivar03-768x432.jpg 768w, https:\/\/kreftforeningen.no\/content\/uploads\/2025\/08\/Ivar03-1536x864.jpg 1536w, https:\/\/kreftforeningen.no\/content\/uploads\/2025\/08\/Ivar03-2048x1152.jpg 2048w, https:\/\/kreftforeningen.no\/content\/uploads\/2025\/08\/Ivar03-135x76.jpg 135w\" sizes=\"auto, (max-width: 1024px) 100vw, 1024px\" \/><\/figure>\n\n\n\n<p>&#8211; Kreftforeningen er en fabelaktig flott organisasjon, med en dyktig ledelse som jeg er stolt over \u00e5 jobbe som frivillig for, sier Ivar R\u00e5stad.&nbsp;Og p\u00e5 Troms\u00f8kontoret m\u00f8ter han fantastisk dyktige folk, som st\u00f8tter opp om arbeidet lokalt, og som bidrar i stor grad til at stafetten blir godt planlagt og gjennomf\u00f8rt.<\/p>\n\n\n\n<p>Han opplever ogs\u00e5 at n\u00e6ringslivet synes Kreftforeningen er en attraktiv organisasjon \u00e5 st\u00f8tte.<\/p>\n\n\n\n<h2 class=\"wp-block-heading\" id=\"h-gleder-seg\">Gleder seg<\/h2>\n\n\n\n<p>N\u00e5 gleder han seg veldig til arrangementet siste helga i august.<\/p>\n\n\n\n<p>&#8211; Det er alltid godt v\u00e6r p\u00e5 stafetten i Harstad, sier han og ler.<\/p>\n\n\n\n<p>Han synes det er helt magisk n\u00e5r natta kommer og folk g\u00e5r rundt banen i lyset fra m\u00e5nen.<\/p>\n\n\n\n<p>Ivar forteller at de har et godt samarbeid med Harstad Cykleklubb som eier Harstad Bikepark. Der f\u00e5r de v\u00e6re i tre dager helt gratis.<\/p>\n\n\n\n<p>&#8211; Vi har ogs\u00e5 god kontakt med Harstad kommune, som bidrar \u00f8konomisk.&nbsp;V\u00e5r ordf\u00f8rer kommer for \u00e5 \u00e5pne stafetten, og for \u00e5 bidra p\u00e5 flere m\u00e5ter, det er stas, forteller han.<\/p>\n\n\n\n<h2 class=\"wp-block-heading\" id=\"h-alt-om-stafett-for-livet\">Alt om Stafett for livet<\/h2>\n\n\n\n<ul class=\"wp-block-list\">\n<li><strong>STED: <\/strong>Harstad Bikepark p\u00e5 Bl\u00e5b\u00e6rhaugen i Harstad <\/li>\n\n\n\n<li><strong>TID:<\/strong> 30. og 31. august &#8211;  fra klokken 12 til 12<\/li>\n<\/ul>\n\n\n\n<p>Kreftforeningens Stafett for livet er en hyllest til alle som er rammet av kreft. Her stiller familier, venner, foreninger, arbeidsplasser og andre opp med lag for \u00e5 st\u00f8tte eller minnes noen de bryr seg om.<\/p>\n\n\n\n<p>Sammen skal deltakerne g\u00e5 eller l\u00f8pe i et helt d\u00f8gn for \u00e5 vise at det alltid b\u00f8r v\u00e6re noen p\u00e5 banen for den som er syk.<\/p>\n\n\n\n<p>Dette er ingen konkurranse, men arrangementet er p\u00e5 24 timer for \u00e5 vise at kreften aldri tar pause.<\/p>\n\n\n\n<p>Lagene kan leie telt, som de har som et samlingssted i pausene.<\/p>\n\n\n\n<p>&#8211; Flere overnatter ogs\u00e5 i teltene og det er god stemning ut over natta, forteller R\u00e5stad.<\/p>\n\n\n\n<p>Det er ogs\u00e5 salg av mat og drikke i l\u00f8pet av hele arrangementet.<\/p>\n\n\n\n<p>Det hele starter med en \u00e5pningsseremoni med stor festivitas. Det blir musikk, taler og fighter-middag. Det bli underholdning p\u00e5 ettermiddagen. Blant annet stiller kulturskolene i Kv\u00e6fjord og Harstad opp.<\/p>\n\n\n\n<p>Det bli en stemningsfull lysseremoni p\u00e5 kvelden.<\/p>\n\n\n\n<p>&#8211; Da dempes musikken og det blir en helt egen h\u00f8ytid over det. Vi tenner lys og har en stemningsfull halvtime sammen. Mange skriver hilsninger og minner p\u00e5 poser, forteller R\u00e5stad.<\/p>\n\n\n\n<p>Det er ogs\u00e5 et eget arrangement for barn og ungdom med ulike aktiviteter.<\/p>\n\n\n\n<p>Norsk Folkehjelp er til stede hele tiden for \u00e5 s\u00f8rge for sikkerheten til deltakerne.<\/p>\n\n\n\n<p>Alle som vil kan delta. Enten \u00e5 melde seg p\u00e5 et lag eller danne sitt eget.<\/p>\n\n\n\n<p><a href=\"https:\/\/pamelding.stafettforlivet.no\/stafett\/harstad\/\">Her melder du deg p\u00e5<\/a><\/p>\n\n\n\n<p>Hvis du har eller har hatt kreft kan du  melde deg som fighter og bli med p\u00e5 middagen l\u00f8rdag. <a href=\"https:\/\/kreftforeningen.no\/stafettforlivet\/fighter-aeresgjest\/\">Meld deg som fighter her<\/a><\/p>\n\n\n\n<p>Vi trenger ogs\u00e5 flere frivillige. Bli med \u00e5 bidra. <a href=\"https:\/\/kreftforeningen.no\/stafettforlivet\/bli-frivillig\/\">Meld deg her<\/a><\/p>\n\n\n\n<p><strong>LES OGS\u00c5<\/strong>: Bl\u00e5lysetatene i Harstad har felles lag. <a href=\"https:\/\/kreftforeningen.no\/stafettforlivet\/aktuelt\/a-gjore-ting-sammen-styrker-oss-nar-vi-er-ute-pa-oppdrag\/\">&#8211; \u00c5 gj\u00f8re ting sammen styrker oss n\u00e5r vi er ute p\u00e5 oppdrag<\/a><\/p>\n\n\n\n<p><strong>LES OGS\u00c5:<\/strong> Advokat \u00d8ystein Sagen er fighter p\u00e5 Stafett for livet i Harstad. Han gleder seg til \u00e5 m\u00f8te andre som er i samme situasjon.<a href=\"https:\/\/kreftforeningen.no\/aktuelt\/oystein-blir-aldri-frisk-men-lever-godt-med-diagnosen\/\"> Les mer om hans historie her<\/a><\/p>\n\n\n\n<h2 class=\"wp-block-heading\" id=\"h-stafett-i-tromso-ogsa\">Stafett i Troms\u00f8 ogs\u00e5<\/h2>\n\n\n\n<p>Det er ogs\u00e5 stafett i <a href=\"https:\/\/kreftforeningen.no\/stafettforlivet\/tilbud\/kreftforeningens-stafett-for-livet-tromso\/\">Troms\u00f8 helgen 6.-7. september <\/a>. Det er mulig \u00e5 delta p\u00e5 en eller flere av stafettene v\u00e5re.<\/p>\n\n\n\n<details class=\"wp-block-details is-layout-flow wp-block-details-is-layout-flow\"><summary>Kjappe fakta Stafett for livet <\/summary>\n<p>Dette er en hyllest til alle som er rammet av kreft<\/p>\n\n\n\n<p>Familie, venner, skoler, foreninger, arbeidsplasser og andre danner lag for en person de vil st\u00f8tte eller minnes<\/p>\n\n\n\n<p>Sammen skal de g\u00e5 eller l\u00f8pe i et helt d\u00f8gn for \u00e5 vise at det alltid b\u00f8r v\u00e6re noen p\u00e5 banen for den som er syk<\/p>\n\n\n\n<p>Arrangementet er i 24 timer for \u00e5 symbolisere at kreften aldri tar pause. M\u00e5let er at det i l\u00f8pet av d\u00f8gnet alltid er en eller flere fra laget p\u00e5 banen.<\/p>\n\n\n\n<p>P\u00e5 alle stafettene er det \u00e5pningsseremoni, fighterrunder, lysseremoni og avslutningsseremoni<\/p>\n\n\n\n<p>Du g\u00e5r\/l\u00f8per s\u00e5 mange runder du vil og deltar s\u00e5 lenge du orker. Dette er ingen konkurranse<\/p>\n\n\n\n<p>Fightere er personer som har eller har hatt kreft. De er hedersgjester p\u00e5 arrangementet,&nbsp;sammen med p\u00e5r\u00f8rende<\/p>\n\n\n\n<p>Det er gratis \u00e5 delta<\/p>\n\n\n\n<p>Frivillige er med p\u00e5 \u00e5 gjennomf\u00f8re og planlegge stafetten<\/p>\n\n\n\n<p>Alle som vil kan v\u00e6re st\u00f8ttespiller eller sponsor, enten med \u00e5 gi penger, varer eller tjenester<\/p>\n\n\n\n<p>Det er ogs\u00e5 mulig \u00e5 starte en digital innsamling<\/p>\n<\/details>\n","protected":false},"excerpt":{"rendered":"<p>Ivar R\u00e5stad (76) har jobbet i n\u00e6ringslivet hele yrkeslivet. N\u00e5 bruker han alle sine kontakter til \u00e5 skaffe sponsorer til Kreftforeningens Stafett for livet i Harstad. Stafett for livet ble f\u00f8rste gang arrangert i Harstad i 2018, og Ivar har v\u00e6rt med siden 2019. Stafett for livet Stafett for livet er en hylles til alle [&hellip;]<\/p>\n","protected":false},"author":28,"featured_media":0,"comment_status":"closed","ping_status":"closed","sticky":false,"template":"","format":"standard","meta":{"_relevanssi_hide_post":"","_relevanssi_hide_content":"","_relevanssi_pin_for_all":"","_relevanssi_pin_keywords":"","_relevanssi_unpin_keywords":"","_relevanssi_related_keywords":"","_relevanssi_related_include_ids":"","_relevanssi_related_exclude_ids":"","_relevanssi_related_no_append":"","_relevanssi_related_not_related":"","_relevanssi_related_posts":"1710,1957,1723,1916,1911,1829","_relevanssi_noindex_reason":"","kf_show_post_date":true,"kf_show_updated_date":false,"kf_show_print_page":false,"kf_show_chapters":false,"kf_show_chapters_expanded":false,"kf_show_post_outdated":true,"kf_toggle_title":false,"kf_is_template":false,"kf_post_authors":[],"teft_cards_label":"","teft_cards_image_id":200351,"teft_cards_image_focal_point_x":0.55,"teft_cards_image_focal_point_y":0.6,"teft_cards_title":"","teft_cards_excerpt":"","footnotes":""},"categories":[1],"tags":[],"class_list":["post-2574","post","type-post","status-publish","format-standard","hentry","category-ukategorisert"],"yoast_head":"<!-- This site is optimized with the Yoast SEO Premium plugin v27.3 (Yoast SEO v27.4) - https:\/\/yoast.com\/product\/yoast-seo-premium-wordpress\/ -->\n<title>Ivar (76) m\u00f8ter bare velvilje i jobben som frivillig - Kreftforeningens Stafett for livet<\/title>\n<meta name=\"robots\" content=\"index, follow, max-snippet:-1, max-image-preview:large, max-video-preview:-1\" \/>\n<link rel=\"canonical\" href=\"https:\/\/kreftforeningen.no\/stafettforlivet\/aktuelt\/ivar-76-moter-bare-velvilje-i-jobben-som-frivillig\/\" \/>\n<meta property=\"og:locale\" content=\"nb_NO\" \/>\n<meta property=\"og:type\" content=\"article\" \/>\n<meta property=\"og:title\" content=\"Ivar (76) m\u00f8ter bare velvilje i jobben som frivillig\" \/>\n<meta property=\"og:description\" content=\"Ivar R\u00e5stad (76) har jobbet i n\u00e6ringslivet hele yrkeslivet. N\u00e5 bruker han alle sine kontakter til \u00e5 skaffe sponsorer til Kreftforeningens Stafett for livet i Harstad. Stafett for livet ble f\u00f8rste gang arrangert i Harstad i 2018, og Ivar har v\u00e6rt med siden 2019. Stafett for livet Stafett for livet er en hylles til alle [&hellip;]\" \/>\n<meta property=\"og:url\" content=\"https:\/\/kreftforeningen.no\/stafettforlivet\/aktuelt\/ivar-76-moter-bare-velvilje-i-jobben-som-frivillig\/\" \/>\n<meta property=\"og:site_name\" content=\"Kreftforeningens Stafett for livet\" \/>\n<meta property=\"article:published_time\" content=\"2025-08-18T08:49:56+00:00\" \/>\n<meta property=\"article:modified_time\" content=\"2025-09-24T12:09:23+00:00\" \/>\n<meta name=\"author\" content=\"Anne Rui\" \/>\n<meta name=\"twitter:card\" content=\"summary_large_image\" \/>\n<meta name=\"twitter:label1\" content=\"Skrevet av\" \/>\n\t<meta name=\"twitter:data1\" content=\"Anne Rui\" \/>\n\t<meta name=\"twitter:label2\" content=\"Ansl. lesetid\" \/>\n\t<meta name=\"twitter:data2\" content=\"8 minutter\" \/>\n<script type=\"application\/ld+json\" class=\"yoast-schema-graph\">{\"@context\":\"https:\\\/\\\/schema.org\",\"@graph\":[{\"@type\":\"Article\",\"@id\":\"https:\\\/\\\/kreftforeningen.no\\\/stafettforlivet\\\/aktuelt\\\/ivar-76-moter-bare-velvilje-i-jobben-som-frivillig\\\/#article\",\"isPartOf\":{\"@id\":\"https:\\\/\\\/kreftforeningen.no\\\/stafettforlivet\\\/aktuelt\\\/ivar-76-moter-bare-velvilje-i-jobben-som-frivillig\\\/\"},\"author\":{\"name\":\"Anne Rui\",\"@id\":\"https:\\\/\\\/kreftforeningen.no\\\/stafettforlivet\\\/#\\\/schema\\\/person\\\/6e0586ad80b0d6e228f068317e0388d8\"},\"headline\":\"Ivar (76) m\u00f8ter bare velvilje i jobben som frivillig\",\"datePublished\":\"2025-08-18T08:49:56+00:00\",\"dateModified\":\"2025-09-24T12:09:23+00:00\",\"mainEntityOfPage\":{\"@id\":\"https:\\\/\\\/kreftforeningen.no\\\/stafettforlivet\\\/aktuelt\\\/ivar-76-moter-bare-velvilje-i-jobben-som-frivillig\\\/\"},\"wordCount\":1374,\"publisher\":{\"@id\":\"https:\\\/\\\/kreftforeningen.no\\\/stafettforlivet\\\/#organization\"},\"image\":{\"@id\":\"https:\\\/\\\/kreftforeningen.no\\\/stafettforlivet\\\/aktuelt\\\/ivar-76-moter-bare-velvilje-i-jobben-som-frivillig\\\/#primaryimage\"},\"thumbnailUrl\":\"https:\\\/\\\/kreftforeningen.no\\\/content\\\/uploads\\\/2025\\\/08\\\/Ivar.01-1024x576.jpeg\",\"inLanguage\":\"nb-NO\"},{\"@type\":\"WebPage\",\"@id\":\"https:\\\/\\\/kreftforeningen.no\\\/stafettforlivet\\\/aktuelt\\\/ivar-76-moter-bare-velvilje-i-jobben-som-frivillig\\\/\",\"url\":\"https:\\\/\\\/kreftforeningen.no\\\/stafettforlivet\\\/aktuelt\\\/ivar-76-moter-bare-velvilje-i-jobben-som-frivillig\\\/\",\"name\":\"Ivar (76) m\u00f8ter bare velvilje i jobben som frivillig - Kreftforeningens Stafett for livet\",\"isPartOf\":{\"@id\":\"https:\\\/\\\/kreftforeningen.no\\\/stafettforlivet\\\/#website\"},\"primaryImageOfPage\":{\"@id\":\"https:\\\/\\\/kreftforeningen.no\\\/stafettforlivet\\\/aktuelt\\\/ivar-76-moter-bare-velvilje-i-jobben-som-frivillig\\\/#primaryimage\"},\"image\":{\"@id\":\"https:\\\/\\\/kreftforeningen.no\\\/stafettforlivet\\\/aktuelt\\\/ivar-76-moter-bare-velvilje-i-jobben-som-frivillig\\\/#primaryimage\"},\"thumbnailUrl\":\"https:\\\/\\\/kreftforeningen.no\\\/content\\\/uploads\\\/2025\\\/08\\\/Ivar.01-1024x576.jpeg\",\"datePublished\":\"2025-08-18T08:49:56+00:00\",\"dateModified\":\"2025-09-24T12:09:23+00:00\",\"breadcrumb\":{\"@id\":\"https:\\\/\\\/kreftforeningen.no\\\/stafettforlivet\\\/aktuelt\\\/ivar-76-moter-bare-velvilje-i-jobben-som-frivillig\\\/#breadcrumb\"},\"inLanguage\":\"nb-NO\",\"potentialAction\":[{\"@type\":\"ReadAction\",\"target\":[\"https:\\\/\\\/kreftforeningen.no\\\/stafettforlivet\\\/aktuelt\\\/ivar-76-moter-bare-velvilje-i-jobben-som-frivillig\\\/\"]}]},{\"@type\":\"ImageObject\",\"inLanguage\":\"nb-NO\",\"@id\":\"https:\\\/\\\/kreftforeningen.no\\\/stafettforlivet\\\/aktuelt\\\/ivar-76-moter-bare-velvilje-i-jobben-som-frivillig\\\/#primaryimage\",\"url\":\"https:\\\/\\\/kreftforeningen.no\\\/content\\\/uploads\\\/2025\\\/08\\\/Ivar.01-1024x576.jpeg\",\"contentUrl\":\"https:\\\/\\\/kreftforeningen.no\\\/content\\\/uploads\\\/2025\\\/08\\\/Ivar.01-1024x576.jpeg\"},{\"@type\":\"BreadcrumbList\",\"@id\":\"https:\\\/\\\/kreftforeningen.no\\\/stafettforlivet\\\/aktuelt\\\/ivar-76-moter-bare-velvilje-i-jobben-som-frivillig\\\/#breadcrumb\",\"itemListElement\":[{\"@type\":\"ListItem\",\"position\":1,\"name\":\"Forside\",\"item\":\"https:\\\/\\\/kreftforeningen.no\\\/stafettforlivet\\\/\"},{\"@type\":\"ListItem\",\"position\":2,\"name\":\"Ivar (76) m\u00f8ter bare velvilje i jobben som frivillig\"}]},{\"@type\":\"WebSite\",\"@id\":\"https:\\\/\\\/kreftforeningen.no\\\/stafettforlivet\\\/#website\",\"url\":\"https:\\\/\\\/kreftforeningen.no\\\/stafettforlivet\\\/\",\"name\":\"Kreftforeningens Stafett for livet\",\"description\":\"\",\"publisher\":{\"@id\":\"https:\\\/\\\/kreftforeningen.no\\\/stafettforlivet\\\/#organization\"},\"potentialAction\":[{\"@type\":\"SearchAction\",\"target\":{\"@type\":\"EntryPoint\",\"urlTemplate\":\"https:\\\/\\\/kreftforeningen.no\\\/stafettforlivet\\\/?s={search_term_string}\"},\"query-input\":{\"@type\":\"PropertyValueSpecification\",\"valueRequired\":true,\"valueName\":\"search_term_string\"}}],\"inLanguage\":\"nb-NO\"},{\"@type\":\"Organization\",\"@id\":\"https:\\\/\\\/kreftforeningen.no\\\/stafettforlivet\\\/#organization\",\"name\":\"Kreftforeningens Stafett for livet\",\"url\":\"https:\\\/\\\/kreftforeningen.no\\\/stafettforlivet\\\/\",\"logo\":{\"@type\":\"ImageObject\",\"inLanguage\":\"nb-NO\",\"@id\":\"https:\\\/\\\/kreftforeningen.no\\\/stafettforlivet\\\/#\\\/schema\\\/logo\\\/image\\\/\",\"url\":\"https:\\\/\\\/kreftforeningen.no\\\/content\\\/uploads\\\/2020\\\/05\\\/cropped-LogoStafettForLivet130-1.png\",\"contentUrl\":\"https:\\\/\\\/kreftforeningen.no\\\/content\\\/uploads\\\/2020\\\/05\\\/cropped-LogoStafettForLivet130-1.png\",\"caption\":\"Kreftforeningens Stafett for livet\"},\"image\":{\"@id\":\"https:\\\/\\\/kreftforeningen.no\\\/stafettforlivet\\\/#\\\/schema\\\/logo\\\/image\\\/\"}},{\"@type\":\"Person\",\"@id\":\"https:\\\/\\\/kreftforeningen.no\\\/stafettforlivet\\\/#\\\/schema\\\/person\\\/6e0586ad80b0d6e228f068317e0388d8\",\"name\":\"Anne Rui\",\"image\":{\"@type\":\"ImageObject\",\"inLanguage\":\"nb-NO\",\"@id\":\"https:\\\/\\\/secure.gravatar.com\\\/avatar\\\/a17f9f1025a52f536090c06ff388b6f2bb39f1c656efa38adf6be81242899b1e?s=96&d=mm&r=g\",\"url\":\"https:\\\/\\\/secure.gravatar.com\\\/avatar\\\/a17f9f1025a52f536090c06ff388b6f2bb39f1c656efa38adf6be81242899b1e?s=96&d=mm&r=g\",\"contentUrl\":\"https:\\\/\\\/secure.gravatar.com\\\/avatar\\\/a17f9f1025a52f536090c06ff388b6f2bb39f1c656efa38adf6be81242899b1e?s=96&d=mm&r=g\",\"caption\":\"Anne Rui\"}}]}<\/script>\n<!-- \/ Yoast SEO Premium plugin. -->","yoast_head_json":{"title":"Ivar (76) m\u00f8ter bare velvilje i jobben som frivillig - Kreftforeningens Stafett for livet","robots":{"index":"index","follow":"follow","max-snippet":"max-snippet:-1","max-image-preview":"max-image-preview:large","max-video-preview":"max-video-preview:-1"},"canonical":"https:\/\/kreftforeningen.no\/stafettforlivet\/aktuelt\/ivar-76-moter-bare-velvilje-i-jobben-som-frivillig\/","og_locale":"nb_NO","og_type":"article","og_title":"Ivar (76) m\u00f8ter bare velvilje i jobben som frivillig","og_description":"Ivar R\u00e5stad (76) har jobbet i n\u00e6ringslivet hele yrkeslivet. N\u00e5 bruker han alle sine kontakter til \u00e5 skaffe sponsorer til Kreftforeningens Stafett for livet i Harstad. Stafett for livet ble f\u00f8rste gang arrangert i Harstad i 2018, og Ivar har v\u00e6rt med siden 2019. Stafett for livet Stafett for livet er en hylles til alle [&hellip;]","og_url":"https:\/\/kreftforeningen.no\/stafettforlivet\/aktuelt\/ivar-76-moter-bare-velvilje-i-jobben-som-frivillig\/","og_site_name":"Kreftforeningens Stafett for livet","article_published_time":"2025-08-18T08:49:56+00:00","article_modified_time":"2025-09-24T12:09:23+00:00","author":"Anne Rui","twitter_card":"summary_large_image","twitter_misc":{"Skrevet av":"Anne Rui","Ansl. lesetid":"8 minutter"},"schema":{"@context":"https:\/\/schema.org","@graph":[{"@type":"Article","@id":"https:\/\/kreftforeningen.no\/stafettforlivet\/aktuelt\/ivar-76-moter-bare-velvilje-i-jobben-som-frivillig\/#article","isPartOf":{"@id":"https:\/\/kreftforeningen.no\/stafettforlivet\/aktuelt\/ivar-76-moter-bare-velvilje-i-jobben-som-frivillig\/"},"author":{"name":"Anne Rui","@id":"https:\/\/kreftforeningen.no\/stafettforlivet\/#\/schema\/person\/6e0586ad80b0d6e228f068317e0388d8"},"headline":"Ivar (76) m\u00f8ter bare velvilje i jobben som frivillig","datePublished":"2025-08-18T08:49:56+00:00","dateModified":"2025-09-24T12:09:23+00:00","mainEntityOfPage":{"@id":"https:\/\/kreftforeningen.no\/stafettforlivet\/aktuelt\/ivar-76-moter-bare-velvilje-i-jobben-som-frivillig\/"},"wordCount":1374,"publisher":{"@id":"https:\/\/kreftforeningen.no\/stafettforlivet\/#organization"},"image":{"@id":"https:\/\/kreftforeningen.no\/stafettforlivet\/aktuelt\/ivar-76-moter-bare-velvilje-i-jobben-som-frivillig\/#primaryimage"},"thumbnailUrl":"https:\/\/kreftforeningen.no\/content\/uploads\/2025\/08\/Ivar.01-1024x576.jpeg","inLanguage":"nb-NO"},{"@type":"WebPage","@id":"https:\/\/kreftforeningen.no\/stafettforlivet\/aktuelt\/ivar-76-moter-bare-velvilje-i-jobben-som-frivillig\/","url":"https:\/\/kreftforeningen.no\/stafettforlivet\/aktuelt\/ivar-76-moter-bare-velvilje-i-jobben-som-frivillig\/","name":"Ivar (76) m\u00f8ter bare velvilje i jobben som frivillig - Kreftforeningens Stafett for livet","isPartOf":{"@id":"https:\/\/kreftforeningen.no\/stafettforlivet\/#website"},"primaryImageOfPage":{"@id":"https:\/\/kreftforeningen.no\/stafettforlivet\/aktuelt\/ivar-76-moter-bare-velvilje-i-jobben-som-frivillig\/#primaryimage"},"image":{"@id":"https:\/\/kreftforeningen.no\/stafettforlivet\/aktuelt\/ivar-76-moter-bare-velvilje-i-jobben-som-frivillig\/#primaryimage"},"thumbnailUrl":"https:\/\/kreftforeningen.no\/content\/uploads\/2025\/08\/Ivar.01-1024x576.jpeg","datePublished":"2025-08-18T08:49:56+00:00","dateModified":"2025-09-24T12:09:23+00:00","breadcrumb":{"@id":"https:\/\/kreftforeningen.no\/stafettforlivet\/aktuelt\/ivar-76-moter-bare-velvilje-i-jobben-som-frivillig\/#breadcrumb"},"inLanguage":"nb-NO","potentialAction":[{"@type":"ReadAction","target":["https:\/\/kreftforeningen.no\/stafettforlivet\/aktuelt\/ivar-76-moter-bare-velvilje-i-jobben-som-frivillig\/"]}]},{"@type":"ImageObject","inLanguage":"nb-NO","@id":"https:\/\/kreftforeningen.no\/stafettforlivet\/aktuelt\/ivar-76-moter-bare-velvilje-i-jobben-som-frivillig\/#primaryimage","url":"https:\/\/kreftforeningen.no\/content\/uploads\/2025\/08\/Ivar.01-1024x576.jpeg","contentUrl":"https:\/\/kreftforeningen.no\/content\/uploads\/2025\/08\/Ivar.01-1024x576.jpeg"},{"@type":"BreadcrumbList","@id":"https:\/\/kreftforeningen.no\/stafettforlivet\/aktuelt\/ivar-76-moter-bare-velvilje-i-jobben-som-frivillig\/#breadcrumb","itemListElement":[{"@type":"ListItem","position":1,"name":"Forside","item":"https:\/\/kreftforeningen.no\/stafettforlivet\/"},{"@type":"ListItem","position":2,"name":"Ivar (76) m\u00f8ter bare velvilje i jobben som frivillig"}]},{"@type":"WebSite","@id":"https:\/\/kreftforeningen.no\/stafettforlivet\/#website","url":"https:\/\/kreftforeningen.no\/stafettforlivet\/","name":"Kreftforeningens Stafett for livet","description":"","publisher":{"@id":"https:\/\/kreftforeningen.no\/stafettforlivet\/#organization"},"potentialAction":[{"@type":"SearchAction","target":{"@type":"EntryPoint","urlTemplate":"https:\/\/kreftforeningen.no\/stafettforlivet\/?s={search_term_string}"},"query-input":{"@type":"PropertyValueSpecification","valueRequired":true,"valueName":"search_term_string"}}],"inLanguage":"nb-NO"},{"@type":"Organization","@id":"https:\/\/kreftforeningen.no\/stafettforlivet\/#organization","name":"Kreftforeningens Stafett for livet","url":"https:\/\/kreftforeningen.no\/stafettforlivet\/","logo":{"@type":"ImageObject","inLanguage":"nb-NO","@id":"https:\/\/kreftforeningen.no\/stafettforlivet\/#\/schema\/logo\/image\/","url":"https:\/\/kreftforeningen.no\/content\/uploads\/2020\/05\/cropped-LogoStafettForLivet130-1.png","contentUrl":"https:\/\/kreftforeningen.no\/content\/uploads\/2020\/05\/cropped-LogoStafettForLivet130-1.png","caption":"Kreftforeningens Stafett for livet"},"image":{"@id":"https:\/\/kreftforeningen.no\/stafettforlivet\/#\/schema\/logo\/image\/"}},{"@type":"Person","@id":"https:\/\/kreftforeningen.no\/stafettforlivet\/#\/schema\/person\/6e0586ad80b0d6e228f068317e0388d8","name":"Anne Rui","image":{"@type":"ImageObject","inLanguage":"nb-NO","@id":"https:\/\/secure.gravatar.com\/avatar\/a17f9f1025a52f536090c06ff388b6f2bb39f1c656efa38adf6be81242899b1e?s=96&d=mm&r=g","url":"https:\/\/secure.gravatar.com\/avatar\/a17f9f1025a52f536090c06ff388b6f2bb39f1c656efa38adf6be81242899b1e?s=96&d=mm&r=g","contentUrl":"https:\/\/secure.gravatar.com\/avatar\/a17f9f1025a52f536090c06ff388b6f2bb39f1c656efa38adf6be81242899b1e?s=96&d=mm&r=g","caption":"Anne Rui"}}]}},"_links":{"self":[{"href":"https:\/\/kreftforeningen.no\/stafettforlivet\/wp-json\/wp\/v2\/posts\/2574","targetHints":{"allow":["GET"]}}],"collection":[{"href":"https:\/\/kreftforeningen.no\/stafettforlivet\/wp-json\/wp\/v2\/posts"}],"about":[{"href":"https:\/\/kreftforeningen.no\/stafettforlivet\/wp-json\/wp\/v2\/types\/post"}],"author":[{"embeddable":true,"href":"https:\/\/kreftforeningen.no\/stafettforlivet\/wp-json\/wp\/v2\/users\/28"}],"replies":[{"embeddable":true,"href":"https:\/\/kreftforeningen.no\/stafettforlivet\/wp-json\/wp\/v2\/comments?post=2574"}],"version-history":[{"count":15,"href":"https:\/\/kreftforeningen.no\/stafettforlivet\/wp-json\/wp\/v2\/posts\/2574\/revisions"}],"predecessor-version":[{"id":2848,"href":"https:\/\/kreftforeningen.no\/stafettforlivet\/wp-json\/wp\/v2\/posts\/2574\/revisions\/2848"}],"wp:attachment":[{"href":"https:\/\/kreftforeningen.no\/stafettforlivet\/wp-json\/wp\/v2\/media?parent=2574"}],"wp:term":[{"taxonomy":"category","embeddable":true,"href":"https:\/\/kreftforeningen.no\/stafettforlivet\/wp-json\/wp\/v2\/categories?post=2574"},{"taxonomy":"post_tag","embeddable":true,"href":"https:\/\/kreftforeningen.no\/stafettforlivet\/wp-json\/wp\/v2\/tags?post=2574"}],"curies":[{"name":"wp","href":"https:\/\/api.w.org\/{rel}","templated":true}]}}