{"id":2585,"date":"2025-08-19T09:39:19","date_gmt":"2025-08-19T07:39:19","guid":{"rendered":"https:\/\/kreftforeningen.no\/stafettforlivet\/?p=2585"},"modified":"2025-08-25T16:00:39","modified_gmt":"2025-08-25T14:00:39","slug":"a-gjore-ting-sammen-styrker-oss-nar-vi-er-ute-pa-oppdrag","status":"publish","type":"post","link":"https:\/\/kreftforeningen.no\/stafettforlivet\/aktuelt\/a-gjore-ting-sammen-styrker-oss-nar-vi-er-ute-pa-oppdrag\/","title":{"rendered":"\u2013 \u00c5 gj\u00f8re ting sammen styrker oss n\u00e5r vi er ute p\u00e5 oppdrag"},"content":{"rendered":"\n<figure class=\"wp-block-image size-large\"><img loading=\"lazy\" decoding=\"async\" width=\"1024\" height=\"576\" src=\"https:\/\/kreftforeningen.no\/content\/uploads\/2025\/08\/blalysetatene-alle01stort-1024x576.jpg\" alt=\"Fire personer, deriblant en i bj\u00f8rnemaskotkostyme, st\u00e5r foran utrykningskj\u00f8ret\u00f8yer - brann, ambulanse og politi - utenfor en bygning med r\u00f8de garasjeporter.\" class=\"wp-image-200377\" srcset=\"https:\/\/kreftforeningen.no\/content\/uploads\/2025\/08\/blalysetatene-alle01stort-1024x576.jpg 1024w, https:\/\/kreftforeningen.no\/content\/uploads\/2025\/08\/blalysetatene-alle01stort-300x169.jpg 300w, https:\/\/kreftforeningen.no\/content\/uploads\/2025\/08\/blalysetatene-alle01stort-768x432.jpg 768w, https:\/\/kreftforeningen.no\/content\/uploads\/2025\/08\/blalysetatene-alle01stort-1536x864.jpg 1536w, https:\/\/kreftforeningen.no\/content\/uploads\/2025\/08\/blalysetatene-alle01stort-135x76.jpg 135w, https:\/\/kreftforeningen.no\/content\/uploads\/2025\/08\/blalysetatene-alle01stort.jpg 1857w\" sizes=\"auto, (max-width: 1024px) 100vw, 1024px\" \/><figcaption class=\"wp-element-caption\">Bl\u00e5lysetatene i Harstad stiller eget lag p\u00e5 Stafett for livet i Harstad. Fra venstre: Alf Jacob Salberg, Bj\u00f8rnis, Tina Sagen og Line Solheim. <\/figcaption><\/figure>\n\n\n\n<div class=\"wp-block-kf-ingress\"><div class=\"kf-header__ingress\"><p>For tredje \u00e5ret p\u00e5 rad stiller alle bl\u00e5lysetatene i Harstad eget lag p\u00e5 Stafett for livet. Det gir et unikt samhold.<\/p><\/div><\/div>\n\n\n\n<p>Bl\u00e5lysetatene, det vil si brannvesenet, ambulansen og politiet, i Harstad stiller et felles lag p\u00e5 Stafett for livet.<\/p>\n\n\n\n<p>&#8211; Vi i bl\u00e5lysetatene i Harstad har et fint samhold. Vi har felles fester, har hatt julebord sammen, vi har fredagskaffe, fredagsquiz og de som er p\u00e5 vakt spiser av og til middag sammen, forteller Tina Sagen.<\/p>\n\n\n\n<p>Hun jobber i ambulansetjenesten, og er gruppeleder for Bl\u00e5lysetaten p\u00e5 \u00e5rets Stafett for livet i Harstad.<\/p>\n\n\n\n<p>&#8211; Det \u00e5 ha lag p\u00e5 Stafett for livet er en ekstra ting vi kan gj\u00f8re sammen.<\/p>\n\n\n\n<h2 class=\"wp-block-heading\" id=\"h-styrker-samholdet\">Styrker samholdet<\/h2>\n\n\n\n<p>I fjor var de rundt 50 fra de tre etatene som deltok p\u00e5 Stafett for livet i Harstad. Folk kommer og g\u00e5r n\u00e5r de kan, og de lager lister slik at de sikrer at det hele d\u00f8gnet er noen fra laget p\u00e5 banen. Mange har med barn, og deltar n\u00e5r de kan.<\/p>\n\n\n\n<p>&#8211; Det er ikke alltid s\u00e5 lett \u00e5 planlegge n\u00e5r man har med barna, sier hun og ler.<\/p>\n\n\n\n<p>Med s\u00e5 mange ivrige deltakere har de uansett ikke problem med \u00e5 f\u00e5 noen til \u00e5 g\u00e5 det d\u00f8gnet stafetten varer. Og for bl\u00e5lysetatene er samholdet viktig og felles aktiviteter styrker samarbeidet.<\/p>\n\n\n\n<p>&#8211; Det at vi har et s\u00e5nt samhold og kjenner hverandre godt, styrker oss n\u00e5r vi er p\u00e5 oppdrag sammen. Det at jeg kan rope p\u00e5 en annen person med navn og ikke bare \u00abdu\u00bb gj\u00f8r noe n\u00e5r vi er ute p\u00e5 for eksempel en ulykke, forklarer Sagen.<\/p>\n\n\n\n<p>De som er p\u00e5 vakt mens stafetten foreg\u00e5r, g\u00e5r i uniform. De andre kan velge \u00e5 g\u00e5 i en t-skjorte for laget om de \u00f8nsker.<\/p>\n\n\n\n<p>&#8211; For oss er samholdet viktig og felles aktiviteter styrker fellesskapet. Vi bruker uttrykket &laquo;sterkere sammen&raquo; flittig, og det st\u00e5r ogs\u00e5 p\u00e5 t-skjortene v\u00e5re, forteller hun.<\/p>\n\n\n\n<figure class=\"wp-block-image size-large\"><img loading=\"lazy\" decoding=\"async\" width=\"1024\" height=\"540\" src=\"https:\/\/kreftforeningen.no\/content\/uploads\/2025\/08\/sterkere-sammen-1024x540.jpeg\" alt=\"En gruppe mennesker if\u00f8rt lyserosa skjorter med n\u00f8dnumre st\u00e5r utend\u00f8rs p\u00e5 et gressomr\u00e5de, vendt bort fra kameraet.\" class=\"wp-image-200380\" srcset=\"https:\/\/kreftforeningen.no\/content\/uploads\/2025\/08\/sterkere-sammen-1024x540.jpeg 1024w, https:\/\/kreftforeningen.no\/content\/uploads\/2025\/08\/sterkere-sammen-300x158.jpeg 300w, https:\/\/kreftforeningen.no\/content\/uploads\/2025\/08\/sterkere-sammen-768x405.jpeg 768w, https:\/\/kreftforeningen.no\/content\/uploads\/2025\/08\/sterkere-sammen-1536x810.jpeg 1536w, https:\/\/kreftforeningen.no\/content\/uploads\/2025\/08\/sterkere-sammen-2048x1079.jpeg 2048w, https:\/\/kreftforeningen.no\/content\/uploads\/2025\/08\/sterkere-sammen-135x71.jpeg 135w\" sizes=\"auto, (max-width: 1024px) 100vw, 1024px\" \/><figcaption class=\"wp-element-caption\">Brannvesenet, politiet og ambulansetjenesten kalles p\u00e5 for bl\u00e5lysetatene, og et heter ogs\u00e5 det felles laget de stiller med p\u00e5 Stafett for livet i Harstad. De har som motto &laquo;sterkere sammen&raquo;. (Privat foto)<\/figcaption><\/figure>\n\n\n\n<h2 class=\"wp-block-heading\" id=\"h-spesielt-i-fjor\">Spesielt i fjor<\/h2>\n\n\n\n<p>Tina deltar for tredje gang. F\u00f8rste \u00e5ret hadde hun en tre uker gammel baby, og gikk med barnevogn. I fjor hadde hun nettopp mistet bestemoren som d\u00f8de av kreft.<\/p>\n\n\n\n<p>&#8211; Det var litt spesielt \u00e5 delta i fjor. Det er viktig med et s\u00e5nt arrangement som Stafett for livet. P\u00e5 scenen st\u00e5r det fightere som forteller sin historie. Det er viktig med \u00e5penhet og kunnskap.<\/p>\n\n\n\n<p>Tina og laget gleder seg veldig til \u00e5rets stafett.<\/p>\n\n\n\n<p>&#8211; Det er et stabilt og godt planlagt arrangement. Det skjer noe der hele tiden, og det er artig \u00e5 v\u00e6re der. Man f\u00f8ler seg inkludert. Jeg har v\u00e6rt med sene kveldstimer og tidlig morgen, og det er veldig fint. Lysseremonien er ogs\u00e5 veldig, veldig fin, synes Tina.<\/p>\n\n\n\n<figure class=\"wp-block-image size-large\"><img loading=\"lazy\" decoding=\"async\" width=\"1024\" height=\"576\" src=\"https:\/\/kreftforeningen.no\/content\/uploads\/2025\/08\/tina-og-venninne-stort-1024x576.jpg\" alt=\"To kvinner i matchende lyserosa T-skjorter smiler n\u00e5r de tar en selfie under et utend\u00f8rsarrangement med avsperringer og andre deltakere i bakgrunnen.\" class=\"wp-image-200378\" srcset=\"https:\/\/kreftforeningen.no\/content\/uploads\/2025\/08\/tina-og-venninne-stort-1024x576.jpg 1024w, https:\/\/kreftforeningen.no\/content\/uploads\/2025\/08\/tina-og-venninne-stort-300x169.jpg 300w, https:\/\/kreftforeningen.no\/content\/uploads\/2025\/08\/tina-og-venninne-stort-768x432.jpg 768w, https:\/\/kreftforeningen.no\/content\/uploads\/2025\/08\/tina-og-venninne-stort-1536x864.jpg 1536w, https:\/\/kreftforeningen.no\/content\/uploads\/2025\/08\/tina-og-venninne-stort-135x76.jpg 135w, https:\/\/kreftforeningen.no\/content\/uploads\/2025\/08\/tina-og-venninne-stort.jpg 1920w\" sizes=\"auto, (max-width: 1024px) 100vw, 1024px\" \/><figcaption class=\"wp-element-caption\">Tina Sagen til venstre og kollega Therese Saue til h\u00f8yre. Tina gleder seg veldig til \u00e5rets Stafett for livet i Harstad siste helga i august. Hun oppfordrer flere til \u00e5 melde p\u00e5 lag og bli med. (privat foto)<\/figcaption><\/figure>\n\n\n\n<p>Selv har hun skader i en fot, men regner med \u00e5 g\u00e5 et par runder likevel. Bl\u00e5lysetaten oppfordrer flere til \u00e5 melde seg p\u00e5 stafetten i Harstad.<\/p>\n\n\n\n<p>&#8211; Det er et fint samhold, du er med \u00e5 st\u00f8tte en god sak og vise at du bryr deg. Du f\u00e5r mye kunnskap, sier Tina Sagen.<\/p>\n\n\n\n<h2 class=\"wp-block-heading\" id=\"h-alt-om-stafett-for-livet\">Alt om Stafett for livet <\/h2>\n\n\n\n<ul class=\"wp-block-list\">\n<li><strong>STED:&nbsp;<\/strong>Harstad Bikepark p\u00e5 Bl\u00e5b\u00e6rhaugen i Harstad<\/li>\n\n\n\n<li><strong>TID:<\/strong>&nbsp;30. og 31. august \u2013 fra klokken 12 til 12<\/li>\n<\/ul>\n\n\n\n<p>Kreftforeningens Stafett for livet er en hyllest til alle som er rammet av kreft. Her stiller familier, venner, foreninger, arbeidsplasser og andre opp med lag for \u00e5 st\u00f8tte eller minnes noen de bryr seg om.<\/p>\n\n\n\n<p>Sammen skal deltakerne g\u00e5 eller l\u00f8pe i et helt d\u00f8gn for \u00e5 vise at det alltid b\u00f8r v\u00e6re noen p\u00e5 banen for den som er syk.<\/p>\n\n\n\n<p>Dette er ingen konkurranse, men arrangementet er p\u00e5 24 timer for \u00e5 vise at kreften aldri tar pause.<\/p>\n\n\n\n<p>Lagene kan leie telt, som de har som et samlingssted i pausene.<\/p>\n\n\n\n<p>\u2013 Flere overnatter ogs\u00e5 i teltene og det er god stemning ut over natta, forteller nestleder i styret for Stafett for livet i Harstad Ivar R\u00e5stad.<\/p>\n\n\n\n<p>Det er ogs\u00e5 salg av mat og drikke i l\u00f8pet av hele arrangementet.<\/p>\n\n\n\n<p>Det hele starter med en \u00e5pningsseremoni med stor festivitas. Det blir musikk, taler og fighter-middag. Det bli underholdning p\u00e5 ettermiddagen. Blant annet stiller kulturskolene i Kv\u00e6fjord og Harstad opp.<\/p>\n\n\n\n<p>Det bli en stemningsfull lysseremoni p\u00e5 kvelden.<\/p>\n\n\n\n<p>\u2013 Da dempes musikken og det blir en helt egen h\u00f8ytid over det. Vi tenner lys og har en stemningsfull halvtime sammen. Mange skriver hilsninger og minner p\u00e5 poser, forteller R\u00e5stad.<\/p>\n\n\n\n<p>Det er ogs\u00e5 et eget arrangement for barn og ungdom med ulike aktiviteter.<\/p>\n\n\n\n<figure class=\"wp-block-image size-large\"><img loading=\"lazy\" decoding=\"async\" width=\"768\" height=\"1024\" src=\"https:\/\/kreftforeningen.no\/content\/uploads\/2025\/08\/maskott-blalysetatene-768x1024.jpeg\" alt=\"En person i bj\u00f8rnemaskotkostyme, if\u00f8rt brannmannsutstyr og rosa skjorte, ber\u00f8rer et bl\u00e5tt lys p\u00e5 et trebord under et utend\u00f8rsarrangement med barn og voksne i n\u00e6rheten.\" class=\"wp-image-200381\" srcset=\"https:\/\/kreftforeningen.no\/content\/uploads\/2025\/08\/maskott-blalysetatene-768x1024.jpeg 768w, https:\/\/kreftforeningen.no\/content\/uploads\/2025\/08\/maskott-blalysetatene-225x300.jpeg 225w, https:\/\/kreftforeningen.no\/content\/uploads\/2025\/08\/maskott-blalysetatene-1152x1536.jpeg 1152w, https:\/\/kreftforeningen.no\/content\/uploads\/2025\/08\/maskott-blalysetatene-1536x2048.jpeg 1536w, https:\/\/kreftforeningen.no\/content\/uploads\/2025\/08\/maskott-blalysetatene-135x180.jpeg 135w, https:\/\/kreftforeningen.no\/content\/uploads\/2025\/08\/maskott-blalysetatene-scaled.jpeg 1920w\" sizes=\"auto, (max-width: 768px) 100vw, 768px\" \/><figcaption class=\"wp-element-caption\">Bj\u00f8rnis er sv\u00e6rt popul\u00e6r blant de yngste. <\/figcaption><\/figure>\n\n\n\n<p>Norsk Folkehjelp er til stede hele tiden for \u00e5 s\u00f8rge for sikkerheten til deltakerne.<\/p>\n\n\n\n<p>Alle som vil kan delta. Enten \u00e5 melde seg p\u00e5 et lag eller danne sitt eget.<\/p>\n\n\n\n<p><a href=\"https:\/\/pamelding.stafettforlivet.no\/stafett\/harstad\/\">Her melder du deg p\u00e5<\/a><\/p>\n\n\n\n<p>Hvis du har eller har hatt kreft kan du melde deg som fighter og bli med p\u00e5 middagen l\u00f8rdag.&nbsp;<a href=\"https:\/\/kreftforeningen.no\/stafettforlivet\/fighter-aeresgjest\/\">Meld deg som fighter her<\/a><\/p>\n\n\n\n<p>Vi trenger ogs\u00e5 flere frivillige. Bli med \u00e5 bidra.&nbsp;<a href=\"https:\/\/kreftforeningen.no\/stafettforlivet\/bli-frivillig\/\">Meld deg her<\/a><\/p>\n\n\n\n<p><strong>LES OGS\u00c5:<\/strong> <a href=\"https:\/\/kreftforeningen.no\/stafettforlivet\/aktuelt\/ivar-76-moter-bare-velvilje-i-jobben-som-frivillig\/\">Ivar (76) m\u00f8ter kun velvilje som frivillig for Kreftforeningen<\/a><\/p>\n\n\n\n<p><strong>LES OGS\u00c5:<\/strong> Advokat \u00d8ystein Sagen er fighter p\u00e5 Stafett for livet i Harstad. Han gleder seg til \u00e5 m\u00f8te andre som er i samme situasjon.<a href=\"https:\/\/kreftforeningen.no\/aktuelt\/oystein-blir-aldri-frisk-men-lever-godt-med-diagnosen\/\"> Les mer om hans historie her<\/a><\/p>\n\n\n\n<h2 class=\"wp-block-heading\" id=\"h-stafett-i-tromso-ogsa\">Stafett i Troms\u00f8 ogs\u00e5<\/h2>\n\n\n\n<p>Det er ogs\u00e5 stafett i <a href=\"https:\/\/kreftforeningen.no\/stafettforlivet\/tilbud\/kreftforeningens-stafett-for-livet-tromso\/\">Troms\u00f8 helgen 6.-7. september<\/a>. Det er mulig \u00e5 delta p\u00e5 en eller flere av stafettene v\u00e5re.<\/p>\n\n\n\n<details class=\"wp-block-details is-layout-flow wp-block-details-is-layout-flow\"><summary>Kjappe fakta om Stafett for livet <\/summary>\n<p>Dette er en hyllest til alle som er rammet av kreft<\/p>\n\n\n\n<p>Familie, venner, skoler, foreninger, arbeidsplasser og andre danner lag for en person de vil st\u00f8tte eller minnes<\/p>\n\n\n\n<p>Sammen skal de g\u00e5 eller l\u00f8pe i et helt d\u00f8gn for \u00e5 vise at det alltid b\u00f8r v\u00e6re noen p\u00e5 banen for den som er syk<\/p>\n\n\n\n<p>Arrangementet er i 24 timer for \u00e5 symbolisere at kreften aldri tar pause. M\u00e5let er at det i l\u00f8pet av d\u00f8gnet alltid er en eller flere fra laget p\u00e5 banen<\/p>\n\n\n\n<p>P\u00e5 alle stafettene er det \u00e5pningsseremoni, fighterrunder, lysseremoni og avslutningsseremoni<\/p>\n\n\n\n<p>Du g\u00e5r\/l\u00f8per s\u00e5 mange runder du vil og deltar s\u00e5 lenge du orker. Dette er ingen konkurranse<\/p>\n\n\n\n<p>Fightere er personer som har eller har hatt kreft. De er hedersgjester p\u00e5 arrangementet<\/p>\n\n\n\n<p>Det er gratis \u00e5 delta<\/p>\n\n\n\n<p>Frivillige er med p\u00e5 \u00e5 gjennomf\u00f8re og planlegge stafetten<\/p>\n\n\n\n<p>Alle som vil kan v\u00e6re st\u00f8ttespiller eller sponsor, enten med \u00e5 gi penger, varer eller tjenester<\/p>\n\n\n\n<p>Det er ogs\u00e5 mulig \u00e5 starte en digital innsamling<\/p>\n<\/details>\n\n\n\n<p><\/p>\n","protected":false},"excerpt":{"rendered":"<p>Bl\u00e5lysetatene, det vil si brannvesenet, ambulansen og politiet, i Harstad stiller et felles lag p\u00e5 Stafett for livet. &#8211; Vi i bl\u00e5lysetatene i Harstad har et fint samhold. Vi har felles fester, har hatt julebord sammen, vi har fredagskaffe, fredagsquiz og de som er p\u00e5 vakt spiser av og til middag sammen, forteller Tina Sagen. [&hellip;]<\/p>\n","protected":false},"author":28,"featured_media":0,"comment_status":"closed","ping_status":"closed","sticky":false,"template":"","format":"standard","meta":{"_relevanssi_hide_post":"","_relevanssi_hide_content":"","_relevanssi_pin_for_all":"","_relevanssi_pin_keywords":"","_relevanssi_unpin_keywords":"","_relevanssi_related_keywords":"","_relevanssi_related_include_ids":"","_relevanssi_related_exclude_ids":"","_relevanssi_related_no_append":"","_relevanssi_related_not_related":"","_relevanssi_related_posts":"2574,1723,1710,1911,1957,1916","_relevanssi_noindex_reason":"","kf_show_post_date":true,"kf_show_updated_date":false,"kf_show_print_page":false,"kf_show_chapters":false,"kf_show_chapters_expanded":false,"kf_show_post_outdated":true,"kf_toggle_title":false,"kf_is_template":false,"kf_post_authors":[],"teft_cards_label":"","teft_cards_image_id":0,"teft_cards_image_focal_point_x":0,"teft_cards_image_focal_point_y":0,"teft_cards_title":"","teft_cards_excerpt":"","footnotes":""},"categories":[1],"tags":[],"class_list":["post-2585","post","type-post","status-publish","format-standard","hentry","category-ukategorisert"],"yoast_head":"<!-- This site is optimized with the Yoast SEO Premium plugin v27.3 (Yoast SEO v27.4) - https:\/\/yoast.com\/product\/yoast-seo-premium-wordpress\/ -->\n<title>\u2013 \u00c5 gj\u00f8re ting sammen styrker oss n\u00e5r vi er ute p\u00e5 oppdrag - Kreftforeningens Stafett for livet<\/title>\n<meta name=\"robots\" content=\"index, follow, max-snippet:-1, max-image-preview:large, max-video-preview:-1\" \/>\n<link rel=\"canonical\" href=\"https:\/\/kreftforeningen.no\/stafettforlivet\/aktuelt\/a-gjore-ting-sammen-styrker-oss-nar-vi-er-ute-pa-oppdrag\/\" \/>\n<meta property=\"og:locale\" content=\"nb_NO\" \/>\n<meta property=\"og:type\" content=\"article\" \/>\n<meta property=\"og:title\" content=\"\u2013 \u00c5 gj\u00f8re ting sammen styrker oss n\u00e5r vi er ute p\u00e5 oppdrag\" \/>\n<meta property=\"og:description\" content=\"Bl\u00e5lysetatene, det vil si brannvesenet, ambulansen og politiet, i Harstad stiller et felles lag p\u00e5 Stafett for livet. &#8211; Vi i bl\u00e5lysetatene i Harstad har et fint samhold. Vi har felles fester, har hatt julebord sammen, vi har fredagskaffe, fredagsquiz og de som er p\u00e5 vakt spiser av og til middag sammen, forteller Tina Sagen. [&hellip;]\" \/>\n<meta property=\"og:url\" content=\"https:\/\/kreftforeningen.no\/stafettforlivet\/aktuelt\/a-gjore-ting-sammen-styrker-oss-nar-vi-er-ute-pa-oppdrag\/\" \/>\n<meta property=\"og:site_name\" content=\"Kreftforeningens Stafett for livet\" \/>\n<meta property=\"article:published_time\" content=\"2025-08-19T07:39:19+00:00\" \/>\n<meta property=\"article:modified_time\" content=\"2025-08-25T14:00:39+00:00\" \/>\n<meta name=\"author\" content=\"Anne Rui\" \/>\n<meta name=\"twitter:card\" content=\"summary_large_image\" \/>\n<meta name=\"twitter:label1\" content=\"Skrevet av\" \/>\n\t<meta name=\"twitter:data1\" content=\"Anne Rui\" \/>\n\t<meta name=\"twitter:label2\" content=\"Ansl. lesetid\" \/>\n\t<meta name=\"twitter:data2\" content=\"7 minutter\" \/>\n<script type=\"application\/ld+json\" class=\"yoast-schema-graph\">{\"@context\":\"https:\\\/\\\/schema.org\",\"@graph\":[{\"@type\":\"Article\",\"@id\":\"https:\\\/\\\/kreftforeningen.no\\\/stafettforlivet\\\/aktuelt\\\/a-gjore-ting-sammen-styrker-oss-nar-vi-er-ute-pa-oppdrag\\\/#article\",\"isPartOf\":{\"@id\":\"https:\\\/\\\/kreftforeningen.no\\\/stafettforlivet\\\/aktuelt\\\/a-gjore-ting-sammen-styrker-oss-nar-vi-er-ute-pa-oppdrag\\\/\"},\"author\":{\"name\":\"Anne Rui\",\"@id\":\"https:\\\/\\\/kreftforeningen.no\\\/stafettforlivet\\\/#\\\/schema\\\/person\\\/6e0586ad80b0d6e228f068317e0388d8\"},\"headline\":\"\u2013 \u00c5 gj\u00f8re ting sammen styrker oss n\u00e5r vi er ute p\u00e5 oppdrag\",\"datePublished\":\"2025-08-19T07:39:19+00:00\",\"dateModified\":\"2025-08-25T14:00:39+00:00\",\"mainEntityOfPage\":{\"@id\":\"https:\\\/\\\/kreftforeningen.no\\\/stafettforlivet\\\/aktuelt\\\/a-gjore-ting-sammen-styrker-oss-nar-vi-er-ute-pa-oppdrag\\\/\"},\"wordCount\":1181,\"publisher\":{\"@id\":\"https:\\\/\\\/kreftforeningen.no\\\/stafettforlivet\\\/#organization\"},\"image\":{\"@id\":\"https:\\\/\\\/kreftforeningen.no\\\/stafettforlivet\\\/aktuelt\\\/a-gjore-ting-sammen-styrker-oss-nar-vi-er-ute-pa-oppdrag\\\/#primaryimage\"},\"thumbnailUrl\":\"https:\\\/\\\/kreftforeningen.no\\\/content\\\/uploads\\\/2025\\\/08\\\/blalysetatene-alle01stort-1024x576.jpg\",\"inLanguage\":\"nb-NO\"},{\"@type\":\"WebPage\",\"@id\":\"https:\\\/\\\/kreftforeningen.no\\\/stafettforlivet\\\/aktuelt\\\/a-gjore-ting-sammen-styrker-oss-nar-vi-er-ute-pa-oppdrag\\\/\",\"url\":\"https:\\\/\\\/kreftforeningen.no\\\/stafettforlivet\\\/aktuelt\\\/a-gjore-ting-sammen-styrker-oss-nar-vi-er-ute-pa-oppdrag\\\/\",\"name\":\"\u2013 \u00c5 gj\u00f8re ting sammen styrker oss n\u00e5r vi er ute p\u00e5 oppdrag - Kreftforeningens Stafett for livet\",\"isPartOf\":{\"@id\":\"https:\\\/\\\/kreftforeningen.no\\\/stafettforlivet\\\/#website\"},\"primaryImageOfPage\":{\"@id\":\"https:\\\/\\\/kreftforeningen.no\\\/stafettforlivet\\\/aktuelt\\\/a-gjore-ting-sammen-styrker-oss-nar-vi-er-ute-pa-oppdrag\\\/#primaryimage\"},\"image\":{\"@id\":\"https:\\\/\\\/kreftforeningen.no\\\/stafettforlivet\\\/aktuelt\\\/a-gjore-ting-sammen-styrker-oss-nar-vi-er-ute-pa-oppdrag\\\/#primaryimage\"},\"thumbnailUrl\":\"https:\\\/\\\/kreftforeningen.no\\\/content\\\/uploads\\\/2025\\\/08\\\/blalysetatene-alle01stort-1024x576.jpg\",\"datePublished\":\"2025-08-19T07:39:19+00:00\",\"dateModified\":\"2025-08-25T14:00:39+00:00\",\"breadcrumb\":{\"@id\":\"https:\\\/\\\/kreftforeningen.no\\\/stafettforlivet\\\/aktuelt\\\/a-gjore-ting-sammen-styrker-oss-nar-vi-er-ute-pa-oppdrag\\\/#breadcrumb\"},\"inLanguage\":\"nb-NO\",\"potentialAction\":[{\"@type\":\"ReadAction\",\"target\":[\"https:\\\/\\\/kreftforeningen.no\\\/stafettforlivet\\\/aktuelt\\\/a-gjore-ting-sammen-styrker-oss-nar-vi-er-ute-pa-oppdrag\\\/\"]}]},{\"@type\":\"ImageObject\",\"inLanguage\":\"nb-NO\",\"@id\":\"https:\\\/\\\/kreftforeningen.no\\\/stafettforlivet\\\/aktuelt\\\/a-gjore-ting-sammen-styrker-oss-nar-vi-er-ute-pa-oppdrag\\\/#primaryimage\",\"url\":\"https:\\\/\\\/kreftforeningen.no\\\/content\\\/uploads\\\/2025\\\/08\\\/blalysetatene-alle01stort-1024x576.jpg\",\"contentUrl\":\"https:\\\/\\\/kreftforeningen.no\\\/content\\\/uploads\\\/2025\\\/08\\\/blalysetatene-alle01stort-1024x576.jpg\"},{\"@type\":\"BreadcrumbList\",\"@id\":\"https:\\\/\\\/kreftforeningen.no\\\/stafettforlivet\\\/aktuelt\\\/a-gjore-ting-sammen-styrker-oss-nar-vi-er-ute-pa-oppdrag\\\/#breadcrumb\",\"itemListElement\":[{\"@type\":\"ListItem\",\"position\":1,\"name\":\"Forside\",\"item\":\"https:\\\/\\\/kreftforeningen.no\\\/stafettforlivet\\\/\"},{\"@type\":\"ListItem\",\"position\":2,\"name\":\"\u2013 \u00c5 gj\u00f8re ting sammen styrker oss n\u00e5r vi er ute p\u00e5 oppdrag\"}]},{\"@type\":\"WebSite\",\"@id\":\"https:\\\/\\\/kreftforeningen.no\\\/stafettforlivet\\\/#website\",\"url\":\"https:\\\/\\\/kreftforeningen.no\\\/stafettforlivet\\\/\",\"name\":\"Kreftforeningens Stafett for livet\",\"description\":\"\",\"publisher\":{\"@id\":\"https:\\\/\\\/kreftforeningen.no\\\/stafettforlivet\\\/#organization\"},\"potentialAction\":[{\"@type\":\"SearchAction\",\"target\":{\"@type\":\"EntryPoint\",\"urlTemplate\":\"https:\\\/\\\/kreftforeningen.no\\\/stafettforlivet\\\/?s={search_term_string}\"},\"query-input\":{\"@type\":\"PropertyValueSpecification\",\"valueRequired\":true,\"valueName\":\"search_term_string\"}}],\"inLanguage\":\"nb-NO\"},{\"@type\":\"Organization\",\"@id\":\"https:\\\/\\\/kreftforeningen.no\\\/stafettforlivet\\\/#organization\",\"name\":\"Kreftforeningens Stafett for livet\",\"url\":\"https:\\\/\\\/kreftforeningen.no\\\/stafettforlivet\\\/\",\"logo\":{\"@type\":\"ImageObject\",\"inLanguage\":\"nb-NO\",\"@id\":\"https:\\\/\\\/kreftforeningen.no\\\/stafettforlivet\\\/#\\\/schema\\\/logo\\\/image\\\/\",\"url\":\"https:\\\/\\\/kreftforeningen.no\\\/content\\\/uploads\\\/2020\\\/05\\\/cropped-LogoStafettForLivet130-1.png\",\"contentUrl\":\"https:\\\/\\\/kreftforeningen.no\\\/content\\\/uploads\\\/2020\\\/05\\\/cropped-LogoStafettForLivet130-1.png\",\"caption\":\"Kreftforeningens Stafett for livet\"},\"image\":{\"@id\":\"https:\\\/\\\/kreftforeningen.no\\\/stafettforlivet\\\/#\\\/schema\\\/logo\\\/image\\\/\"}},{\"@type\":\"Person\",\"@id\":\"https:\\\/\\\/kreftforeningen.no\\\/stafettforlivet\\\/#\\\/schema\\\/person\\\/6e0586ad80b0d6e228f068317e0388d8\",\"name\":\"Anne Rui\",\"image\":{\"@type\":\"ImageObject\",\"inLanguage\":\"nb-NO\",\"@id\":\"https:\\\/\\\/secure.gravatar.com\\\/avatar\\\/a17f9f1025a52f536090c06ff388b6f2bb39f1c656efa38adf6be81242899b1e?s=96&d=mm&r=g\",\"url\":\"https:\\\/\\\/secure.gravatar.com\\\/avatar\\\/a17f9f1025a52f536090c06ff388b6f2bb39f1c656efa38adf6be81242899b1e?s=96&d=mm&r=g\",\"contentUrl\":\"https:\\\/\\\/secure.gravatar.com\\\/avatar\\\/a17f9f1025a52f536090c06ff388b6f2bb39f1c656efa38adf6be81242899b1e?s=96&d=mm&r=g\",\"caption\":\"Anne Rui\"}}]}<\/script>\n<!-- \/ Yoast SEO Premium plugin. -->","yoast_head_json":{"title":"\u2013 \u00c5 gj\u00f8re ting sammen styrker oss n\u00e5r vi er ute p\u00e5 oppdrag - Kreftforeningens Stafett for livet","robots":{"index":"index","follow":"follow","max-snippet":"max-snippet:-1","max-image-preview":"max-image-preview:large","max-video-preview":"max-video-preview:-1"},"canonical":"https:\/\/kreftforeningen.no\/stafettforlivet\/aktuelt\/a-gjore-ting-sammen-styrker-oss-nar-vi-er-ute-pa-oppdrag\/","og_locale":"nb_NO","og_type":"article","og_title":"\u2013 \u00c5 gj\u00f8re ting sammen styrker oss n\u00e5r vi er ute p\u00e5 oppdrag","og_description":"Bl\u00e5lysetatene, det vil si brannvesenet, ambulansen og politiet, i Harstad stiller et felles lag p\u00e5 Stafett for livet. &#8211; Vi i bl\u00e5lysetatene i Harstad har et fint samhold. Vi har felles fester, har hatt julebord sammen, vi har fredagskaffe, fredagsquiz og de som er p\u00e5 vakt spiser av og til middag sammen, forteller Tina Sagen. [&hellip;]","og_url":"https:\/\/kreftforeningen.no\/stafettforlivet\/aktuelt\/a-gjore-ting-sammen-styrker-oss-nar-vi-er-ute-pa-oppdrag\/","og_site_name":"Kreftforeningens Stafett for livet","article_published_time":"2025-08-19T07:39:19+00:00","article_modified_time":"2025-08-25T14:00:39+00:00","author":"Anne Rui","twitter_card":"summary_large_image","twitter_misc":{"Skrevet av":"Anne Rui","Ansl. lesetid":"7 minutter"},"schema":{"@context":"https:\/\/schema.org","@graph":[{"@type":"Article","@id":"https:\/\/kreftforeningen.no\/stafettforlivet\/aktuelt\/a-gjore-ting-sammen-styrker-oss-nar-vi-er-ute-pa-oppdrag\/#article","isPartOf":{"@id":"https:\/\/kreftforeningen.no\/stafettforlivet\/aktuelt\/a-gjore-ting-sammen-styrker-oss-nar-vi-er-ute-pa-oppdrag\/"},"author":{"name":"Anne Rui","@id":"https:\/\/kreftforeningen.no\/stafettforlivet\/#\/schema\/person\/6e0586ad80b0d6e228f068317e0388d8"},"headline":"\u2013 \u00c5 gj\u00f8re ting sammen styrker oss n\u00e5r vi er ute p\u00e5 oppdrag","datePublished":"2025-08-19T07:39:19+00:00","dateModified":"2025-08-25T14:00:39+00:00","mainEntityOfPage":{"@id":"https:\/\/kreftforeningen.no\/stafettforlivet\/aktuelt\/a-gjore-ting-sammen-styrker-oss-nar-vi-er-ute-pa-oppdrag\/"},"wordCount":1181,"publisher":{"@id":"https:\/\/kreftforeningen.no\/stafettforlivet\/#organization"},"image":{"@id":"https:\/\/kreftforeningen.no\/stafettforlivet\/aktuelt\/a-gjore-ting-sammen-styrker-oss-nar-vi-er-ute-pa-oppdrag\/#primaryimage"},"thumbnailUrl":"https:\/\/kreftforeningen.no\/content\/uploads\/2025\/08\/blalysetatene-alle01stort-1024x576.jpg","inLanguage":"nb-NO"},{"@type":"WebPage","@id":"https:\/\/kreftforeningen.no\/stafettforlivet\/aktuelt\/a-gjore-ting-sammen-styrker-oss-nar-vi-er-ute-pa-oppdrag\/","url":"https:\/\/kreftforeningen.no\/stafettforlivet\/aktuelt\/a-gjore-ting-sammen-styrker-oss-nar-vi-er-ute-pa-oppdrag\/","name":"\u2013 \u00c5 gj\u00f8re ting sammen styrker oss n\u00e5r vi er ute p\u00e5 oppdrag - Kreftforeningens Stafett for livet","isPartOf":{"@id":"https:\/\/kreftforeningen.no\/stafettforlivet\/#website"},"primaryImageOfPage":{"@id":"https:\/\/kreftforeningen.no\/stafettforlivet\/aktuelt\/a-gjore-ting-sammen-styrker-oss-nar-vi-er-ute-pa-oppdrag\/#primaryimage"},"image":{"@id":"https:\/\/kreftforeningen.no\/stafettforlivet\/aktuelt\/a-gjore-ting-sammen-styrker-oss-nar-vi-er-ute-pa-oppdrag\/#primaryimage"},"thumbnailUrl":"https:\/\/kreftforeningen.no\/content\/uploads\/2025\/08\/blalysetatene-alle01stort-1024x576.jpg","datePublished":"2025-08-19T07:39:19+00:00","dateModified":"2025-08-25T14:00:39+00:00","breadcrumb":{"@id":"https:\/\/kreftforeningen.no\/stafettforlivet\/aktuelt\/a-gjore-ting-sammen-styrker-oss-nar-vi-er-ute-pa-oppdrag\/#breadcrumb"},"inLanguage":"nb-NO","potentialAction":[{"@type":"ReadAction","target":["https:\/\/kreftforeningen.no\/stafettforlivet\/aktuelt\/a-gjore-ting-sammen-styrker-oss-nar-vi-er-ute-pa-oppdrag\/"]}]},{"@type":"ImageObject","inLanguage":"nb-NO","@id":"https:\/\/kreftforeningen.no\/stafettforlivet\/aktuelt\/a-gjore-ting-sammen-styrker-oss-nar-vi-er-ute-pa-oppdrag\/#primaryimage","url":"https:\/\/kreftforeningen.no\/content\/uploads\/2025\/08\/blalysetatene-alle01stort-1024x576.jpg","contentUrl":"https:\/\/kreftforeningen.no\/content\/uploads\/2025\/08\/blalysetatene-alle01stort-1024x576.jpg"},{"@type":"BreadcrumbList","@id":"https:\/\/kreftforeningen.no\/stafettforlivet\/aktuelt\/a-gjore-ting-sammen-styrker-oss-nar-vi-er-ute-pa-oppdrag\/#breadcrumb","itemListElement":[{"@type":"ListItem","position":1,"name":"Forside","item":"https:\/\/kreftforeningen.no\/stafettforlivet\/"},{"@type":"ListItem","position":2,"name":"\u2013 \u00c5 gj\u00f8re ting sammen styrker oss n\u00e5r vi er ute p\u00e5 oppdrag"}]},{"@type":"WebSite","@id":"https:\/\/kreftforeningen.no\/stafettforlivet\/#website","url":"https:\/\/kreftforeningen.no\/stafettforlivet\/","name":"Kreftforeningens Stafett for livet","description":"","publisher":{"@id":"https:\/\/kreftforeningen.no\/stafettforlivet\/#organization"},"potentialAction":[{"@type":"SearchAction","target":{"@type":"EntryPoint","urlTemplate":"https:\/\/kreftforeningen.no\/stafettforlivet\/?s={search_term_string}"},"query-input":{"@type":"PropertyValueSpecification","valueRequired":true,"valueName":"search_term_string"}}],"inLanguage":"nb-NO"},{"@type":"Organization","@id":"https:\/\/kreftforeningen.no\/stafettforlivet\/#organization","name":"Kreftforeningens Stafett for livet","url":"https:\/\/kreftforeningen.no\/stafettforlivet\/","logo":{"@type":"ImageObject","inLanguage":"nb-NO","@id":"https:\/\/kreftforeningen.no\/stafettforlivet\/#\/schema\/logo\/image\/","url":"https:\/\/kreftforeningen.no\/content\/uploads\/2020\/05\/cropped-LogoStafettForLivet130-1.png","contentUrl":"https:\/\/kreftforeningen.no\/content\/uploads\/2020\/05\/cropped-LogoStafettForLivet130-1.png","caption":"Kreftforeningens Stafett for livet"},"image":{"@id":"https:\/\/kreftforeningen.no\/stafettforlivet\/#\/schema\/logo\/image\/"}},{"@type":"Person","@id":"https:\/\/kreftforeningen.no\/stafettforlivet\/#\/schema\/person\/6e0586ad80b0d6e228f068317e0388d8","name":"Anne Rui","image":{"@type":"ImageObject","inLanguage":"nb-NO","@id":"https:\/\/secure.gravatar.com\/avatar\/a17f9f1025a52f536090c06ff388b6f2bb39f1c656efa38adf6be81242899b1e?s=96&d=mm&r=g","url":"https:\/\/secure.gravatar.com\/avatar\/a17f9f1025a52f536090c06ff388b6f2bb39f1c656efa38adf6be81242899b1e?s=96&d=mm&r=g","contentUrl":"https:\/\/secure.gravatar.com\/avatar\/a17f9f1025a52f536090c06ff388b6f2bb39f1c656efa38adf6be81242899b1e?s=96&d=mm&r=g","caption":"Anne Rui"}}]}},"_links":{"self":[{"href":"https:\/\/kreftforeningen.no\/stafettforlivet\/wp-json\/wp\/v2\/posts\/2585","targetHints":{"allow":["GET"]}}],"collection":[{"href":"https:\/\/kreftforeningen.no\/stafettforlivet\/wp-json\/wp\/v2\/posts"}],"about":[{"href":"https:\/\/kreftforeningen.no\/stafettforlivet\/wp-json\/wp\/v2\/types\/post"}],"author":[{"embeddable":true,"href":"https:\/\/kreftforeningen.no\/stafettforlivet\/wp-json\/wp\/v2\/users\/28"}],"replies":[{"embeddable":true,"href":"https:\/\/kreftforeningen.no\/stafettforlivet\/wp-json\/wp\/v2\/comments?post=2585"}],"version-history":[{"count":15,"href":"https:\/\/kreftforeningen.no\/stafettforlivet\/wp-json\/wp\/v2\/posts\/2585\/revisions"}],"predecessor-version":[{"id":2685,"href":"https:\/\/kreftforeningen.no\/stafettforlivet\/wp-json\/wp\/v2\/posts\/2585\/revisions\/2685"}],"wp:attachment":[{"href":"https:\/\/kreftforeningen.no\/stafettforlivet\/wp-json\/wp\/v2\/media?parent=2585"}],"wp:term":[{"taxonomy":"category","embeddable":true,"href":"https:\/\/kreftforeningen.no\/stafettforlivet\/wp-json\/wp\/v2\/categories?post=2585"},{"taxonomy":"post_tag","embeddable":true,"href":"https:\/\/kreftforeningen.no\/stafettforlivet\/wp-json\/wp\/v2\/tags?post=2585"}],"curies":[{"name":"wp","href":"https:\/\/api.w.org\/{rel}","templated":true}]}}