{"id":2671,"date":"2025-08-25T18:10:58","date_gmt":"2025-08-25T16:10:58","guid":{"rendered":"https:\/\/kreftforeningen.no\/stafettforlivet\/?p=2671"},"modified":"2025-09-24T14:13:17","modified_gmt":"2025-09-24T12:13:17","slug":"det-blir-spesielt-a-ga-fighter-runden-med-pappaen-min","status":"publish","type":"post","link":"https:\/\/kreftforeningen.no\/stafettforlivet\/aktuelt\/det-blir-spesielt-a-ga-fighter-runden-med-pappaen-min\/","title":{"rendered":"&#8211; Det blir spesielt \u00e5 g\u00e5 fighter-runden med pappaen min"},"content":{"rendered":"\n<figure class=\"wp-block-image size-large\"><img loading=\"lazy\" decoding=\"async\" width=\"1024\" height=\"578\" src=\"https:\/\/kreftforeningen.no\/content\/uploads\/2025\/08\/20250822_094233-1024x578.jpg\" alt=\"En kvinne med kr\u00f8llete h\u00e5r sitter i en gr\u00e5 sofa i en godt opplyst stue med planter og moderne innredning.\" class=\"wp-image-200618\" srcset=\"https:\/\/kreftforeningen.no\/content\/uploads\/2025\/08\/20250822_094233-1024x578.jpg 1024w, https:\/\/kreftforeningen.no\/content\/uploads\/2025\/08\/20250822_094233-300x169.jpg 300w, https:\/\/kreftforeningen.no\/content\/uploads\/2025\/08\/20250822_094233-768x434.jpg 768w, https:\/\/kreftforeningen.no\/content\/uploads\/2025\/08\/20250822_094233-1536x867.jpg 1536w, https:\/\/kreftforeningen.no\/content\/uploads\/2025\/08\/20250822_094233-2048x1156.jpg 2048w, https:\/\/kreftforeningen.no\/content\/uploads\/2025\/08\/20250822_094233-135x76.jpg 135w\" sizes=\"auto, (max-width: 1024px) 100vw, 1024px\" \/><\/figure>\n\n\n\n<div class=\"wp-block-kf-ingress\"><div class=\"kf-header__ingress\"><p>\u00a0Tidligere har barna til Marita g\u00e5tt for Team Farmor. N\u00e5 blir det Team farmor, moffa og mamma. \u2013\u00a0Barna mine meldte meg \u00a0og pappa p\u00e5 som fightere.<\/p><\/div><\/div>\n\n\n\n<p>Det forteller Marita Bratsberg (50) fra Lavangen. For henne tok livet en br\u00e5 vending tidligere i \u00e5r. Hun hadde nylig v\u00e6rt p\u00e5 sin f\u00f8rste mammografi-unders\u00f8kelse. Alt s\u00e5 fint ut. Familien var p\u00e5 en deilig\u00a0familieferie\u00a0p\u00e5 Grand Canaria,\u00a0og hun hadde akkurat feiret 50-\u00e5rsdage sin med gode venner og familien \u2013 \u00a0da hun plutselig oppdaget et inns\u00f8kk i h\u00f8yre bryst.<\/p>\n\n\n\n<p>&#8211; Redselen og angsten herjet i kroppen. Jeg pr\u00f8vde \u00e5 overbevise meg selv om at det var noe ufarlig. Men det var det ikke. Jeg har brystkreft, forteller Marita Brasberg.<\/p>\n\n\n\n<h2 class=\"wp-block-heading\" id=\"h-en-fryktelig-nedtur\">En fryktelig nedtur<\/h2>\n\n\n\n<p>For Marita var det et sjokk. 2024 var det&nbsp;friskeste&nbsp;\u00e5ret hun har hatt som voksen. For snart 30 \u00e5r siden fikk hun diagnosen MS, og har v\u00e6rt veldig syk.<\/p>\n\n\n\n<p>&#8211; \u00a0Jeg er g\u00e5ende rullestolbruker, og har v\u00e6rt ute av arbeidslivet i mange \u00e5r. Jeg har leddgikt og har en angst-problematikk, forteller hun.<\/p>\n\n\n\n<p>Marita var\u00a021\u00a0da hun begynte \u00e5 bli syk. Hun fikk sitt f\u00f8rste barn\u00a0som 23-\u00e5ring, og \u00a0noen m\u00e5neder etter at hun ble mamma fikk hun diagnosen MS (multippel sclerose).\u00a0Hun var pleietrengende i et par \u00e5r, og har hele tiden hatt et\u00a0enormt \u00f8nske om\u00a0\u00e5 komme tilbake i jobb. Marita har slitt\u00a0mye\u00a0med <a href=\"https:\/\/www.helsenorge.no\/sykdom\/kreft\/fatigue-hva-er-fatigue\/\">fatigue<\/a> \u2013 og sier hun har sovet bort halvparten av oppveksten til ungene. De tre barna er i dag voksen.<\/p>\n\n\n\n<p>&#8211; Det har v\u00e6rt min store sorg at ungene mine har vokst opp med ei \u00a0syk mamma, og at jeg ikke har f\u00e5tt v\u00e6rt den mammaen jeg har \u00f8nsket \u00e5 v\u00e6re. De tre er min store motivasjon til \u00e5 bekjempe kreften, jeg vil s\u00e5 gjerne kunne v\u00e6re ei frisk mamma, sier Marita.<\/p>\n\n\n\n<p>Hun har v\u00e6rt 50 prosent uf\u00f8retrygdet. <\/p>\n\n\n\n<p>&#8211; I fjor kunne jeg endelig takke ja til en 100 prosent fast stilling som l\u00e6rer som 50-\u00e5ring. 2024 var det\u00a0friskeste\u00a0\u00e5ret jeg har hatt siden jeg ble syk. S\u00e5 snur alt p\u00e5 nytt igjen. Det var en fryktelig nedtur.<\/p>\n\n\n\n<figure class=\"wp-block-image size-large\"><img loading=\"lazy\" decoding=\"async\" width=\"1024\" height=\"768\" src=\"https:\/\/kreftforeningen.no\/content\/uploads\/2025\/08\/IMG_20250822_193605-1024x768.jpg\" alt=\"To voksne st\u00e5r utend\u00f8rs i en hage en overskyet dag, if\u00f8rt regnjakker; kvinnen er i rosa og mannen er i bl\u00e5tt. I bakgrunnen er det gr\u00f8nne planter og en huske.\" class=\"wp-image-200619\" srcset=\"https:\/\/kreftforeningen.no\/content\/uploads\/2025\/08\/IMG_20250822_193605-1024x768.jpg 1024w, https:\/\/kreftforeningen.no\/content\/uploads\/2025\/08\/IMG_20250822_193605-300x225.jpg 300w, https:\/\/kreftforeningen.no\/content\/uploads\/2025\/08\/IMG_20250822_193605-768x576.jpg 768w, https:\/\/kreftforeningen.no\/content\/uploads\/2025\/08\/IMG_20250822_193605-1536x1152.jpg 1536w, https:\/\/kreftforeningen.no\/content\/uploads\/2025\/08\/IMG_20250822_193605-2048x1536.jpg 2048w, https:\/\/kreftforeningen.no\/content\/uploads\/2025\/08\/IMG_20250822_193605-800x600.jpg 800w, https:\/\/kreftforeningen.no\/content\/uploads\/2025\/08\/IMG_20250822_193605-135x101.jpg 135w\" sizes=\"auto, (max-width: 1024px) 100vw, 1024px\" \/><figcaption class=\"wp-element-caption\">Marita og samboer J\u00f8rn-Trygve. (Privat foto)<\/figcaption><\/figure>\n\n\n\n<p>&#8211;\u00a0MS-en\u00a0og psyken\u00a0har v\u00e6rt stabil i noen \u00e5r.\u00a0Jeg har tatt meg videreutdanning og \u00a0bygd nytt hus.\u00a0F\u00e5tt en kj\u00e6reste, J\u00f8rn, som har v\u00e6rt og er en fantastisk st\u00f8tte og min motvekt n\u00e5r de tunge tankene kommer. \u00a0Livet var p\u00e5 topp. S\u00e5 dukket kreften opp.<\/p>\n\n\n\n<h2 class=\"wp-block-heading\" id=\"h-ikke-like-tilbud\">Ikke like tilbud<\/h2>\n\n\n\n<p>Brystkreften til Marita er en type som ikke\u00a0vises\u00a0p\u00e5 mammografi. Den ble f\u00f8rst oppdaget med ultralyd.<\/p>\n\n\n\n<p>Hun havnet raskt i <a href=\"https:\/\/www.helsenorge.no\/sykdom\/kreft\/pakkeforlop-for-kreft\/\">pakkeforl\u00f8p Kreft<\/a>, og ble henvist til Troms\u00f8.<\/p>\n\n\n\n<p>&#8211;\u00a0Jeg har hatt en brystbevarende operasjon og tre uker str\u00e5ling. N\u00e5 er jeg i starten p\u00e5 en antihormonell behandling. De sier at jeg skal bli frisk, men at det er h\u00f8y risiko for tilbakefall. Da kommer alle\u00a0bekymringene.<\/p>\n\n\n\n<figure class=\"wp-block-image size-large\"><img loading=\"lazy\" decoding=\"async\" width=\"1024\" height=\"552\" src=\"https:\/\/kreftforeningen.no\/content\/uploads\/2025\/08\/Messenger_creation_2AD19813-6F4A-4E9C-B94C-133F48712AA2-1024x552.jpeg\" alt=\"En person ligger p\u00e5 et medisinsk avbildningsbord inne i en stor diagnostisk skanningsmaskin i et klinisk rom.\" class=\"wp-image-200623\" srcset=\"https:\/\/kreftforeningen.no\/content\/uploads\/2025\/08\/Messenger_creation_2AD19813-6F4A-4E9C-B94C-133F48712AA2-1024x552.jpeg 1024w, https:\/\/kreftforeningen.no\/content\/uploads\/2025\/08\/Messenger_creation_2AD19813-6F4A-4E9C-B94C-133F48712AA2-300x162.jpeg 300w, https:\/\/kreftforeningen.no\/content\/uploads\/2025\/08\/Messenger_creation_2AD19813-6F4A-4E9C-B94C-133F48712AA2-768x414.jpeg 768w, https:\/\/kreftforeningen.no\/content\/uploads\/2025\/08\/Messenger_creation_2AD19813-6F4A-4E9C-B94C-133F48712AA2-1536x827.jpeg 1536w, https:\/\/kreftforeningen.no\/content\/uploads\/2025\/08\/Messenger_creation_2AD19813-6F4A-4E9C-B94C-133F48712AA2-135x73.jpeg 135w, https:\/\/kreftforeningen.no\/content\/uploads\/2025\/08\/Messenger_creation_2AD19813-6F4A-4E9C-B94C-133F48712AA2.jpeg 2046w\" sizes=\"auto, (max-width: 1024px) 100vw, 1024px\" \/><figcaption class=\"wp-element-caption\">Marita fotografert i Pet-scanneren. (Privat foto)<\/figcaption><\/figure>\n\n\n\n<p>Marita har frykt for senskader, og kjenner at det&nbsp;trigger&nbsp;psyken hennes. Hun kjenner p\u00e5 mye redsel og bekymring, og er veldig redd for havne tilbake i et liv hun ikke \u00f8nsker.<\/p>\n\n\n\n<p>Hun har f\u00e5tt fire avslag p\u00e5 time hos psykolog.<\/p>\n\n\n\n<p>&#8211; \u00a0Etter at jeg fikk diagnosen, kom alle tankene. Usikkerheten og for f\u00f8rste gang har jeg kjent p\u00e5 d\u00f8dsangst. Det verste med \u00e5 f\u00e5 kreft har v\u00e6rt det som foreg\u00e5r i hodet, tanker og bekymringer.<\/p>\n\n\n\n<p>Marita er opptatt av at alle burde f\u00e5 like tilbud. I Lavangen er det ingen kreftkoordinator eller sykepleier. Legene p\u00e5 UNN visste ikke hva <a href=\"https:\/\/www.helsedirektoratet.no\/nasjonale-forlop\/hjem-for-pasienter-med-kreft\">pakkeforl\u00f8p hjem<\/a> var da hun spurte.<\/p>\n\n\n\n<p>&#8211; Det burde v\u00e6rt noen som ser hele mennesket n\u00e5r man blir syk,\u00a0ogs\u00e5 det mentale. Kreftlegene ser kreften, men jeg savner at noen ser hele meg. Vi har alle en bagasje med oss, p\u00e5peker hun.<\/p>\n\n\n\n<p>Marita er veldig glad for at <a href=\"https:\/\/kreftforeningen.no\/vardesenteret\/tromso\/\">Vardesenteret<\/a> finnes. Vardesenteret ved Universitetssykehuset Nord-Norge i Troms\u00f8 er en gratis m\u00f8teplass i samarbeid med Kreftforeningen for alle som er rammet av kreft, p\u00e5r\u00f8rende og etterlatte.<\/p>\n\n\n\n<p>Det ble noe trygt i alt det utrygge&nbsp;da str\u00e5lingen p\u00e5gikk.<\/p>\n\n\n\n<p>&#8211;\u00a0Vi fikk lov \u00e5 v\u00e6re der selv om det var sommerferie og feriestengt. Det var fint \u00e5 f\u00e5 trekke seg tilbake fra sykehuset og m\u00f8te andre\u00a0som stod i kreftbehandling, opplevde hun.<\/p>\n\n\n\n<p>50-\u00e5ringen er ekstra glad for \u00e5 ha en familie som bryr seg og st\u00f8tter opp om henne \u2013 og faren som ogs\u00e5 har f\u00e5tt diagnosen kreft.<\/p>\n\n\n\n<h2 class=\"wp-block-heading\" id=\"h-skal-ga-med-faren\">Skal g\u00e5 med faren<\/h2>\n\n\n\n<p>Ungene hennes har tidligere g\u00e5tt for Team Farmor.&nbsp;Hun d\u00f8de av kreft i mars for halvannet \u00e5r siden etter lang tids sykdom. I \u00e5r har barnas mamma og morfar ogs\u00e5 f\u00e5tt kreftdiagnose, og da har barna dannet Team Farmor, moffa og mamma.<\/p>\n\n\n\n<p>&#8211; Pappa og jeg skal g\u00e5 fighter-runden sammen og v\u00e6re med p\u00e5 middagen med partnere. Det blir spesielt, s\u00e5rt og godt\u00a0\u00e5 g\u00e5 sammen med pappa.<\/p>\n\n\n\n<p>Marita tar med rullestolen som avlastning,&nbsp;men hun skal klare \u00e5 g\u00e5 fighter-runden.<\/p>\n\n\n\n<p>&#8211;\u00a0Jeg tenker \u00e5 v\u00e6re med s\u00e5 mye som jeg klarer. Vi er 16 i v\u00e5rt team n\u00e5, forteller hun.<\/p>\n\n\n\n<p>Marita synes det er\u00a0godt\u00a0\u00e5 f\u00e5\u00a0dele en s\u00e5nn opplevelse sammen med sine n\u00e6re og kj\u00e6re, og de som er hennes viktigste st\u00f8ttespillere.<\/p>\n\n\n\n<h2 class=\"wp-block-heading\" id=\"h-et-fellesskap\">Et fellesskap<\/h2>\n\n\n\n<p>For Marita blir det fint \u00e5 f\u00e5 v\u00e6re en&nbsp;del av et fellesskap. Hun har h\u00f8rt mye om arrangementet fra barna som har v\u00e6rt med flere ganger.<\/p>\n\n\n\n<p>&#8211;\u00a0Det blir fint \u00e5 f\u00e5 kjenne p\u00e5 at man ikke er alene. Da tror jeg kommer til \u00e5 kjenne p\u00e5 f\u00f8lelsen av h\u00e5p for fremtiden, og at jeg kan v\u00e6re med p\u00e5 \u00e5 gi h\u00e5p for andre. N\u00e5r vi treffer andre i samme situasjon kan man dele det man st\u00e5r oppi, sier Marita.<\/p>\n\n\n\n<figure class=\"wp-block-image size-large\"><img loading=\"lazy\" decoding=\"async\" width=\"1024\" height=\"590\" src=\"https:\/\/kreftforeningen.no\/content\/uploads\/2025\/08\/20250528_164724-2-1024x590.jpg\" alt=\"Seks personer sitter rundt et salongbord i et lyst loungeomr\u00e5de, med drinker og en blomsterbukett p\u00e5 bordet og store vinduer i bakgrunnen.\" class=\"wp-image-200622\" srcset=\"https:\/\/kreftforeningen.no\/content\/uploads\/2025\/08\/20250528_164724-2-1024x590.jpg 1024w, https:\/\/kreftforeningen.no\/content\/uploads\/2025\/08\/20250528_164724-2-300x173.jpg 300w, https:\/\/kreftforeningen.no\/content\/uploads\/2025\/08\/20250528_164724-2-768x442.jpg 768w, https:\/\/kreftforeningen.no\/content\/uploads\/2025\/08\/20250528_164724-2-1536x885.jpg 1536w, https:\/\/kreftforeningen.no\/content\/uploads\/2025\/08\/20250528_164724-2-2048x1180.jpg 2048w, https:\/\/kreftforeningen.no\/content\/uploads\/2025\/08\/20250528_164724-2-135x78.jpg 135w\" sizes=\"auto, (max-width: 1024px) 100vw, 1024px\" \/><figcaption class=\"wp-element-caption\">Ungeflokken til Marita med sine kj\u00e6rester som kom p\u00e5 bes\u00f8k da hun var ferdigoperert.\u00a0 P\u00e5  bildet er Sander, Emma, Adrian,\u00a0 Nora, Aurora og Jakob. (Privat foto)<\/figcaption><\/figure>\n\n\n\n<p>Da hun sa til barna at hun h\u00e5pet p\u00e5 fint v\u00e6r, svarte eldstes\u00f8nnen at det bare var bra om v\u00e6ret ble d\u00e5rlig.<\/p>\n\n\n\n<p>&#8211;\u00a0For det \u00e5 ha kreft er ingen dans p\u00e5 roser, og det har ungene skj\u00f8nt etter det de har erfart med farmor.<\/p>\n\n\n\n<p>Ungene hennes har pratet mye om lysseremonien.<\/p>\n\n\n\n<p>&#8211;\u00a0\u00a0Jeg ser veldig frem til \u00e5 f\u00e5 lov til \u00e5 dele denne opplevelsen med dem,\u00a0spesielt det \u00e5 f\u00e5 minnes v\u00e5r alles kj\u00e6re farmor.\u00a0Ungene mine og kj\u00e6restene deres har v\u00e6rt der for meg, og de har v\u00e6rt helt enest\u00e5ende. Det er s\u00e5 fint for mammahjertet at de har engasjert seg s\u00e5nn, sier hun tydelig r\u00f8rt.<\/p>\n\n\n\n<figure class=\"wp-block-image size-large\"><img loading=\"lazy\" decoding=\"async\" width=\"768\" height=\"1024\" src=\"https:\/\/kreftforeningen.no\/content\/uploads\/2025\/08\/received_1141052100710603-768x1024.jpeg\" alt=\"Fire personer i formelle antrekk st\u00e5r foran et pyntet juletre i en stue med store vinduer og festlig belysning.\" class=\"wp-image-200624\" srcset=\"https:\/\/kreftforeningen.no\/content\/uploads\/2025\/08\/received_1141052100710603-768x1024.jpeg 768w, https:\/\/kreftforeningen.no\/content\/uploads\/2025\/08\/received_1141052100710603-225x300.jpeg 225w, https:\/\/kreftforeningen.no\/content\/uploads\/2025\/08\/received_1141052100710603-1152x1536.jpeg 1152w, https:\/\/kreftforeningen.no\/content\/uploads\/2025\/08\/received_1141052100710603-1536x2048.jpeg 1536w, https:\/\/kreftforeningen.no\/content\/uploads\/2025\/08\/received_1141052100710603-135x180.jpeg 135w, https:\/\/kreftforeningen.no\/content\/uploads\/2025\/08\/received_1141052100710603-scaled.jpeg 1920w\" sizes=\"auto, (max-width: 768px) 100vw, 768px\" \/><figcaption class=\"wp-element-caption\">Adrian, Aurora, Marita og Sander. (Privat foto)<\/figcaption><\/figure>\n\n\n\n<p>&#8211;\u00a0Samtidig er det rart \u00e5 v\u00e6re en av fighterne. Det hadde jeg aldri trodd skulle skje.<\/p>\n\n\n\n<p>Hun b\u00e5de gruer og gleder seg til \u00e5 g\u00e5 fighter-runden &#8211; og h\u00e5per at hun og alle andre kommer sterkere ut av \u00e5 delta.<\/p>\n\n\n\n<p>Marita valgte&nbsp;etter foresp\u00f8rsel&nbsp;\u00e5 dele litt av sin historie p\u00e5 Facebook-siden til Kreftforeningens Stafett for livet i Troms\u00f8. Responsen var stor og god.<\/p>\n\n\n\n<p>&#8211;\u00a0Jeg har f\u00e5tt mange meldinger\u00a0og telefoner,\u00a0ogs\u00e5\u00a0fra folk jeg ikke kjenner som takker for at jeg \u00e5pnet opp og fortalte. De kjente seg igjen. Derfor stiller jeg opp her ogs\u00e5, hvis det kan hjelpe noen andre, sier Marita.<\/p>\n\n\n\n<p>Hun oppfordrer flere til \u00e5 melde seg som fighter.<\/p>\n\n\n\n<h2 class=\"wp-block-heading\" id=\"h-dette-er-stafett-for-livet-tromso\"><strong>Dette er Stafett for livet Troms\u00f8<\/strong><\/h2>\n\n\n\n<p><strong>TID: <\/strong>6. -7. september klokken 12-12<\/p>\n\n\n\n<p><strong>STED: <\/strong>Charlottenlund Troms\u00f8<\/p>\n\n\n\n<p>Kreftforeningens Stafett for livet er en hyllest til alle som er rammet av kreft. Her stiller familier, venner, foreninger, arbeidsplasser og andre opp med lag for \u00e5 st\u00f8tte eller minnes noen de bryr seg om.<\/p>\n\n\n\n<p>Sammen skal deltakerne g\u00e5 eller l\u00f8pe i et helt d\u00f8gn for \u00e5 vise at det alltid b\u00f8r v\u00e6re noen p\u00e5 banen for den som er syk.<\/p>\n\n\n\n<p>Dette er ingen konkurranse, men arrangementet er p\u00e5 24 timer for \u00e5 vise at kreften aldri tar pause.<\/p>\n\n\n\n<p>Lagene kan leie telt, som de har som et samlingssted i pausene. Det er ogs\u00e5 salg av mat og drikke i l\u00f8pet av hele arrangementet.<\/p>\n\n\n\n<p>Det hele starter med en \u00e5pningsseremoni med stor festivitas. Det blir musikk, taler og fighter-middag. Det bli underholdning p\u00e5 ettermiddagen.<\/p>\n\n\n\n<p>Det bli en stemningsfull lysseremoni p\u00e5 kvelden.<\/p>\n\n\n\n<p>Det er ogs\u00e5 et eget arrangement for barn og ungdom med ulike aktiviteter.<\/p>\n\n\n\n<h2 class=\"wp-block-heading\" id=\"h-bli-med-du-ogsa\">Bli med du ogs\u00e5<\/h2>\n\n\n\n<p>Alle som vil kan delta. Enten \u00e5 melde seg p\u00e5 et lag eller danne sitt eget.<\/p>\n\n\n\n<p><a href=\"https:\/\/pamelding.stafettforlivet.no\/stafett\/tromso\/\">Her melder du deg p\u00e5<\/a><\/p>\n\n\n\n<p>Hvis du har eller har hatt kreft<a href=\"https:\/\/pamelding.stafettforlivet.no\/meld-interesse-som-fighter\/\"> kan du her melde deg som fighter<\/a> og bli med p\u00e5 middagen l\u00f8rdag.<\/p>\n\n\n\n<p>Vi trenger ogs\u00e5 flere frivillige. Bli med \u00e5 bidra.<a href=\"https:\/\/kreftforeningen.no\/stafettforlivet\/bli-frivillig\/\"> Meld deg her<\/a><\/p>\n\n\n\n<h2 class=\"wp-block-heading\" id=\"h-les-mer-om-vare-stafetter\">Les mer om v\u00e5re stafetter<\/h2>\n\n\n\n<p><strong>LES OGS\u00c5:<\/strong> Det er ogs\u00e5 Stafett for livet i Harstad. Der har blant annet alle Bl\u00e5lysetatene (brann, politi og ambulanse) et felles lag. <a href=\"https:\/\/kreftforeningen.no\/stafettforlivet\/aktuelt\/a-gjore-ting-sammen-styrker-oss-nar-vi-er-ute-pa-oppdrag\/\">Les mer om dem her<\/a><\/p>\n\n\n\n<p><strong>LES OGS\u00c5:<\/strong> Advokat \u00d8ystein Sagen er fighter p\u00e5 Stafett for livet i Harstad. Han gleder seg til \u00e5 m\u00f8te andre som er i samme situasjon.<a href=\"https:\/\/kreftforeningen.no\/aktuelt\/oystein-blir-aldri-frisk-men-lever-godt-med-diagnosen\/\"> Les mer om hans historie her<\/a><\/p>\n\n\n\n<p><strong>LES OGS\u00c5:<\/strong> For \u00e5 arrangere stafettene trenger vi mange frivillige. <a href=\"https:\/\/kreftforeningen.no\/stafettforlivet\/aktuelt\/ivar-76-moter-bare-velvilje-i-jobben-som-frivillig\/\">Ivar (76) er en av dem.<\/a> <\/p>\n\n\n\n<details class=\"wp-block-details is-layout-flow wp-block-details-is-layout-flow\"><summary>Fakta Stafett for livet<\/summary>\n<p>Dette er en hyllest til alle som er rammet av kreft<\/p>\n\n\n\n<p>Familie, venner, skoler, foreninger, arbeidsplasser og andre danner lag for en person de vil st\u00f8tte eller minnes<\/p>\n\n\n\n<p>Sammen skal de g\u00e5 eller l\u00f8pe i et helt d\u00f8gn for \u00e5 vise at det alltid b\u00f8r v\u00e6re noen p\u00e5 banen for den som er syk<\/p>\n\n\n\n<p>Arrangementet er i 24 timer for \u00e5 symbolisere at kreften aldri tar pause<\/p>\n\n\n\n<p>P\u00e5 alle stafettene er det \u00e5pningsseremoni, fighterrunder, lysseremoni og avslutningsseremoni<\/p>\n\n\n\n<p>Du g\u00e5r\/l\u00f8per s\u00e5 mange runder du vil og deltar s\u00e5 lenge du orker. Dette er ingen konkurranse<\/p>\n\n\n\n<p>Fightere er personer som har eller har hatt kreft. De er hedersgjester p\u00e5 arrangementet<\/p>\n\n\n\n<p>Det er gratis \u00e5 delta<\/p>\n\n\n\n<p>Frivillige er med p\u00e5 \u00e5 gjennomf\u00f8re og planlegge stafetten<\/p>\n\n\n\n<p>Alle som vil kan v\u00e6re st\u00f8ttespiller eller sponsor, enten med \u00e5 gi penger, varer eller tjenester<\/p>\n\n\n\n<p>Det er ogs\u00e5 mulig \u00e5 starte en digital innsamling<\/p>\n<\/details>\n","protected":false},"excerpt":{"rendered":"<p>Det forteller Marita Bratsberg (50) fra Lavangen. For henne tok livet en br\u00e5 vending tidligere i \u00e5r. Hun hadde nylig v\u00e6rt p\u00e5 sin f\u00f8rste mammografi-unders\u00f8kelse. Alt s\u00e5 fint ut. Familien var p\u00e5 en deilig\u00a0familieferie\u00a0p\u00e5 Grand Canaria,\u00a0og hun hadde akkurat feiret 50-\u00e5rsdage sin med gode venner og familien \u2013 \u00a0da hun plutselig oppdaget et inns\u00f8kk i [&hellip;]<\/p>\n","protected":false},"author":28,"featured_media":0,"comment_status":"closed","ping_status":"closed","sticky":false,"template":"","format":"standard","meta":{"_relevanssi_hide_post":"","_relevanssi_hide_content":"","_relevanssi_pin_for_all":"","_relevanssi_pin_keywords":"","_relevanssi_unpin_keywords":"","_relevanssi_related_keywords":"","_relevanssi_related_include_ids":"","_relevanssi_related_exclude_ids":"","_relevanssi_related_no_append":"","_relevanssi_related_not_related":"","_relevanssi_related_posts":"2574,1957,1829,1710,1723,2585","_relevanssi_noindex_reason":"","kf_show_post_date":true,"kf_show_updated_date":false,"kf_show_print_page":false,"kf_show_chapters":false,"kf_show_chapters_expanded":false,"kf_show_post_outdated":true,"kf_toggle_title":false,"kf_is_template":false,"kf_post_authors":[],"teft_cards_label":"","teft_cards_image_id":200618,"teft_cards_image_focal_point_x":0.56,"teft_cards_image_focal_point_y":0.27,"teft_cards_title":"","teft_cards_excerpt":"","footnotes":""},"categories":[1],"tags":[],"class_list":["post-2671","post","type-post","status-publish","format-standard","hentry","category-ukategorisert"],"yoast_head":"<!-- This site is optimized with the Yoast SEO Premium plugin v27.3 (Yoast SEO v27.4) - https:\/\/yoast.com\/product\/yoast-seo-premium-wordpress\/ -->\n<title>&#8211; Det blir spesielt \u00e5 g\u00e5 fighter-runden med pappaen min - Kreftforeningens Stafett for livet<\/title>\n<meta name=\"robots\" content=\"index, follow, max-snippet:-1, max-image-preview:large, max-video-preview:-1\" \/>\n<link rel=\"canonical\" href=\"https:\/\/kreftforeningen.no\/stafettforlivet\/aktuelt\/det-blir-spesielt-a-ga-fighter-runden-med-pappaen-min\/\" \/>\n<meta property=\"og:locale\" content=\"nb_NO\" \/>\n<meta property=\"og:type\" content=\"article\" \/>\n<meta property=\"og:title\" content=\"&#8211; Det blir spesielt \u00e5 g\u00e5 fighter-runden med pappaen min\" \/>\n<meta property=\"og:description\" content=\"Det forteller Marita Bratsberg (50) fra Lavangen. For henne tok livet en br\u00e5 vending tidligere i \u00e5r. Hun hadde nylig v\u00e6rt p\u00e5 sin f\u00f8rste mammografi-unders\u00f8kelse. Alt s\u00e5 fint ut. Familien var p\u00e5 en deilig\u00a0familieferie\u00a0p\u00e5 Grand Canaria,\u00a0og hun hadde akkurat feiret 50-\u00e5rsdage sin med gode venner og familien \u2013 \u00a0da hun plutselig oppdaget et inns\u00f8kk i [&hellip;]\" \/>\n<meta property=\"og:url\" content=\"https:\/\/kreftforeningen.no\/stafettforlivet\/aktuelt\/det-blir-spesielt-a-ga-fighter-runden-med-pappaen-min\/\" \/>\n<meta property=\"og:site_name\" content=\"Kreftforeningens Stafett for livet\" \/>\n<meta property=\"article:published_time\" content=\"2025-08-25T16:10:58+00:00\" \/>\n<meta property=\"article:modified_time\" content=\"2025-09-24T12:13:17+00:00\" \/>\n<meta name=\"author\" content=\"Anne Rui\" \/>\n<meta name=\"twitter:card\" content=\"summary_large_image\" \/>\n<meta name=\"twitter:label1\" content=\"Skrevet av\" \/>\n\t<meta name=\"twitter:data1\" content=\"Anne Rui\" \/>\n\t<meta name=\"twitter:label2\" content=\"Ansl. lesetid\" \/>\n\t<meta name=\"twitter:data2\" content=\"10 minutter\" \/>\n<script type=\"application\/ld+json\" class=\"yoast-schema-graph\">{\"@context\":\"https:\\\/\\\/schema.org\",\"@graph\":[{\"@type\":\"Article\",\"@id\":\"https:\\\/\\\/kreftforeningen.no\\\/stafettforlivet\\\/aktuelt\\\/det-blir-spesielt-a-ga-fighter-runden-med-pappaen-min\\\/#article\",\"isPartOf\":{\"@id\":\"https:\\\/\\\/kreftforeningen.no\\\/stafettforlivet\\\/aktuelt\\\/det-blir-spesielt-a-ga-fighter-runden-med-pappaen-min\\\/\"},\"author\":{\"name\":\"Anne Rui\",\"@id\":\"https:\\\/\\\/kreftforeningen.no\\\/stafettforlivet\\\/#\\\/schema\\\/person\\\/6e0586ad80b0d6e228f068317e0388d8\"},\"headline\":\"&#8211; Det blir spesielt \u00e5 g\u00e5 fighter-runden med pappaen min\",\"datePublished\":\"2025-08-25T16:10:58+00:00\",\"dateModified\":\"2025-09-24T12:13:17+00:00\",\"mainEntityOfPage\":{\"@id\":\"https:\\\/\\\/kreftforeningen.no\\\/stafettforlivet\\\/aktuelt\\\/det-blir-spesielt-a-ga-fighter-runden-med-pappaen-min\\\/\"},\"wordCount\":1716,\"publisher\":{\"@id\":\"https:\\\/\\\/kreftforeningen.no\\\/stafettforlivet\\\/#organization\"},\"image\":{\"@id\":\"https:\\\/\\\/kreftforeningen.no\\\/stafettforlivet\\\/aktuelt\\\/det-blir-spesielt-a-ga-fighter-runden-med-pappaen-min\\\/#primaryimage\"},\"thumbnailUrl\":\"https:\\\/\\\/kreftforeningen.no\\\/content\\\/uploads\\\/2025\\\/08\\\/20250822_094233-1024x578.jpg\",\"inLanguage\":\"nb-NO\"},{\"@type\":\"WebPage\",\"@id\":\"https:\\\/\\\/kreftforeningen.no\\\/stafettforlivet\\\/aktuelt\\\/det-blir-spesielt-a-ga-fighter-runden-med-pappaen-min\\\/\",\"url\":\"https:\\\/\\\/kreftforeningen.no\\\/stafettforlivet\\\/aktuelt\\\/det-blir-spesielt-a-ga-fighter-runden-med-pappaen-min\\\/\",\"name\":\"&#8211; Det blir spesielt \u00e5 g\u00e5 fighter-runden med pappaen min - Kreftforeningens Stafett for livet\",\"isPartOf\":{\"@id\":\"https:\\\/\\\/kreftforeningen.no\\\/stafettforlivet\\\/#website\"},\"primaryImageOfPage\":{\"@id\":\"https:\\\/\\\/kreftforeningen.no\\\/stafettforlivet\\\/aktuelt\\\/det-blir-spesielt-a-ga-fighter-runden-med-pappaen-min\\\/#primaryimage\"},\"image\":{\"@id\":\"https:\\\/\\\/kreftforeningen.no\\\/stafettforlivet\\\/aktuelt\\\/det-blir-spesielt-a-ga-fighter-runden-med-pappaen-min\\\/#primaryimage\"},\"thumbnailUrl\":\"https:\\\/\\\/kreftforeningen.no\\\/content\\\/uploads\\\/2025\\\/08\\\/20250822_094233-1024x578.jpg\",\"datePublished\":\"2025-08-25T16:10:58+00:00\",\"dateModified\":\"2025-09-24T12:13:17+00:00\",\"breadcrumb\":{\"@id\":\"https:\\\/\\\/kreftforeningen.no\\\/stafettforlivet\\\/aktuelt\\\/det-blir-spesielt-a-ga-fighter-runden-med-pappaen-min\\\/#breadcrumb\"},\"inLanguage\":\"nb-NO\",\"potentialAction\":[{\"@type\":\"ReadAction\",\"target\":[\"https:\\\/\\\/kreftforeningen.no\\\/stafettforlivet\\\/aktuelt\\\/det-blir-spesielt-a-ga-fighter-runden-med-pappaen-min\\\/\"]}]},{\"@type\":\"ImageObject\",\"inLanguage\":\"nb-NO\",\"@id\":\"https:\\\/\\\/kreftforeningen.no\\\/stafettforlivet\\\/aktuelt\\\/det-blir-spesielt-a-ga-fighter-runden-med-pappaen-min\\\/#primaryimage\",\"url\":\"https:\\\/\\\/kreftforeningen.no\\\/content\\\/uploads\\\/2025\\\/08\\\/20250822_094233-1024x578.jpg\",\"contentUrl\":\"https:\\\/\\\/kreftforeningen.no\\\/content\\\/uploads\\\/2025\\\/08\\\/20250822_094233-1024x578.jpg\"},{\"@type\":\"BreadcrumbList\",\"@id\":\"https:\\\/\\\/kreftforeningen.no\\\/stafettforlivet\\\/aktuelt\\\/det-blir-spesielt-a-ga-fighter-runden-med-pappaen-min\\\/#breadcrumb\",\"itemListElement\":[{\"@type\":\"ListItem\",\"position\":1,\"name\":\"Forside\",\"item\":\"https:\\\/\\\/kreftforeningen.no\\\/stafettforlivet\\\/\"},{\"@type\":\"ListItem\",\"position\":2,\"name\":\"&#8211; Det blir spesielt \u00e5 g\u00e5 fighter-runden med pappaen min\"}]},{\"@type\":\"WebSite\",\"@id\":\"https:\\\/\\\/kreftforeningen.no\\\/stafettforlivet\\\/#website\",\"url\":\"https:\\\/\\\/kreftforeningen.no\\\/stafettforlivet\\\/\",\"name\":\"Kreftforeningens Stafett for livet\",\"description\":\"\",\"publisher\":{\"@id\":\"https:\\\/\\\/kreftforeningen.no\\\/stafettforlivet\\\/#organization\"},\"potentialAction\":[{\"@type\":\"SearchAction\",\"target\":{\"@type\":\"EntryPoint\",\"urlTemplate\":\"https:\\\/\\\/kreftforeningen.no\\\/stafettforlivet\\\/?s={search_term_string}\"},\"query-input\":{\"@type\":\"PropertyValueSpecification\",\"valueRequired\":true,\"valueName\":\"search_term_string\"}}],\"inLanguage\":\"nb-NO\"},{\"@type\":\"Organization\",\"@id\":\"https:\\\/\\\/kreftforeningen.no\\\/stafettforlivet\\\/#organization\",\"name\":\"Kreftforeningens Stafett for livet\",\"url\":\"https:\\\/\\\/kreftforeningen.no\\\/stafettforlivet\\\/\",\"logo\":{\"@type\":\"ImageObject\",\"inLanguage\":\"nb-NO\",\"@id\":\"https:\\\/\\\/kreftforeningen.no\\\/stafettforlivet\\\/#\\\/schema\\\/logo\\\/image\\\/\",\"url\":\"https:\\\/\\\/kreftforeningen.no\\\/content\\\/uploads\\\/2020\\\/05\\\/cropped-LogoStafettForLivet130-1.png\",\"contentUrl\":\"https:\\\/\\\/kreftforeningen.no\\\/content\\\/uploads\\\/2020\\\/05\\\/cropped-LogoStafettForLivet130-1.png\",\"caption\":\"Kreftforeningens Stafett for livet\"},\"image\":{\"@id\":\"https:\\\/\\\/kreftforeningen.no\\\/stafettforlivet\\\/#\\\/schema\\\/logo\\\/image\\\/\"}},{\"@type\":\"Person\",\"@id\":\"https:\\\/\\\/kreftforeningen.no\\\/stafettforlivet\\\/#\\\/schema\\\/person\\\/6e0586ad80b0d6e228f068317e0388d8\",\"name\":\"Anne Rui\",\"image\":{\"@type\":\"ImageObject\",\"inLanguage\":\"nb-NO\",\"@id\":\"https:\\\/\\\/secure.gravatar.com\\\/avatar\\\/a17f9f1025a52f536090c06ff388b6f2bb39f1c656efa38adf6be81242899b1e?s=96&d=mm&r=g\",\"url\":\"https:\\\/\\\/secure.gravatar.com\\\/avatar\\\/a17f9f1025a52f536090c06ff388b6f2bb39f1c656efa38adf6be81242899b1e?s=96&d=mm&r=g\",\"contentUrl\":\"https:\\\/\\\/secure.gravatar.com\\\/avatar\\\/a17f9f1025a52f536090c06ff388b6f2bb39f1c656efa38adf6be81242899b1e?s=96&d=mm&r=g\",\"caption\":\"Anne Rui\"}}]}<\/script>\n<!-- \/ Yoast SEO Premium plugin. -->","yoast_head_json":{"title":"&#8211; Det blir spesielt \u00e5 g\u00e5 fighter-runden med pappaen min - Kreftforeningens Stafett for livet","robots":{"index":"index","follow":"follow","max-snippet":"max-snippet:-1","max-image-preview":"max-image-preview:large","max-video-preview":"max-video-preview:-1"},"canonical":"https:\/\/kreftforeningen.no\/stafettforlivet\/aktuelt\/det-blir-spesielt-a-ga-fighter-runden-med-pappaen-min\/","og_locale":"nb_NO","og_type":"article","og_title":"&#8211; Det blir spesielt \u00e5 g\u00e5 fighter-runden med pappaen min","og_description":"Det forteller Marita Bratsberg (50) fra Lavangen. For henne tok livet en br\u00e5 vending tidligere i \u00e5r. Hun hadde nylig v\u00e6rt p\u00e5 sin f\u00f8rste mammografi-unders\u00f8kelse. Alt s\u00e5 fint ut. Familien var p\u00e5 en deilig\u00a0familieferie\u00a0p\u00e5 Grand Canaria,\u00a0og hun hadde akkurat feiret 50-\u00e5rsdage sin med gode venner og familien \u2013 \u00a0da hun plutselig oppdaget et inns\u00f8kk i [&hellip;]","og_url":"https:\/\/kreftforeningen.no\/stafettforlivet\/aktuelt\/det-blir-spesielt-a-ga-fighter-runden-med-pappaen-min\/","og_site_name":"Kreftforeningens Stafett for livet","article_published_time":"2025-08-25T16:10:58+00:00","article_modified_time":"2025-09-24T12:13:17+00:00","author":"Anne Rui","twitter_card":"summary_large_image","twitter_misc":{"Skrevet av":"Anne Rui","Ansl. lesetid":"10 minutter"},"schema":{"@context":"https:\/\/schema.org","@graph":[{"@type":"Article","@id":"https:\/\/kreftforeningen.no\/stafettforlivet\/aktuelt\/det-blir-spesielt-a-ga-fighter-runden-med-pappaen-min\/#article","isPartOf":{"@id":"https:\/\/kreftforeningen.no\/stafettforlivet\/aktuelt\/det-blir-spesielt-a-ga-fighter-runden-med-pappaen-min\/"},"author":{"name":"Anne Rui","@id":"https:\/\/kreftforeningen.no\/stafettforlivet\/#\/schema\/person\/6e0586ad80b0d6e228f068317e0388d8"},"headline":"&#8211; Det blir spesielt \u00e5 g\u00e5 fighter-runden med pappaen min","datePublished":"2025-08-25T16:10:58+00:00","dateModified":"2025-09-24T12:13:17+00:00","mainEntityOfPage":{"@id":"https:\/\/kreftforeningen.no\/stafettforlivet\/aktuelt\/det-blir-spesielt-a-ga-fighter-runden-med-pappaen-min\/"},"wordCount":1716,"publisher":{"@id":"https:\/\/kreftforeningen.no\/stafettforlivet\/#organization"},"image":{"@id":"https:\/\/kreftforeningen.no\/stafettforlivet\/aktuelt\/det-blir-spesielt-a-ga-fighter-runden-med-pappaen-min\/#primaryimage"},"thumbnailUrl":"https:\/\/kreftforeningen.no\/content\/uploads\/2025\/08\/20250822_094233-1024x578.jpg","inLanguage":"nb-NO"},{"@type":"WebPage","@id":"https:\/\/kreftforeningen.no\/stafettforlivet\/aktuelt\/det-blir-spesielt-a-ga-fighter-runden-med-pappaen-min\/","url":"https:\/\/kreftforeningen.no\/stafettforlivet\/aktuelt\/det-blir-spesielt-a-ga-fighter-runden-med-pappaen-min\/","name":"&#8211; Det blir spesielt \u00e5 g\u00e5 fighter-runden med pappaen min - Kreftforeningens Stafett for livet","isPartOf":{"@id":"https:\/\/kreftforeningen.no\/stafettforlivet\/#website"},"primaryImageOfPage":{"@id":"https:\/\/kreftforeningen.no\/stafettforlivet\/aktuelt\/det-blir-spesielt-a-ga-fighter-runden-med-pappaen-min\/#primaryimage"},"image":{"@id":"https:\/\/kreftforeningen.no\/stafettforlivet\/aktuelt\/det-blir-spesielt-a-ga-fighter-runden-med-pappaen-min\/#primaryimage"},"thumbnailUrl":"https:\/\/kreftforeningen.no\/content\/uploads\/2025\/08\/20250822_094233-1024x578.jpg","datePublished":"2025-08-25T16:10:58+00:00","dateModified":"2025-09-24T12:13:17+00:00","breadcrumb":{"@id":"https:\/\/kreftforeningen.no\/stafettforlivet\/aktuelt\/det-blir-spesielt-a-ga-fighter-runden-med-pappaen-min\/#breadcrumb"},"inLanguage":"nb-NO","potentialAction":[{"@type":"ReadAction","target":["https:\/\/kreftforeningen.no\/stafettforlivet\/aktuelt\/det-blir-spesielt-a-ga-fighter-runden-med-pappaen-min\/"]}]},{"@type":"ImageObject","inLanguage":"nb-NO","@id":"https:\/\/kreftforeningen.no\/stafettforlivet\/aktuelt\/det-blir-spesielt-a-ga-fighter-runden-med-pappaen-min\/#primaryimage","url":"https:\/\/kreftforeningen.no\/content\/uploads\/2025\/08\/20250822_094233-1024x578.jpg","contentUrl":"https:\/\/kreftforeningen.no\/content\/uploads\/2025\/08\/20250822_094233-1024x578.jpg"},{"@type":"BreadcrumbList","@id":"https:\/\/kreftforeningen.no\/stafettforlivet\/aktuelt\/det-blir-spesielt-a-ga-fighter-runden-med-pappaen-min\/#breadcrumb","itemListElement":[{"@type":"ListItem","position":1,"name":"Forside","item":"https:\/\/kreftforeningen.no\/stafettforlivet\/"},{"@type":"ListItem","position":2,"name":"&#8211; Det blir spesielt \u00e5 g\u00e5 fighter-runden med pappaen min"}]},{"@type":"WebSite","@id":"https:\/\/kreftforeningen.no\/stafettforlivet\/#website","url":"https:\/\/kreftforeningen.no\/stafettforlivet\/","name":"Kreftforeningens Stafett for livet","description":"","publisher":{"@id":"https:\/\/kreftforeningen.no\/stafettforlivet\/#organization"},"potentialAction":[{"@type":"SearchAction","target":{"@type":"EntryPoint","urlTemplate":"https:\/\/kreftforeningen.no\/stafettforlivet\/?s={search_term_string}"},"query-input":{"@type":"PropertyValueSpecification","valueRequired":true,"valueName":"search_term_string"}}],"inLanguage":"nb-NO"},{"@type":"Organization","@id":"https:\/\/kreftforeningen.no\/stafettforlivet\/#organization","name":"Kreftforeningens Stafett for livet","url":"https:\/\/kreftforeningen.no\/stafettforlivet\/","logo":{"@type":"ImageObject","inLanguage":"nb-NO","@id":"https:\/\/kreftforeningen.no\/stafettforlivet\/#\/schema\/logo\/image\/","url":"https:\/\/kreftforeningen.no\/content\/uploads\/2020\/05\/cropped-LogoStafettForLivet130-1.png","contentUrl":"https:\/\/kreftforeningen.no\/content\/uploads\/2020\/05\/cropped-LogoStafettForLivet130-1.png","caption":"Kreftforeningens Stafett for livet"},"image":{"@id":"https:\/\/kreftforeningen.no\/stafettforlivet\/#\/schema\/logo\/image\/"}},{"@type":"Person","@id":"https:\/\/kreftforeningen.no\/stafettforlivet\/#\/schema\/person\/6e0586ad80b0d6e228f068317e0388d8","name":"Anne Rui","image":{"@type":"ImageObject","inLanguage":"nb-NO","@id":"https:\/\/secure.gravatar.com\/avatar\/a17f9f1025a52f536090c06ff388b6f2bb39f1c656efa38adf6be81242899b1e?s=96&d=mm&r=g","url":"https:\/\/secure.gravatar.com\/avatar\/a17f9f1025a52f536090c06ff388b6f2bb39f1c656efa38adf6be81242899b1e?s=96&d=mm&r=g","contentUrl":"https:\/\/secure.gravatar.com\/avatar\/a17f9f1025a52f536090c06ff388b6f2bb39f1c656efa38adf6be81242899b1e?s=96&d=mm&r=g","caption":"Anne Rui"}}]}},"_links":{"self":[{"href":"https:\/\/kreftforeningen.no\/stafettforlivet\/wp-json\/wp\/v2\/posts\/2671","targetHints":{"allow":["GET"]}}],"collection":[{"href":"https:\/\/kreftforeningen.no\/stafettforlivet\/wp-json\/wp\/v2\/posts"}],"about":[{"href":"https:\/\/kreftforeningen.no\/stafettforlivet\/wp-json\/wp\/v2\/types\/post"}],"author":[{"embeddable":true,"href":"https:\/\/kreftforeningen.no\/stafettforlivet\/wp-json\/wp\/v2\/users\/28"}],"replies":[{"embeddable":true,"href":"https:\/\/kreftforeningen.no\/stafettforlivet\/wp-json\/wp\/v2\/comments?post=2671"}],"version-history":[{"count":21,"href":"https:\/\/kreftforeningen.no\/stafettforlivet\/wp-json\/wp\/v2\/posts\/2671\/revisions"}],"predecessor-version":[{"id":2853,"href":"https:\/\/kreftforeningen.no\/stafettforlivet\/wp-json\/wp\/v2\/posts\/2671\/revisions\/2853"}],"wp:attachment":[{"href":"https:\/\/kreftforeningen.no\/stafettforlivet\/wp-json\/wp\/v2\/media?parent=2671"}],"wp:term":[{"taxonomy":"category","embeddable":true,"href":"https:\/\/kreftforeningen.no\/stafettforlivet\/wp-json\/wp\/v2\/categories?post=2671"},{"taxonomy":"post_tag","embeddable":true,"href":"https:\/\/kreftforeningen.no\/stafettforlivet\/wp-json\/wp\/v2\/tags?post=2671"}],"curies":[{"name":"wp","href":"https:\/\/api.w.org\/{rel}","templated":true}]}}