{"id":2698,"date":"2025-08-25T18:40:08","date_gmt":"2025-08-25T16:40:08","guid":{"rendered":"https:\/\/kreftforeningen.no\/stafettforlivet\/?p=2698"},"modified":"2025-09-24T14:11:41","modified_gmt":"2025-09-24T12:11:41","slug":"brannmannen-rune-ble-bare-53-i-ar-skal-vi-lope-for-a-hedre-han","status":"publish","type":"post","link":"https:\/\/kreftforeningen.no\/stafettforlivet\/aktuelt\/brannmannen-rune-ble-bare-53-i-ar-skal-vi-lope-for-a-hedre-han\/","title":{"rendered":"Brannmannen Rune ble bare 53: &#8211; I \u00e5r skal vi l\u00f8pe for \u00e5 hedre han"},"content":{"rendered":"\n<figure class=\"wp-block-image size-large\"><img loading=\"lazy\" decoding=\"async\" width=\"1024\" height=\"683\" src=\"https:\/\/kreftforeningen.no\/content\/uploads\/2025\/08\/SGE8289-1024x683.jpeg\" alt=\"En mann gir en kvinne en ridetur utend\u00f8rs, begge smiler, med gr\u00f8nne tr\u00e6r og fjell i bakgrunnen.\" class=\"wp-image-200625\" srcset=\"https:\/\/kreftforeningen.no\/content\/uploads\/2025\/08\/SGE8289-1024x683.jpeg 1024w, https:\/\/kreftforeningen.no\/content\/uploads\/2025\/08\/SGE8289-300x200.jpeg 300w, https:\/\/kreftforeningen.no\/content\/uploads\/2025\/08\/SGE8289-768x512.jpeg 768w, https:\/\/kreftforeningen.no\/content\/uploads\/2025\/08\/SGE8289-1536x1024.jpeg 1536w, https:\/\/kreftforeningen.no\/content\/uploads\/2025\/08\/SGE8289-2048x1365.jpeg 2048w, https:\/\/kreftforeningen.no\/content\/uploads\/2025\/08\/SGE8289-135x90.jpeg 135w\" sizes=\"auto, (max-width: 1024px) 100vw, 1024px\" \/><figcaption class=\"wp-element-caption\">I \u00e5r g\u00e5r Stine Benjaminsen for sin pappa som d\u00f8de av kreft i v\u00e5r. <\/figcaption><\/figure>\n\n\n\n<div class=\"wp-block-kf-ingress\"><div class=\"kf-header__ingress\"><p>I fjor l\u00f8p Stine Benjaminsen for \u00e5 st\u00f8tte sin kreftsyke far. I \u00e5r m\u00e5 hun og resten av Fjordg\u00e5rd l\u00f8peklubb delta p\u00e5 stafetten til minne om han.<\/p><\/div><\/div>\n\n\n\n<p>Stine Benjaminsen (34) ble f\u00f8dt da Rune Benjaminsen var 20 \u00e5r. Han har v\u00e6rt en trygg havn hele hennes liv, frem til han d\u00f8de av kreft i v\u00e5r.<\/p>\n\n\n\n<p>&#8211; Han var en person som s\u00e5 menneskene rundt seg. Han var sv\u00e6rt aktiv, elsket \u00e5 springe p\u00e5 m\u00f8lla og i fjellet. Han jobbet i brannvesenet, og var en dyktig og kunnskapsrik brannmann og redningsdykker.<\/p>\n\n\n\n<p>Slik beskriver Stine sin pappa Rune. Hun forteller at han kjente folk overalt.<\/p>\n\n\n\n<p>&#8211; Folk kom alltid til han, enten de var i livskrise eller om det var motoren som trengte en ny pakning.<\/p>\n\n\n\n<p>I begravelsen sa presten det s\u00e5 fint: \u00abEn av de beste har g\u00e5tt av vakt\u00bb.<\/p>\n\n\n\n<h2 class=\"wp-block-heading\" id=\"h-en-aktiv-mann\">En aktiv mann<\/h2>\n\n\n\n<p>Rune hadde fem barn, og Stine forteller at faren har jobbet b\u00e5de p\u00e5 verksted og p\u00e5 fiskeb\u00e5t, men at det var brannmann som var det yrket han elsket h\u00f8yest og som han hadde frem til han d\u00f8de. Brannmenn er blant de yrkesgruppene som er mest utsatt for kreft.<\/p>\n\n\n\n<p>&#8211; Det er vanskelig \u00e5 vite om det var jobben som ga han kreft, men det er n\u00e6rliggende \u00e5 tro det. Han r\u00f8ykte ikke, drakk sjeldent og l\u00f8p ofte ti mil i uka. Han var superaktiv og kjempesterk. Han levde et sunt liv, og alle fikk bakoversveis over at pappa fikk kreft, forteller Stine.<\/p>\n\n\n\n<p>Kun kort tid f\u00f8r han fikk p\u00e5vist kreft, gjennomf\u00f8rte han de fysiske kravene til brannmenn. Og det til tross for at han uvitende hadde flere blodpropper i lungene.<\/p>\n\n\n\n<p>&#8211; Kreften startet i gallegangene og spredte seg til leveren, forteller datteren.<\/p>\n\n\n\n<p>Han ble f\u00f8rst bedre etter cellegiftkurene, og svulstene krympet. Da fikk de h\u00e5p. Kanskje kunne han leve noen \u00e5r med kreften?<\/p>\n\n\n\n<figure class=\"wp-block-image size-large\"><img loading=\"lazy\" decoding=\"async\" width=\"768\" height=\"1024\" src=\"https:\/\/kreftforeningen.no\/content\/uploads\/2025\/08\/2015-02-21-13.41.03-768x1024.jpeg\" alt=\"To personer i skiutstyr st\u00e5r p\u00e5 et tredekke med ski og staver og smiler til kameraet. En bygning og tr\u00e6r er synlige i bakgrunnen.\" class=\"wp-image-200626\" srcset=\"https:\/\/kreftforeningen.no\/content\/uploads\/2025\/08\/2015-02-21-13.41.03-768x1024.jpeg 768w, https:\/\/kreftforeningen.no\/content\/uploads\/2025\/08\/2015-02-21-13.41.03-225x300.jpeg 225w, https:\/\/kreftforeningen.no\/content\/uploads\/2025\/08\/2015-02-21-13.41.03-1152x1536.jpeg 1152w, https:\/\/kreftforeningen.no\/content\/uploads\/2025\/08\/2015-02-21-13.41.03-135x180.jpeg 135w, https:\/\/kreftforeningen.no\/content\/uploads\/2025\/08\/2015-02-21-13.41.03.jpeg 1536w\" sizes=\"auto, (max-width: 768px) 100vw, 768px\" \/><figcaption class=\"wp-element-caption\">Rune Benjaminsen var aktiv og sterk. Sammen med han var Stine p\u00e5 mange turer. Hun tror han er stolt over at de stiller lag p\u00e5 Stafett for livet i Troms\u00f8 i \u00e5r &#8211; for \u00e5 minnes han. (Privat foto)<\/figcaption><\/figure>\n\n\n\n<p>&#8211; Han var i s\u00e5 god form at hele storfamilien dro til Kreta i august i fjor, forteller Stine.<\/p>\n\n\n\n<p>Men s\u00e5 ut p\u00e5 h\u00f8sten begynte svulstene \u00e5 vokse og spre seg. Siden han var ung og sterk, fikk han tilbud om en annen type cellegift.<\/p>\n\n\n\n<p>&#8211; Pappa ville s\u00e5 inderlig leve, s\u00e5 han f\u00f8lte at han m\u00e5tte si ja og pr\u00f8ve. Men den cellegifta br\u00f8t han ned, og han ble d\u00e5rligere. De siste m\u00e5nedene ble kjempetunge.<\/p>\n\n\n\n<p>&#8211; I begravelsen ba vi om penger til Brannmenn mot kreft, istedenfor blomster. Da kom det inn 150.000 kroner, forteller Stine r\u00f8rt.<\/p>\n\n\n\n<h2 class=\"wp-block-heading\" id=\"h-laget-egen-stafett\">Laget egen stafett<\/h2>\n\n\n\n<p>Et s\u00f8skenbarn foreslo i fjor at de burde laget et lag for Rune p\u00e5 Stafett for livet i Troms\u00f8. Den ideen likte Stine godt, og hun kalte laget for \u00abFjordg\u00e5rd l\u00f8peklubb\u00bb for Rune.<\/p>\n\n\n\n<p>&#8211; Det er fordi han flyttet til Fjordg\u00e5rd p\u00e5 Senja som ung og fant sitt hjem der. Han elsket fjellene, folkene og livet i den lille bygda. Det er ogs\u00e5 der har han har lagt ned mange av milene han har l\u00f8pt opp gjennom \u00e5rene.<\/p>\n\n\n\n<p>Folk i bygda Fjordg\u00e5rd var glad i Rune, og han var engasjert i alt mulig der ute. Det var mange i Fjordg\u00e5rd som ikke hadde mulighet til \u00e5 dra til&nbsp;Troms\u00f8 for \u00e5 delta i stafetten. Da tok Stine og flere friheten med \u00e5 lage en egen Stafett for livet helgen f\u00f8r arrangementet i Troms\u00f8 kun for Rune.<\/p>\n\n\n\n<figure class=\"wp-block-image size-large\"><img loading=\"lazy\" decoding=\"async\" width=\"1024\" height=\"687\" src=\"https:\/\/kreftforeningen.no\/content\/uploads\/2025\/08\/bilde1--1024x687.jpg\" alt=\"En smilende brannmann med r\u00f8d hjelm og solbrunt verneutstyr st\u00e5r utend\u00f8rs, med en annen brannmann og en brannbil i bakgrunnen.\" class=\"wp-image-200627\" srcset=\"https:\/\/kreftforeningen.no\/content\/uploads\/2025\/08\/bilde1--1024x687.jpg 1024w, https:\/\/kreftforeningen.no\/content\/uploads\/2025\/08\/bilde1--300x201.jpg 300w, https:\/\/kreftforeningen.no\/content\/uploads\/2025\/08\/bilde1--768x516.jpg 768w, https:\/\/kreftforeningen.no\/content\/uploads\/2025\/08\/bilde1--1536x1031.jpg 1536w, https:\/\/kreftforeningen.no\/content\/uploads\/2025\/08\/bilde1--2048x1375.jpg 2048w, https:\/\/kreftforeningen.no\/content\/uploads\/2025\/08\/bilde1--135x91.jpg 135w\" sizes=\"auto, (max-width: 1024px) 100vw, 1024px\" \/><figcaption class=\"wp-element-caption\">Rune Benjaminsen var brannmann &#8211; og jobbet p\u00e5 Svalbard de siste \u00e5rene f\u00f8r han ble syk. <\/figcaption><\/figure>\n\n\n\n<p>Alle i bygda var med. Det ble laget banner. Folk bakte. Det ble laget tale. Alt var en overraskelse for Rune.<\/p>\n\n\n\n<p>&#8211; Kj\u00e6resten sa til pappa at n\u00e5 skulle de p\u00e5 butikken, og da sto hele bygda der som en overraskelse for han. Alle gikk sammen, med rullator, barnevogner og sykler. Han ble s\u00e5 overrasket og glad, forteller Stine r\u00f8rt.<\/p>\n\n\n\n<p>P\u00e5 Stafetten i Troms\u00f8 deltok ogs\u00e5 mange brannfolk for Rune \u2013 og totalt gikk Fjordg\u00e5rd l\u00f8peklubb 1.400 runder. Noe som tilsvarer 54 mil.<\/p>\n\n\n\n<h2 class=\"wp-block-heading\" id=\"h-dro-til-svalbard-for-a-si-ha-det\">Dro til Svalbard for \u00e5 si ha det<\/h2>\n\n\n\n<p>Rune var i s\u00e5pass god form da Stafett for livet ble arrangert i fjor, at han og kj\u00e6resten dro til Svalbard for \u00e5 si ha det til kollegaer og venner der. For han jobbet i brannvesenet p\u00e5 Svalbard de siste \u00e5rene av yrkeslivet, og da han ble sendt til fastlandet for unders\u00f8kelser p\u00e5 UNN visste han ikke at han aldri skulle \u00e5 komme tilbake p\u00e5 jobb.<\/p>\n\n\n\n<p>&#8211; Men vi sendte bilder og video av stafetten, og han var kjempestolt, forteller Stine.<\/p>\n\n\n\n<p>&#8211; Det er fra pappa jeg har l\u00e6rt at man aldri m\u00e5 gi seg. Vi kan godt snuble, men vi blir aldri liggende nede.&nbsp;<\/p>\n\n\n\n<figure class=\"wp-block-image size-large\"><img loading=\"lazy\" decoding=\"async\" width=\"768\" height=\"1024\" src=\"https:\/\/kreftforeningen.no\/content\/uploads\/2025\/08\/IMG_2553-768x1024.jpeg\" alt=\"En mann sitter i en sofa og smiler, mens han holder rundt et lite barn som ogs\u00e5 smiler. De befinner seg innend\u00f8rs i en moderne stue.\" class=\"wp-image-200628\" srcset=\"https:\/\/kreftforeningen.no\/content\/uploads\/2025\/08\/IMG_2553-768x1024.jpeg 768w, https:\/\/kreftforeningen.no\/content\/uploads\/2025\/08\/IMG_2553-225x300.jpeg 225w, https:\/\/kreftforeningen.no\/content\/uploads\/2025\/08\/IMG_2553-135x180.jpeg 135w, https:\/\/kreftforeningen.no\/content\/uploads\/2025\/08\/IMG_2553.jpeg 900w\" sizes=\"auto, (max-width: 768px) 100vw, 768px\" \/><figcaption class=\"wp-element-caption\">Stine skal i \u00e5r l\u00f8pe for \u00e5 hedre faren, Rune. Det blir spesielt og fint. I \u00e5r skal barnebarnet l\u00f8pet for bestefaren. (Privat foto)<\/figcaption><\/figure>\n\n\n\n<h2 class=\"wp-block-heading\" id=\"h-skal-hedre-han-i-ar\">Skal hedre han i \u00e5r<\/h2>\n\n\n\n<p>I \u00e5r blir Stafett for livet annerledes. I \u00e5r l\u00f8per de for \u00e5 minnes Rune.<\/p>\n\n\n\n<p>&#8211; Jeg vet mange har lyst \u00e5 springe i \u00e5r. Det blir en fin m\u00e5te \u00e5 samles p\u00e5. Det blir fint \u00e5 gj\u00f8re sammen det pappa likte aller best, \u00e5 l\u00f8pe.<\/p>\n\n\n\n<p>Selv er Stine glad i \u00e5 springe.<\/p>\n\n\n\n<p>&#8211; Jeg tok opp l\u00f8pingen igjen etter at pappa ble syk. Jeg og pappa har hatt mange mange trenings\u00f8kter og timer i fjellet sammen. Det var en greie vi hadde. Jeg tenker p\u00e5 pappa hver eneste gang jeg l\u00f8per. I \u00e5r skal jeg l\u00f8pe stafetten for \u00e5 hedre og minnes han.<\/p>\n\n\n\n<p>Stine synes jobben Kreftforeningen gj\u00f8r er veldig bra. For de som blir syk og de p\u00e5r\u00f8rende er det viktig \u00e5 ha et st\u00f8tteapparat rundt \u2013 og midlene som Kreftforeningen samler inn til forsking betyr mye.<\/p>\n\n\n\n<p>&#8211; Det gj\u00f8r det ekstra meningsfullt \u00e5 delta p\u00e5 Kreftforeningens Stafett for livet. Det \u00e5 kunne bidra p\u00e5 en mer aktiv m\u00e5te f\u00f8les bra ut.<\/p>\n\n\n\n<h2 class=\"wp-block-heading\" id=\"h-en-sterk-opplevelse\">En sterk opplevelse<\/h2>\n\n\n\n<p>For Stine var det en sterk opplevelse \u00e5 l\u00f8pe p\u00e5 natta i fjor.<\/p>\n\n\n\n<p>&#8211; Det var aldri stopp, og det var veldig sterkt. Man samler s\u00e5 mye kj\u00e6rlighet og styrke den helgen.<\/p>\n\n\n\n<p>&#8211; Og som Kreftforeningen sier s\u00e5 bra, det er med p\u00e5 \u00e5 vise at man \u00aber p\u00e5 banen 24-7\u00bb for den som er syk.<\/p>\n\n\n\n<p>&#8211; Som p\u00e5r\u00f8rende blir man veldig hjelpel\u00f8s. Men n\u00e5 f\u00e5r en lov \u00e5 bruke av tiden sin, l\u00f8pe, samle inn penger og fysisk vise at man er der.<\/p>\n\n\n\n<p>Etter at faren d\u00f8de har Stine blitt mer bevisst p\u00e5 hvordan hun bruker tiden sin, og hvem hun bruker den p\u00e5.<\/p>\n\n\n\n<p>&#8211; For pappa var en vanlig middag med familien rundt langbordet i Fjordg\u00e5rd det aller fineste han kunne tenke seg. Det \u00e5 v\u00e6re til stedet i \u00f8yeblikket med de man er glad i. Det var det som betydde noe. Det pr\u00f8ver jeg \u00e5 ta med videre i livet.<\/p>\n\n\n\n<figure class=\"wp-block-image size-large is-resized\"><img loading=\"lazy\" decoding=\"async\" width=\"576\" height=\"1024\" src=\"https:\/\/kreftforeningen.no\/content\/uploads\/2025\/08\/IMG_9278-576x1024.jpeg\" alt=\"En mann i friluftskl\u00e6r sitter p\u00e5 en stein med en sandwich og en boks Coca-Cola i h\u00e5nden, med en innsj\u00f8 og fjell i bakgrunnen.\" class=\"wp-image-200629\" style=\"width:798px;height:auto\" srcset=\"https:\/\/kreftforeningen.no\/content\/uploads\/2025\/08\/IMG_9278-576x1024.jpeg 576w, https:\/\/kreftforeningen.no\/content\/uploads\/2025\/08\/IMG_9278-169x300.jpeg 169w, https:\/\/kreftforeningen.no\/content\/uploads\/2025\/08\/IMG_9278-768x1365.jpeg 768w, https:\/\/kreftforeningen.no\/content\/uploads\/2025\/08\/IMG_9278-864x1536.jpeg 864w, https:\/\/kreftforeningen.no\/content\/uploads\/2025\/08\/IMG_9278-1152x2048.jpeg 1152w, https:\/\/kreftforeningen.no\/content\/uploads\/2025\/08\/IMG_9278-117x208.jpeg 117w, https:\/\/kreftforeningen.no\/content\/uploads\/2025\/08\/IMG_9278.jpeg 1242w\" sizes=\"auto, (max-width: 576px) 100vw, 576px\" \/><figcaption class=\"wp-element-caption\">Rune ble bare 53, og presten sa det s\u00e5 fint i begravelsen &laquo;En av de beste har g\u00e5tt av vakt&raquo;. (Privat foto)<\/figcaption><\/figure>\n\n\n\n<p>Hun oppfordrer alle til \u00e5 bli med. Uansett fysisk form. For selv om det heter stafett, s\u00e5 er det ingen konkurranse. Man g\u00e5r, sykler eller triller s\u00e5 mange runder man klarer. Og man trenger heller ikke \u00e5 v\u00e6re ute p\u00e5 banen. Bestemoren hennes bakte boller og moren kom innom med varm kakao p\u00e5 natta.<\/p>\n\n\n\n<p>&#8211; Du beh\u00f8ver heller ikke \u00e5 kjenne eller ha kjent vedkommende godt for \u00e5 v\u00e6re med. Flere av mine venner kjente ikke pappa, men kom innom for \u00e5 st\u00f8tte meg eller dele ut en klem. Det er en fin m\u00e5te \u00e5 bidra p\u00e5, synes Stine.<\/p>\n\n\n\n<h2 class=\"wp-block-heading\" id=\"h-dette-er-stafett-for-livet-tromso\"><strong>Dette er Stafett for livet Troms\u00f8<\/strong><\/h2>\n\n\n\n<p><strong>TID: <\/strong>6. -7. september klokken 12-12<\/p>\n\n\n\n<p><strong>STED: <\/strong>Charlottenlund Troms\u00f8<\/p>\n\n\n\n<p>Kreftforeningens Stafett for livet er en hyllest til alle som er rammet av kreft. Her stiller familier, venner, foreninger, arbeidsplasser og andre opp med lag for \u00e5 st\u00f8tte eller minnes noen de bryr seg om.<\/p>\n\n\n\n<p>Sammen skal deltakerne g\u00e5 eller l\u00f8pe i et helt d\u00f8gn for \u00e5 vise at det alltid b\u00f8r v\u00e6re noen p\u00e5 banen for den som er syk.<\/p>\n\n\n\n<p>Dette er ingen konkurranse, men arrangementet er p\u00e5 24 timer for \u00e5 vise at kreften aldri tar pause.<\/p>\n\n\n\n<p>Lagene kan leie telt, som de har som et samlingssted i pausene. Det er ogs\u00e5 salg av mat og drikke i l\u00f8pet av hele arrangementet.<\/p>\n\n\n\n<p>Det hele starter med en \u00e5pningsseremoni med stor festivitas. Det blir musikk, taler og fighter-middag. Det bli underholdning p\u00e5 ettermiddagen.<\/p>\n\n\n\n<p>Det bli en stemningsfull lysseremoni p\u00e5 kvelden.<\/p>\n\n\n\n<p>Det er ogs\u00e5 et eget arrangement for barn og ungdom med ulike aktiviteter.<\/p>\n\n\n\n<h2 class=\"wp-block-heading\" id=\"h-bli-med-du-ogsa\">Bli med du ogs\u00e5<\/h2>\n\n\n\n<p>Alle som vil kan delta. Enten \u00e5 melde seg p\u00e5 et lag eller danne sitt eget.<\/p>\n\n\n\n<p><a href=\"https:\/\/pamelding.stafettforlivet.no\/stafett\/tromso\/\">Her melder du deg p\u00e5<\/a><\/p>\n\n\n\n<p>Hvis du har eller har hatt kreft<a href=\"https:\/\/pamelding.stafettforlivet.no\/meld-interesse-som-fighter\/\"> kan du her melde deg som fighter<\/a> og bli med p\u00e5 middagen l\u00f8rdag.<\/p>\n\n\n\n<p>Vi trenger ogs\u00e5 flere frivillige. Bli med \u00e5 bidra.<a href=\"https:\/\/kreftforeningen.no\/stafettforlivet\/bli-frivillig\/\"> Meld deg her<\/a><\/p>\n\n\n\n<p><strong>Marita er en av fighterne i Troms\u00f8 i \u00e5r<\/strong>. <a href=\"https:\/\/kreftforeningen.no\/stafettforlivet\/aktuelt\/det-blir-spesielt-a-ga-fighter-runden-med-pappaen-min\/\">For henne blir det spesielt \u00e5 g\u00e5 fighter-runden sammen med sin far<\/a><\/p>\n\n\n\n<h2 class=\"wp-block-heading\" id=\"h-les-mer-om-vare-stafetter\">Les mer om v\u00e5re stafetter<\/h2>\n\n\n\n<p><strong>LES OGS\u00c5:<\/strong> Det er ogs\u00e5 Stafett for livet i Harstad. Der har blant annet alle Bl\u00e5lysetatene (brann, politi og ambulanse) et felles lag. <a href=\"https:\/\/kreftforeningen.no\/stafettforlivet\/aktuelt\/a-gjore-ting-sammen-styrker-oss-nar-vi-er-ute-pa-oppdrag\/\">Les mer om dem her<\/a><\/p>\n\n\n\n<p><strong>LES OGS\u00c5:<\/strong> Advokat \u00d8ystein Sagen er fighter p\u00e5 Stafett for livet i Harstad. Han gleder seg til \u00e5 m\u00f8te andre som er i samme situasjon.<a href=\"https:\/\/kreftforeningen.no\/aktuelt\/oystein-blir-aldri-frisk-men-lever-godt-med-diagnosen\/\"> Les mer om hans historie her<\/a><\/p>\n\n\n\n<p><strong>LES OGS\u00c5:<\/strong> For \u00e5 arrangere stafettene trenger vi mange frivillige. <a href=\"https:\/\/kreftforeningen.no\/stafettforlivet\/aktuelt\/ivar-76-moter-bare-velvilje-i-jobben-som-frivillig\/\">Ivar (76) er en av dem.<\/a><\/p>\n\n\n\n<details class=\"wp-block-details is-layout-flow wp-block-details-is-layout-flow\"><summary>Stafett for livet<\/summary>\n<p>Dette er en hyllest til alle som er rammet av kreft<\/p>\n\n\n\n<p>Familie, venner, skoler, foreninger, arbeidsplasser og andre danner lag for en person de vil st\u00f8tte eller minnes<\/p>\n\n\n\n<p>Sammen skal de g\u00e5 eller l\u00f8pe i et helt d\u00f8gn for \u00e5 vise at det alltid b\u00f8r v\u00e6re noen p\u00e5 banen for den som er syk<\/p>\n\n\n\n<p>Arrangementet er i 24 timer for \u00e5 symbolisere at kreften aldri tar pause<\/p>\n\n\n\n<p>P\u00e5 alle stafettene er det \u00e5pningsseremoni, fighterrunder, lysseremoni og avslutningsseremoni<\/p>\n\n\n\n<p>Du g\u00e5r\/l\u00f8per s\u00e5 mange runder du vil og deltar s\u00e5 lenge du orker. Dette er ingen konkurranse<\/p>\n\n\n\n<p>Fightere er personer som har eller har hatt kreft. De er hedersgjester p\u00e5 arrangementet<\/p>\n\n\n\n<p>Det er gratis \u00e5 delta<\/p>\n\n\n\n<p>Frivillige er med p\u00e5 \u00e5 gjennomf\u00f8re og planlegge stafetten<\/p>\n<\/details>\n","protected":false},"excerpt":{"rendered":"<p>Stine Benjaminsen (34) ble f\u00f8dt da Rune Benjaminsen var 20 \u00e5r. Han har v\u00e6rt en trygg havn hele hennes liv, frem til han d\u00f8de av kreft i v\u00e5r. &#8211; Han var en person som s\u00e5 menneskene rundt seg. Han var sv\u00e6rt aktiv, elsket \u00e5 springe p\u00e5 m\u00f8lla og i fjellet. Han jobbet i brannvesenet, og [&hellip;]<\/p>\n","protected":false},"author":28,"featured_media":0,"comment_status":"closed","ping_status":"closed","sticky":false,"template":"","format":"standard","meta":{"_relevanssi_hide_post":"","_relevanssi_hide_content":"","_relevanssi_pin_for_all":"","_relevanssi_pin_keywords":"","_relevanssi_unpin_keywords":"","_relevanssi_related_keywords":"","_relevanssi_related_include_ids":"","_relevanssi_related_exclude_ids":"","_relevanssi_related_no_append":"","_relevanssi_related_not_related":"","_relevanssi_related_posts":"2574,1911,1829,1957,2585,2671","_relevanssi_noindex_reason":"","kf_show_post_date":true,"kf_show_updated_date":false,"kf_show_print_page":false,"kf_show_chapters":false,"kf_show_chapters_expanded":false,"kf_show_post_outdated":true,"kf_toggle_title":false,"kf_is_template":false,"kf_post_authors":[],"teft_cards_label":"","teft_cards_image_id":200625,"teft_cards_image_focal_point_x":0.5,"teft_cards_image_focal_point_y":0.5,"teft_cards_title":"","teft_cards_excerpt":"","footnotes":""},"categories":[1],"tags":[],"class_list":["post-2698","post","type-post","status-publish","format-standard","hentry","category-ukategorisert"],"yoast_head":"<!-- This site is optimized with the Yoast SEO Premium plugin v27.3 (Yoast SEO v27.4) - https:\/\/yoast.com\/product\/yoast-seo-premium-wordpress\/ -->\n<title>Brannmannen Rune ble bare 53: &#8211; I \u00e5r skal vi l\u00f8pe for \u00e5 hedre han - Kreftforeningens Stafett for livet<\/title>\n<meta name=\"robots\" content=\"index, follow, max-snippet:-1, max-image-preview:large, max-video-preview:-1\" \/>\n<link rel=\"canonical\" href=\"https:\/\/kreftforeningen.no\/stafettforlivet\/aktuelt\/brannmannen-rune-ble-bare-53-i-ar-skal-vi-lope-for-a-hedre-han\/\" \/>\n<meta property=\"og:locale\" content=\"nb_NO\" \/>\n<meta property=\"og:type\" content=\"article\" \/>\n<meta property=\"og:title\" content=\"Brannmannen Rune ble bare 53: &#8211; I \u00e5r skal vi l\u00f8pe for \u00e5 hedre han\" \/>\n<meta property=\"og:description\" content=\"Stine Benjaminsen (34) ble f\u00f8dt da Rune Benjaminsen var 20 \u00e5r. Han har v\u00e6rt en trygg havn hele hennes liv, frem til han d\u00f8de av kreft i v\u00e5r. &#8211; Han var en person som s\u00e5 menneskene rundt seg. Han var sv\u00e6rt aktiv, elsket \u00e5 springe p\u00e5 m\u00f8lla og i fjellet. Han jobbet i brannvesenet, og [&hellip;]\" \/>\n<meta property=\"og:url\" content=\"https:\/\/kreftforeningen.no\/stafettforlivet\/aktuelt\/brannmannen-rune-ble-bare-53-i-ar-skal-vi-lope-for-a-hedre-han\/\" \/>\n<meta property=\"og:site_name\" content=\"Kreftforeningens Stafett for livet\" \/>\n<meta property=\"article:published_time\" content=\"2025-08-25T16:40:08+00:00\" \/>\n<meta property=\"article:modified_time\" content=\"2025-09-24T12:11:41+00:00\" \/>\n<meta name=\"author\" content=\"Anne Rui\" \/>\n<meta name=\"twitter:card\" content=\"summary_large_image\" \/>\n<meta name=\"twitter:label1\" content=\"Skrevet av\" \/>\n\t<meta name=\"twitter:data1\" content=\"Anne Rui\" \/>\n\t<meta name=\"twitter:label2\" content=\"Ansl. lesetid\" \/>\n\t<meta name=\"twitter:data2\" content=\"11 minutter\" \/>\n<script type=\"application\/ld+json\" class=\"yoast-schema-graph\">{\"@context\":\"https:\\\/\\\/schema.org\",\"@graph\":[{\"@type\":\"Article\",\"@id\":\"https:\\\/\\\/kreftforeningen.no\\\/stafettforlivet\\\/aktuelt\\\/brannmannen-rune-ble-bare-53-i-ar-skal-vi-lope-for-a-hedre-han\\\/#article\",\"isPartOf\":{\"@id\":\"https:\\\/\\\/kreftforeningen.no\\\/stafettforlivet\\\/aktuelt\\\/brannmannen-rune-ble-bare-53-i-ar-skal-vi-lope-for-a-hedre-han\\\/\"},\"author\":{\"name\":\"Anne Rui\",\"@id\":\"https:\\\/\\\/kreftforeningen.no\\\/stafettforlivet\\\/#\\\/schema\\\/person\\\/6e0586ad80b0d6e228f068317e0388d8\"},\"headline\":\"Brannmannen Rune ble bare 53: &#8211; I \u00e5r skal vi l\u00f8pe for \u00e5 hedre han\",\"datePublished\":\"2025-08-25T16:40:08+00:00\",\"dateModified\":\"2025-09-24T12:11:41+00:00\",\"mainEntityOfPage\":{\"@id\":\"https:\\\/\\\/kreftforeningen.no\\\/stafettforlivet\\\/aktuelt\\\/brannmannen-rune-ble-bare-53-i-ar-skal-vi-lope-for-a-hedre-han\\\/\"},\"wordCount\":1781,\"publisher\":{\"@id\":\"https:\\\/\\\/kreftforeningen.no\\\/stafettforlivet\\\/#organization\"},\"image\":{\"@id\":\"https:\\\/\\\/kreftforeningen.no\\\/stafettforlivet\\\/aktuelt\\\/brannmannen-rune-ble-bare-53-i-ar-skal-vi-lope-for-a-hedre-han\\\/#primaryimage\"},\"thumbnailUrl\":\"https:\\\/\\\/kreftforeningen.no\\\/content\\\/uploads\\\/2025\\\/08\\\/SGE8289-1024x683.jpeg\",\"inLanguage\":\"nb-NO\"},{\"@type\":\"WebPage\",\"@id\":\"https:\\\/\\\/kreftforeningen.no\\\/stafettforlivet\\\/aktuelt\\\/brannmannen-rune-ble-bare-53-i-ar-skal-vi-lope-for-a-hedre-han\\\/\",\"url\":\"https:\\\/\\\/kreftforeningen.no\\\/stafettforlivet\\\/aktuelt\\\/brannmannen-rune-ble-bare-53-i-ar-skal-vi-lope-for-a-hedre-han\\\/\",\"name\":\"Brannmannen Rune ble bare 53: &#8211; I \u00e5r skal vi l\u00f8pe for \u00e5 hedre han - Kreftforeningens Stafett for livet\",\"isPartOf\":{\"@id\":\"https:\\\/\\\/kreftforeningen.no\\\/stafettforlivet\\\/#website\"},\"primaryImageOfPage\":{\"@id\":\"https:\\\/\\\/kreftforeningen.no\\\/stafettforlivet\\\/aktuelt\\\/brannmannen-rune-ble-bare-53-i-ar-skal-vi-lope-for-a-hedre-han\\\/#primaryimage\"},\"image\":{\"@id\":\"https:\\\/\\\/kreftforeningen.no\\\/stafettforlivet\\\/aktuelt\\\/brannmannen-rune-ble-bare-53-i-ar-skal-vi-lope-for-a-hedre-han\\\/#primaryimage\"},\"thumbnailUrl\":\"https:\\\/\\\/kreftforeningen.no\\\/content\\\/uploads\\\/2025\\\/08\\\/SGE8289-1024x683.jpeg\",\"datePublished\":\"2025-08-25T16:40:08+00:00\",\"dateModified\":\"2025-09-24T12:11:41+00:00\",\"breadcrumb\":{\"@id\":\"https:\\\/\\\/kreftforeningen.no\\\/stafettforlivet\\\/aktuelt\\\/brannmannen-rune-ble-bare-53-i-ar-skal-vi-lope-for-a-hedre-han\\\/#breadcrumb\"},\"inLanguage\":\"nb-NO\",\"potentialAction\":[{\"@type\":\"ReadAction\",\"target\":[\"https:\\\/\\\/kreftforeningen.no\\\/stafettforlivet\\\/aktuelt\\\/brannmannen-rune-ble-bare-53-i-ar-skal-vi-lope-for-a-hedre-han\\\/\"]}]},{\"@type\":\"ImageObject\",\"inLanguage\":\"nb-NO\",\"@id\":\"https:\\\/\\\/kreftforeningen.no\\\/stafettforlivet\\\/aktuelt\\\/brannmannen-rune-ble-bare-53-i-ar-skal-vi-lope-for-a-hedre-han\\\/#primaryimage\",\"url\":\"https:\\\/\\\/kreftforeningen.no\\\/content\\\/uploads\\\/2025\\\/08\\\/SGE8289-1024x683.jpeg\",\"contentUrl\":\"https:\\\/\\\/kreftforeningen.no\\\/content\\\/uploads\\\/2025\\\/08\\\/SGE8289-1024x683.jpeg\"},{\"@type\":\"BreadcrumbList\",\"@id\":\"https:\\\/\\\/kreftforeningen.no\\\/stafettforlivet\\\/aktuelt\\\/brannmannen-rune-ble-bare-53-i-ar-skal-vi-lope-for-a-hedre-han\\\/#breadcrumb\",\"itemListElement\":[{\"@type\":\"ListItem\",\"position\":1,\"name\":\"Forside\",\"item\":\"https:\\\/\\\/kreftforeningen.no\\\/stafettforlivet\\\/\"},{\"@type\":\"ListItem\",\"position\":2,\"name\":\"Brannmannen Rune ble bare 53: &#8211; I \u00e5r skal vi l\u00f8pe for \u00e5 hedre han\"}]},{\"@type\":\"WebSite\",\"@id\":\"https:\\\/\\\/kreftforeningen.no\\\/stafettforlivet\\\/#website\",\"url\":\"https:\\\/\\\/kreftforeningen.no\\\/stafettforlivet\\\/\",\"name\":\"Kreftforeningens Stafett for livet\",\"description\":\"\",\"publisher\":{\"@id\":\"https:\\\/\\\/kreftforeningen.no\\\/stafettforlivet\\\/#organization\"},\"potentialAction\":[{\"@type\":\"SearchAction\",\"target\":{\"@type\":\"EntryPoint\",\"urlTemplate\":\"https:\\\/\\\/kreftforeningen.no\\\/stafettforlivet\\\/?s={search_term_string}\"},\"query-input\":{\"@type\":\"PropertyValueSpecification\",\"valueRequired\":true,\"valueName\":\"search_term_string\"}}],\"inLanguage\":\"nb-NO\"},{\"@type\":\"Organization\",\"@id\":\"https:\\\/\\\/kreftforeningen.no\\\/stafettforlivet\\\/#organization\",\"name\":\"Kreftforeningens Stafett for livet\",\"url\":\"https:\\\/\\\/kreftforeningen.no\\\/stafettforlivet\\\/\",\"logo\":{\"@type\":\"ImageObject\",\"inLanguage\":\"nb-NO\",\"@id\":\"https:\\\/\\\/kreftforeningen.no\\\/stafettforlivet\\\/#\\\/schema\\\/logo\\\/image\\\/\",\"url\":\"https:\\\/\\\/kreftforeningen.no\\\/content\\\/uploads\\\/2020\\\/05\\\/cropped-LogoStafettForLivet130-1.png\",\"contentUrl\":\"https:\\\/\\\/kreftforeningen.no\\\/content\\\/uploads\\\/2020\\\/05\\\/cropped-LogoStafettForLivet130-1.png\",\"caption\":\"Kreftforeningens Stafett for livet\"},\"image\":{\"@id\":\"https:\\\/\\\/kreftforeningen.no\\\/stafettforlivet\\\/#\\\/schema\\\/logo\\\/image\\\/\"}},{\"@type\":\"Person\",\"@id\":\"https:\\\/\\\/kreftforeningen.no\\\/stafettforlivet\\\/#\\\/schema\\\/person\\\/6e0586ad80b0d6e228f068317e0388d8\",\"name\":\"Anne Rui\",\"image\":{\"@type\":\"ImageObject\",\"inLanguage\":\"nb-NO\",\"@id\":\"https:\\\/\\\/secure.gravatar.com\\\/avatar\\\/a17f9f1025a52f536090c06ff388b6f2bb39f1c656efa38adf6be81242899b1e?s=96&d=mm&r=g\",\"url\":\"https:\\\/\\\/secure.gravatar.com\\\/avatar\\\/a17f9f1025a52f536090c06ff388b6f2bb39f1c656efa38adf6be81242899b1e?s=96&d=mm&r=g\",\"contentUrl\":\"https:\\\/\\\/secure.gravatar.com\\\/avatar\\\/a17f9f1025a52f536090c06ff388b6f2bb39f1c656efa38adf6be81242899b1e?s=96&d=mm&r=g\",\"caption\":\"Anne Rui\"}}]}<\/script>\n<!-- \/ Yoast SEO Premium plugin. -->","yoast_head_json":{"title":"Brannmannen Rune ble bare 53: &#8211; I \u00e5r skal vi l\u00f8pe for \u00e5 hedre han - Kreftforeningens Stafett for livet","robots":{"index":"index","follow":"follow","max-snippet":"max-snippet:-1","max-image-preview":"max-image-preview:large","max-video-preview":"max-video-preview:-1"},"canonical":"https:\/\/kreftforeningen.no\/stafettforlivet\/aktuelt\/brannmannen-rune-ble-bare-53-i-ar-skal-vi-lope-for-a-hedre-han\/","og_locale":"nb_NO","og_type":"article","og_title":"Brannmannen Rune ble bare 53: &#8211; I \u00e5r skal vi l\u00f8pe for \u00e5 hedre han","og_description":"Stine Benjaminsen (34) ble f\u00f8dt da Rune Benjaminsen var 20 \u00e5r. Han har v\u00e6rt en trygg havn hele hennes liv, frem til han d\u00f8de av kreft i v\u00e5r. &#8211; Han var en person som s\u00e5 menneskene rundt seg. Han var sv\u00e6rt aktiv, elsket \u00e5 springe p\u00e5 m\u00f8lla og i fjellet. Han jobbet i brannvesenet, og [&hellip;]","og_url":"https:\/\/kreftforeningen.no\/stafettforlivet\/aktuelt\/brannmannen-rune-ble-bare-53-i-ar-skal-vi-lope-for-a-hedre-han\/","og_site_name":"Kreftforeningens Stafett for livet","article_published_time":"2025-08-25T16:40:08+00:00","article_modified_time":"2025-09-24T12:11:41+00:00","author":"Anne Rui","twitter_card":"summary_large_image","twitter_misc":{"Skrevet av":"Anne Rui","Ansl. lesetid":"11 minutter"},"schema":{"@context":"https:\/\/schema.org","@graph":[{"@type":"Article","@id":"https:\/\/kreftforeningen.no\/stafettforlivet\/aktuelt\/brannmannen-rune-ble-bare-53-i-ar-skal-vi-lope-for-a-hedre-han\/#article","isPartOf":{"@id":"https:\/\/kreftforeningen.no\/stafettforlivet\/aktuelt\/brannmannen-rune-ble-bare-53-i-ar-skal-vi-lope-for-a-hedre-han\/"},"author":{"name":"Anne Rui","@id":"https:\/\/kreftforeningen.no\/stafettforlivet\/#\/schema\/person\/6e0586ad80b0d6e228f068317e0388d8"},"headline":"Brannmannen Rune ble bare 53: &#8211; I \u00e5r skal vi l\u00f8pe for \u00e5 hedre han","datePublished":"2025-08-25T16:40:08+00:00","dateModified":"2025-09-24T12:11:41+00:00","mainEntityOfPage":{"@id":"https:\/\/kreftforeningen.no\/stafettforlivet\/aktuelt\/brannmannen-rune-ble-bare-53-i-ar-skal-vi-lope-for-a-hedre-han\/"},"wordCount":1781,"publisher":{"@id":"https:\/\/kreftforeningen.no\/stafettforlivet\/#organization"},"image":{"@id":"https:\/\/kreftforeningen.no\/stafettforlivet\/aktuelt\/brannmannen-rune-ble-bare-53-i-ar-skal-vi-lope-for-a-hedre-han\/#primaryimage"},"thumbnailUrl":"https:\/\/kreftforeningen.no\/content\/uploads\/2025\/08\/SGE8289-1024x683.jpeg","inLanguage":"nb-NO"},{"@type":"WebPage","@id":"https:\/\/kreftforeningen.no\/stafettforlivet\/aktuelt\/brannmannen-rune-ble-bare-53-i-ar-skal-vi-lope-for-a-hedre-han\/","url":"https:\/\/kreftforeningen.no\/stafettforlivet\/aktuelt\/brannmannen-rune-ble-bare-53-i-ar-skal-vi-lope-for-a-hedre-han\/","name":"Brannmannen Rune ble bare 53: &#8211; I \u00e5r skal vi l\u00f8pe for \u00e5 hedre han - Kreftforeningens Stafett for livet","isPartOf":{"@id":"https:\/\/kreftforeningen.no\/stafettforlivet\/#website"},"primaryImageOfPage":{"@id":"https:\/\/kreftforeningen.no\/stafettforlivet\/aktuelt\/brannmannen-rune-ble-bare-53-i-ar-skal-vi-lope-for-a-hedre-han\/#primaryimage"},"image":{"@id":"https:\/\/kreftforeningen.no\/stafettforlivet\/aktuelt\/brannmannen-rune-ble-bare-53-i-ar-skal-vi-lope-for-a-hedre-han\/#primaryimage"},"thumbnailUrl":"https:\/\/kreftforeningen.no\/content\/uploads\/2025\/08\/SGE8289-1024x683.jpeg","datePublished":"2025-08-25T16:40:08+00:00","dateModified":"2025-09-24T12:11:41+00:00","breadcrumb":{"@id":"https:\/\/kreftforeningen.no\/stafettforlivet\/aktuelt\/brannmannen-rune-ble-bare-53-i-ar-skal-vi-lope-for-a-hedre-han\/#breadcrumb"},"inLanguage":"nb-NO","potentialAction":[{"@type":"ReadAction","target":["https:\/\/kreftforeningen.no\/stafettforlivet\/aktuelt\/brannmannen-rune-ble-bare-53-i-ar-skal-vi-lope-for-a-hedre-han\/"]}]},{"@type":"ImageObject","inLanguage":"nb-NO","@id":"https:\/\/kreftforeningen.no\/stafettforlivet\/aktuelt\/brannmannen-rune-ble-bare-53-i-ar-skal-vi-lope-for-a-hedre-han\/#primaryimage","url":"https:\/\/kreftforeningen.no\/content\/uploads\/2025\/08\/SGE8289-1024x683.jpeg","contentUrl":"https:\/\/kreftforeningen.no\/content\/uploads\/2025\/08\/SGE8289-1024x683.jpeg"},{"@type":"BreadcrumbList","@id":"https:\/\/kreftforeningen.no\/stafettforlivet\/aktuelt\/brannmannen-rune-ble-bare-53-i-ar-skal-vi-lope-for-a-hedre-han\/#breadcrumb","itemListElement":[{"@type":"ListItem","position":1,"name":"Forside","item":"https:\/\/kreftforeningen.no\/stafettforlivet\/"},{"@type":"ListItem","position":2,"name":"Brannmannen Rune ble bare 53: &#8211; I \u00e5r skal vi l\u00f8pe for \u00e5 hedre han"}]},{"@type":"WebSite","@id":"https:\/\/kreftforeningen.no\/stafettforlivet\/#website","url":"https:\/\/kreftforeningen.no\/stafettforlivet\/","name":"Kreftforeningens Stafett for livet","description":"","publisher":{"@id":"https:\/\/kreftforeningen.no\/stafettforlivet\/#organization"},"potentialAction":[{"@type":"SearchAction","target":{"@type":"EntryPoint","urlTemplate":"https:\/\/kreftforeningen.no\/stafettforlivet\/?s={search_term_string}"},"query-input":{"@type":"PropertyValueSpecification","valueRequired":true,"valueName":"search_term_string"}}],"inLanguage":"nb-NO"},{"@type":"Organization","@id":"https:\/\/kreftforeningen.no\/stafettforlivet\/#organization","name":"Kreftforeningens Stafett for livet","url":"https:\/\/kreftforeningen.no\/stafettforlivet\/","logo":{"@type":"ImageObject","inLanguage":"nb-NO","@id":"https:\/\/kreftforeningen.no\/stafettforlivet\/#\/schema\/logo\/image\/","url":"https:\/\/kreftforeningen.no\/content\/uploads\/2020\/05\/cropped-LogoStafettForLivet130-1.png","contentUrl":"https:\/\/kreftforeningen.no\/content\/uploads\/2020\/05\/cropped-LogoStafettForLivet130-1.png","caption":"Kreftforeningens Stafett for livet"},"image":{"@id":"https:\/\/kreftforeningen.no\/stafettforlivet\/#\/schema\/logo\/image\/"}},{"@type":"Person","@id":"https:\/\/kreftforeningen.no\/stafettforlivet\/#\/schema\/person\/6e0586ad80b0d6e228f068317e0388d8","name":"Anne Rui","image":{"@type":"ImageObject","inLanguage":"nb-NO","@id":"https:\/\/secure.gravatar.com\/avatar\/a17f9f1025a52f536090c06ff388b6f2bb39f1c656efa38adf6be81242899b1e?s=96&d=mm&r=g","url":"https:\/\/secure.gravatar.com\/avatar\/a17f9f1025a52f536090c06ff388b6f2bb39f1c656efa38adf6be81242899b1e?s=96&d=mm&r=g","contentUrl":"https:\/\/secure.gravatar.com\/avatar\/a17f9f1025a52f536090c06ff388b6f2bb39f1c656efa38adf6be81242899b1e?s=96&d=mm&r=g","caption":"Anne Rui"}}]}},"_links":{"self":[{"href":"https:\/\/kreftforeningen.no\/stafettforlivet\/wp-json\/wp\/v2\/posts\/2698","targetHints":{"allow":["GET"]}}],"collection":[{"href":"https:\/\/kreftforeningen.no\/stafettforlivet\/wp-json\/wp\/v2\/posts"}],"about":[{"href":"https:\/\/kreftforeningen.no\/stafettforlivet\/wp-json\/wp\/v2\/types\/post"}],"author":[{"embeddable":true,"href":"https:\/\/kreftforeningen.no\/stafettforlivet\/wp-json\/wp\/v2\/users\/28"}],"replies":[{"embeddable":true,"href":"https:\/\/kreftforeningen.no\/stafettforlivet\/wp-json\/wp\/v2\/comments?post=2698"}],"version-history":[{"count":14,"href":"https:\/\/kreftforeningen.no\/stafettforlivet\/wp-json\/wp\/v2\/posts\/2698\/revisions"}],"predecessor-version":[{"id":2851,"href":"https:\/\/kreftforeningen.no\/stafettforlivet\/wp-json\/wp\/v2\/posts\/2698\/revisions\/2851"}],"wp:attachment":[{"href":"https:\/\/kreftforeningen.no\/stafettforlivet\/wp-json\/wp\/v2\/media?parent=2698"}],"wp:term":[{"taxonomy":"category","embeddable":true,"href":"https:\/\/kreftforeningen.no\/stafettforlivet\/wp-json\/wp\/v2\/categories?post=2698"},{"taxonomy":"post_tag","embeddable":true,"href":"https:\/\/kreftforeningen.no\/stafettforlivet\/wp-json\/wp\/v2\/tags?post=2698"}],"curies":[{"name":"wp","href":"https:\/\/api.w.org\/{rel}","templated":true}]}}