{"id":10251,"date":"2026-04-24T13:00:20","date_gmt":"2026-04-24T11:00:20","guid":{"rendered":"https:\/\/kreftforeningen.no\/vardesenteret\/?p=10251"},"modified":"2026-04-24T13:04:24","modified_gmt":"2026-04-24T11:04:24","slug":"satelittvardesenteret-pa-hjelset-er-apnet","status":"publish","type":"post","link":"https:\/\/kreftforeningen.no\/vardesenteret\/aktuelt\/satelittvardesenteret-pa-hjelset-er-apnet\/","title":{"rendered":"Satelittvardesenteret p\u00e5 Hjelset er \u00e5pnet"},"content":{"rendered":"\n<figure class=\"wp-block-image size-large\"><img loading=\"lazy\" decoding=\"async\" width=\"1024\" height=\"739\" src=\"https:\/\/kreftforeningen.no\/content\/uploads\/2026\/04\/Satelittvardesenteret-SNR-Hjelset-DSC01996-1024x739.jpg\" alt=\"En gruppe voksne og et barn st\u00e5r innend\u00f8rs og smiler mens en kvinne i hvite operasjonskl\u00e6r klipper et r\u00f8dt b\u00e5nd under en seremoni.\" class=\"wp-image-208593\" srcset=\"https:\/\/kreftforeningen.no\/content\/uploads\/2026\/04\/Satelittvardesenteret-SNR-Hjelset-DSC01996-1024x739.jpg 1024w, https:\/\/kreftforeningen.no\/content\/uploads\/2026\/04\/Satelittvardesenteret-SNR-Hjelset-DSC01996-300x217.jpg 300w, https:\/\/kreftforeningen.no\/content\/uploads\/2026\/04\/Satelittvardesenteret-SNR-Hjelset-DSC01996-768x554.jpg 768w, https:\/\/kreftforeningen.no\/content\/uploads\/2026\/04\/Satelittvardesenteret-SNR-Hjelset-DSC01996-1536x1109.jpg 1536w, https:\/\/kreftforeningen.no\/content\/uploads\/2026\/04\/Satelittvardesenteret-SNR-Hjelset-DSC01996-135x97.jpg 135w, https:\/\/kreftforeningen.no\/content\/uploads\/2026\/04\/Satelittvardesenteret-SNR-Hjelset-DSC01996.jpg 2048w\" sizes=\"auto, (max-width: 1024px) 100vw, 1024px\" \/><figcaption class=\"wp-element-caption\">Sateilittvardesenteret SNR Hjelset ble h\u00f8ytidelig \u00e5pnet med snorklipping. <\/figcaption><\/figure>\n\n\n\n<div class=\"wp-block-kf-ingress\"><div class=\"kf-header__ingress\"><p>\u2013 Dette f\u00e5r vi til p\u00e5 grunn av et sterkt lokalt engasjement og et godt samarbeid med b\u00e5de helseforetaket og Pusterommet. <\/p><\/div><\/div>\n\n\n\n<p>Det sa Kreftforeningens regionleder Tom Anders Stenbro da han \u00e5pnet Satelittvardesenteret SNR Hjelset tirsdag 21. april.<\/p>\n\n\n\n<p>P\u00e5 under ett og et halvt \u00e5r har Kreftforeningen i samarbeid med Helse M\u00f8re og Romsdal HF etablert Vardesenteret i \u00c5lesund, Satelittvardesenteret SNR Kristiansund, og n\u00e5 Satelittvardesenteret ved SNR Hjelset.<\/p>\n\n\n\n<p>\u2013 M\u00f8re og Romsdal er et fylke med litt kronglete geografi, som gj\u00f8r det utfordrende \u00e5 n\u00e5 ut til kreftpasienter, p\u00e5r\u00f8rende og etterlatte. Derfor er det s\u00e5 utrolig g\u00f8y \u00e5 n\u00e5 kunne \u00e5pne enda et Satelittvardesenter og dermed n\u00e5r vi ut til enda flere.<\/p>\n\n\n\n<p>\u2013 V\u00e5rt m\u00e5l har hele tiden v\u00e6rt at Vardesenteret i M\u00f8re og Romsdal skal komme hele fylket til gode, og er derfor stolte over \u00e5 si at vi n\u00e5 er til stede p\u00e5 tre av fylkets sykehus, la Stenbro til.<\/p>\n\n\n\n<p>I likhet med Vardesenteret i \u00c5lesund, er satelittvardesentrene en m\u00f8teplass for kreftpasienter, p\u00e5r\u00f8rende og etterlatte. <\/p>\n\n\n\n<p>\u2013 Man skal ikke undervurdere verdien av det \u00e5 snakke med noen som skj\u00f8nner hva du har g\u00e5tt igjennom eller st\u00e5r i akkurat n\u00e5. I tillegg til \u00e5 v\u00e6re en m\u00f8teplass, vil det ogs\u00e5 v\u00e6re faglig innhold \u2013 for eksempel temam\u00f8ter om senskader, trening og rettigheter. \u00ad\u00ad\u00adOg allerede neste tirsdag, 28. april kan man komme til Satelittvardesenteret p\u00e5 Hjelset og delta p\u00e5 temam\u00f8te om psykisk helse, sa Stenbro.<\/p>\n\n\n\t<div class=\"kf-accentuated-link__facebook wp-block-kf-accentuated-link\">\n\t\t\t\t<div class=\"kf-link__content\">\n\t\t\t\t\t\t\t<div class=\"kf-link__tagline\">F\u00f8lg oss og f\u00e5 med deg siste nytt<\/div>\n\t\t\t\t\t\t<a class=\"kf-link__link\" target=\"_self\" href=\"https:\/\/www.facebook.com\/vardesenteretHMR\">\n\t\t\t\tVardesenteret M\u00f8re og Romsdal\t\t\t\t\t\t\t\t\t<span class=\"kf-link__link-source\">facebook.com<\/span>\n\t\t\t\t\t\t\t<\/a>\n\t\t<\/div>\n\t<\/div>\n\t\n\n\n<h2 class=\"wp-block-heading\" id=\"h-stort-engasjement\">Stort engasjement<\/h2>\n\n\n\n<p>Verken Vardesenteret eller satelittvardesentrene har blitt en realitet takket v\u00e6re et stort lokalt engasjement.<\/p>\n\n\n\n<p>\u2013 Det frivillige engasjementet i M\u00f8re og Romsdal er helt fantastisk. Og takket v\u00e6re Brystkreftforeningen i Molde og velforeningen p\u00e5 Hjelset, klarte vi \u00e5 rekruttere frivillige til Satelittvardesenteret p\u00e5 rekordtid, sa Stenbro.<\/p>\n\n\n\n<p>Engasjementet for kreftsaken og lokale tilbud er heller ikke noe nytt i denne regionen.<\/p>\n\n\n\n<p>\u2013 H\u00f8sten 2022 startet Tornekrattet en kronerulling etter at Magnus Eikrem mistet samboeren sin Berit til kreft. Det ble samlet inn over 600.000 kroner til Vardesenteret og sykehuset. Derfor er det veldig fint \u00e5 kunne \u00e5pne et lokalt tilbud ved SNR Hjelset s\u00e5pass kort tid etter at vi \u00e5pnet i \u00c5lesund og Kristiansund, forteller Stenbro.<\/p>\n\n\n\n<div class=\"wp-block-group is-nowrap is-layout-flex wp-container-core-group-is-layout-ad2f72ca wp-block-group-is-layout-flex\">\n<figure class=\"wp-block-image size-large\"><img loading=\"lazy\" decoding=\"async\" width=\"1024\" height=\"683\" src=\"https:\/\/kreftforeningen.no\/content\/uploads\/2026\/04\/Satelittvardesenteret-SNR-Hjelset-DSC02005-1024x683.jpg\" alt=\"En person i gr\u00f8nn frakk overrekker en blomsterbukett til en eldre kvinne med briller og marinebl\u00e5 genser, mens andre st\u00e5r i bakgrunnen.\" class=\"wp-image-208594\" srcset=\"https:\/\/kreftforeningen.no\/content\/uploads\/2026\/04\/Satelittvardesenteret-SNR-Hjelset-DSC02005-1024x683.jpg 1024w, https:\/\/kreftforeningen.no\/content\/uploads\/2026\/04\/Satelittvardesenteret-SNR-Hjelset-DSC02005-300x200.jpg 300w, https:\/\/kreftforeningen.no\/content\/uploads\/2026\/04\/Satelittvardesenteret-SNR-Hjelset-DSC02005-768x512.jpg 768w, https:\/\/kreftforeningen.no\/content\/uploads\/2026\/04\/Satelittvardesenteret-SNR-Hjelset-DSC02005-1536x1024.jpg 1536w, https:\/\/kreftforeningen.no\/content\/uploads\/2026\/04\/Satelittvardesenteret-SNR-Hjelset-DSC02005-135x90.jpg 135w, https:\/\/kreftforeningen.no\/content\/uploads\/2026\/04\/Satelittvardesenteret-SNR-Hjelset-DSC02005.jpg 2048w\" sizes=\"auto, (max-width: 1024px) 100vw, 1024px\" \/><figcaption class=\"wp-element-caption\">Overrekkelse av blomster og lykke\u00f8nskninger fra gruppelederen i Kristiansund til gruppelederen ved Hjelset. <\/figcaption><\/figure>\n\n\n\n<figure class=\"wp-block-image size-large\"><img loading=\"lazy\" decoding=\"async\" width=\"1024\" height=\"683\" src=\"https:\/\/kreftforeningen.no\/content\/uploads\/2026\/04\/Satelittvardesenteret-SNR-Hjelset-DSC01973-1024x683.jpg\" alt=\"En kvinne i hvite operasjonskl\u00e6r holder papirer og snakker i et rom med treningsmatter og baller p\u00e5 hyller bak seg, vendt mot et publikum.\" class=\"wp-image-208595\" srcset=\"https:\/\/kreftforeningen.no\/content\/uploads\/2026\/04\/Satelittvardesenteret-SNR-Hjelset-DSC01973-1024x683.jpg 1024w, https:\/\/kreftforeningen.no\/content\/uploads\/2026\/04\/Satelittvardesenteret-SNR-Hjelset-DSC01973-300x200.jpg 300w, https:\/\/kreftforeningen.no\/content\/uploads\/2026\/04\/Satelittvardesenteret-SNR-Hjelset-DSC01973-768x512.jpg 768w, https:\/\/kreftforeningen.no\/content\/uploads\/2026\/04\/Satelittvardesenteret-SNR-Hjelset-DSC01973-1536x1024.jpg 1536w, https:\/\/kreftforeningen.no\/content\/uploads\/2026\/04\/Satelittvardesenteret-SNR-Hjelset-DSC01973-135x90.jpg 135w, https:\/\/kreftforeningen.no\/content\/uploads\/2026\/04\/Satelittvardesenteret-SNR-Hjelset-DSC01973.jpg 2048w\" sizes=\"auto, (max-width: 1024px) 100vw, 1024px\" \/><figcaption class=\"wp-element-caption\">Ragnhild Bjerk\u00e5s, seksjonsleder Kreft og palliasjon Nordm\u00f8re og Romsdal.<\/figcaption><\/figure>\n<\/div>\n\n\n\n<p>Mens Vardesenteret i \u00c5lesund er et selvstendig bygg, holder Satelittvardesentrene til p\u00e5 Pusterommene ved SNR Kristiansund og p\u00e5 SNR Hjelset. <\/p>\n\n\n\n<p>\u2013 Vi m\u00e5 ogs\u00e5 rette en stor takk til Pusterommene, b\u00e5de i Kristiansund og p\u00e5 Hjelset, som \u00e5pner d\u00f8rene og tilbyr oss en plass \u00e5 holde til. Det setter vi enormt stor pris p\u00e5, sa Stenbro. <\/p>\n\n\n\n<p>Siden oppstarten i 2025 har 6500 kreftpasienter, p\u00e5r\u00f8rende, etterlatte v\u00e6rt innom Vardesenteret i M\u00f8re og Romsdal.<\/p>\n\n\n\n<h2 class=\"wp-block-heading\" id=\"h-ukentlig-tilbud\">Ukentlig tilbud<\/h2>\n\n\n\n<p>Satelittvardesenteret SNR Hjelset er \u00e5pent hver tirsdag mellom 13.00 og 15.00.<\/p>\n\n\n\n<p>Hit kan du komme for \u00e5 f\u00e5 faglig og relevant p\u00e5fyll, m\u00f8te noen som har tid og lyst til \u00e5 sl\u00e5 av en prat, eller bare ta deg en kopp kaffe.<\/p>\n\n\n\n<p>Satelittvardesenteret SNR Hjelset holder til p\u00e5 Pusterommet, plan 1, fl\u00f8y H.&nbsp;<\/p>\n\n\n\n<p>Satelittvardesenteret er helt gratis, og du trenger ingen henvisning.<\/p>\n\n\n\n<div class=\"wp-block-group is-nowrap is-layout-flex wp-container-core-group-is-layout-ad2f72ca wp-block-group-is-layout-flex\">\n<figure class=\"wp-block-image size-large\"><img loading=\"lazy\" decoding=\"async\" width=\"1024\" height=\"683\" src=\"https:\/\/kreftforeningen.no\/content\/uploads\/2026\/04\/DSC01949-1024x683.jpg\" alt=\"Overheadskilt med piler som viser til &quot;Trening\/Pusterommet&quot; og &quot;Garderobe pasientar&quot;.\" class=\"wp-image-208597\" srcset=\"https:\/\/kreftforeningen.no\/content\/uploads\/2026\/04\/DSC01949-1024x683.jpg 1024w, https:\/\/kreftforeningen.no\/content\/uploads\/2026\/04\/DSC01949-300x200.jpg 300w, https:\/\/kreftforeningen.no\/content\/uploads\/2026\/04\/DSC01949-768x512.jpg 768w, https:\/\/kreftforeningen.no\/content\/uploads\/2026\/04\/DSC01949-1536x1024.jpg 1536w, https:\/\/kreftforeningen.no\/content\/uploads\/2026\/04\/DSC01949-135x90.jpg 135w, https:\/\/kreftforeningen.no\/content\/uploads\/2026\/04\/DSC01949.jpg 2048w\" sizes=\"auto, (max-width: 1024px) 100vw, 1024px\" \/><figcaption class=\"wp-element-caption\">Se etter skilt mot Trening og Pusterommet for \u00e5 finne Satelittvardesenteret. <\/figcaption><\/figure>\n\n\n\n<figure class=\"wp-block-image size-large\"><img loading=\"lazy\" decoding=\"async\" width=\"1024\" height=\"683\" src=\"https:\/\/kreftforeningen.no\/content\/uploads\/2026\/04\/DSC01922-1024x683.jpg\" alt=\"En moderne lounge med gr\u00f8nne sofaer, oransje stoler, runde trebord med potteplanter og landskapsbilder p\u00e5 en oransje vegg n\u00e6r et vindu.\" class=\"wp-image-208596\" srcset=\"https:\/\/kreftforeningen.no\/content\/uploads\/2026\/04\/DSC01922-1024x683.jpg 1024w, https:\/\/kreftforeningen.no\/content\/uploads\/2026\/04\/DSC01922-300x200.jpg 300w, https:\/\/kreftforeningen.no\/content\/uploads\/2026\/04\/DSC01922-768x512.jpg 768w, https:\/\/kreftforeningen.no\/content\/uploads\/2026\/04\/DSC01922-1536x1024.jpg 1536w, https:\/\/kreftforeningen.no\/content\/uploads\/2026\/04\/DSC01922-135x90.jpg 135w, https:\/\/kreftforeningen.no\/content\/uploads\/2026\/04\/DSC01922.jpg 2048w\" sizes=\"auto, (max-width: 1024px) 100vw, 1024px\" \/><figcaption class=\"wp-element-caption\">Satelittvardesenteret holder til p\u00e5 Pusterommet ved SNR Hjelset.<\/figcaption><\/figure>\n<\/div>\n\n\n\n<div class=\"wp-block-group has-blue-light-background-color has-background\"><div class=\"wp-block-group__inner-container is-layout-constrained wp-block-group-is-layout-constrained\">\n<h2 class=\"wp-block-heading\" id=\"h-kontakt-vardesenteret-more-og-romsdal\">Kontakt Vardesenteret M\u00f8re og Romsdal<\/h2>\n\n\n\n<p><strong>Tlf: <\/strong>70 16 71 40   \/   47 87 71 84<\/p>\n\n\n\n<p><strong>E-post:<\/strong><br><a href=\"mailto:hmr.vardesenteret@helse-mr.no\">hmr.vardesenteret@helse-mr.no<\/a><\/p>\n<\/div><\/div>\n","protected":false},"excerpt":{"rendered":"<p>Det sa Kreftforeningens regionleder Tom Anders Stenbro da han \u00e5pnet Satelittvardesenteret SNR Hjelset tirsdag 21. april. P\u00e5 under ett og et halvt \u00e5r har Kreftforeningen i samarbeid med Helse M\u00f8re og Romsdal HF etablert Vardesenteret i \u00c5lesund, Satelittvardesenteret SNR Kristiansund, og n\u00e5 Satelittvardesenteret ved SNR Hjelset. \u2013 M\u00f8re og Romsdal er et fylke med litt [&hellip;]<\/p>\n","protected":false},"author":100,"featured_media":208593,"comment_status":"closed","ping_status":"closed","sticky":false,"template":"","format":"standard","meta":{"_relevanssi_hide_post":"","_relevanssi_hide_content":"","_relevanssi_pin_for_all":"","_relevanssi_pin_keywords":"","_relevanssi_unpin_keywords":"","_relevanssi_related_keywords":"","_relevanssi_related_include_ids":"","_relevanssi_related_exclude_ids":"","_relevanssi_related_no_append":"","_relevanssi_related_not_related":"","_relevanssi_related_posts":"8940,3049,4991,2511,6763,3866","_relevanssi_noindex_reason":"","kf_show_post_date":true,"kf_show_updated_date":false,"kf_show_print_page":false,"kf_show_chapters":false,"kf_show_chapters_expanded":false,"kf_show_post_outdated":true,"kf_toggle_title":false,"kf_is_template":false,"kf_post_authors":[],"teft_cards_label":"Satelittvardesenteret SNR Hjelset","teft_cards_image_id":208593,"teft_cards_image_focal_point_x":0.5,"teft_cards_image_focal_point_y":0.5,"teft_cards_title":"","teft_cards_excerpt":"","footnotes":""},"categories":[3,1],"tags":[9,10,8],"class_list":["post-10251","post","type-post","status-publish","format-standard","has-post-thumbnail","hentry","category-alesund","category-nyheter","tag-satelittvardesenter","tag-snr-hjelset","tag-vardesenter"],"yoast_head":"<!-- This site is optimized with the Yoast SEO Premium plugin v27.3 (Yoast SEO v27.4) - https:\/\/yoast.com\/product\/yoast-seo-premium-wordpress\/ -->\n<title>Satelittvardesenteret p\u00e5 Hjelset er \u00e5pnet - Vardesenteret<\/title>\n<meta name=\"robots\" content=\"index, follow, max-snippet:-1, max-image-preview:large, max-video-preview:-1\" \/>\n<link rel=\"canonical\" href=\"https:\/\/kreftforeningen.no\/vardesenteret\/aktuelt\/satelittvardesenteret-pa-hjelset-er-apnet\/\" \/>\n<meta property=\"og:locale\" content=\"nb_NO\" \/>\n<meta property=\"og:type\" content=\"article\" \/>\n<meta property=\"og:title\" content=\"Satelittvardesenteret p\u00e5 Hjelset er \u00e5pnet\" \/>\n<meta property=\"og:description\" content=\"Det sa Kreftforeningens regionleder Tom Anders Stenbro da han \u00e5pnet Satelittvardesenteret SNR Hjelset tirsdag 21. april. P\u00e5 under ett og et halvt \u00e5r har Kreftforeningen i samarbeid med Helse M\u00f8re og Romsdal HF etablert Vardesenteret i \u00c5lesund, Satelittvardesenteret SNR Kristiansund, og n\u00e5 Satelittvardesenteret ved SNR Hjelset. \u2013 M\u00f8re og Romsdal er et fylke med litt [&hellip;]\" \/>\n<meta property=\"og:url\" content=\"https:\/\/kreftforeningen.no\/vardesenteret\/aktuelt\/satelittvardesenteret-pa-hjelset-er-apnet\/\" \/>\n<meta property=\"og:site_name\" content=\"Vardesenteret\" \/>\n<meta property=\"article:published_time\" content=\"2026-04-24T11:00:20+00:00\" \/>\n<meta property=\"article:modified_time\" content=\"2026-04-24T11:04:24+00:00\" \/>\n<meta property=\"og:image\" content=\"https:\/\/kreftforeningen.no\/content\/uploads\/2026\/04\/Satelittvardesenteret-SNR-Hjelset-DSC01996.jpg.webp\" \/>\n\t<meta property=\"og:image:width\" content=\"2048\" \/>\n\t<meta property=\"og:image:height\" content=\"1478\" \/>\n\t<meta property=\"og:image:type\" content=\"image\/jpeg\" \/>\n<meta name=\"author\" content=\"Malin Sveinsdotter Landr\u00f8 Lystad\" \/>\n<meta name=\"twitter:card\" content=\"summary_large_image\" \/>\n<meta name=\"twitter:label1\" content=\"Skrevet av\" \/>\n\t<meta name=\"twitter:data1\" content=\"Malin Sveinsdotter Landr\u00f8 Lystad\" \/>\n\t<meta name=\"twitter:label2\" content=\"Ansl. lesetid\" \/>\n\t<meta name=\"twitter:data2\" content=\"5 minutter\" \/>\n<script type=\"application\/ld+json\" class=\"yoast-schema-graph\">{\"@context\":\"https:\\\/\\\/schema.org\",\"@graph\":[{\"@type\":\"Article\",\"@id\":\"https:\\\/\\\/kreftforeningen.no\\\/vardesenteret\\\/aktuelt\\\/satelittvardesenteret-pa-hjelset-er-apnet\\\/#article\",\"isPartOf\":{\"@id\":\"https:\\\/\\\/kreftforeningen.no\\\/vardesenteret\\\/aktuelt\\\/satelittvardesenteret-pa-hjelset-er-apnet\\\/\"},\"author\":{\"name\":\"Malin Sveinsdotter Landr\u00f8 Lystad\",\"@id\":\"https:\\\/\\\/kreftforeningen.no\\\/vardesenteret\\\/#\\\/schema\\\/person\\\/a994beeb4035896f0185979728b6759b\"},\"headline\":\"Satelittvardesenteret p\u00e5 Hjelset er \u00e5pnet\",\"datePublished\":\"2026-04-24T11:00:20+00:00\",\"dateModified\":\"2026-04-24T11:04:24+00:00\",\"mainEntityOfPage\":{\"@id\":\"https:\\\/\\\/kreftforeningen.no\\\/vardesenteret\\\/aktuelt\\\/satelittvardesenteret-pa-hjelset-er-apnet\\\/\"},\"wordCount\":556,\"publisher\":{\"@id\":\"https:\\\/\\\/kreftforeningen.no\\\/vardesenteret\\\/#organization\"},\"image\":{\"@id\":\"https:\\\/\\\/kreftforeningen.no\\\/vardesenteret\\\/aktuelt\\\/satelittvardesenteret-pa-hjelset-er-apnet\\\/#primaryimage\"},\"thumbnailUrl\":\"https:\\\/\\\/kreftforeningen.no\\\/content\\\/uploads\\\/2026\\\/04\\\/Satelittvardesenteret-SNR-Hjelset-DSC01996.jpg.webp\",\"keywords\":[\"Satelittvardesenter\",\"SNR Hjelset\",\"Vardesenter\"],\"articleSection\":[\"\u00c5lesund\",\"Nyheter\"],\"inLanguage\":\"nb-NO\"},{\"@type\":\"WebPage\",\"@id\":\"https:\\\/\\\/kreftforeningen.no\\\/vardesenteret\\\/aktuelt\\\/satelittvardesenteret-pa-hjelset-er-apnet\\\/\",\"url\":\"https:\\\/\\\/kreftforeningen.no\\\/vardesenteret\\\/aktuelt\\\/satelittvardesenteret-pa-hjelset-er-apnet\\\/\",\"name\":\"Satelittvardesenteret p\u00e5 Hjelset er \u00e5pnet - Vardesenteret\",\"isPartOf\":{\"@id\":\"https:\\\/\\\/kreftforeningen.no\\\/vardesenteret\\\/#website\"},\"primaryImageOfPage\":{\"@id\":\"https:\\\/\\\/kreftforeningen.no\\\/vardesenteret\\\/aktuelt\\\/satelittvardesenteret-pa-hjelset-er-apnet\\\/#primaryimage\"},\"image\":{\"@id\":\"https:\\\/\\\/kreftforeningen.no\\\/vardesenteret\\\/aktuelt\\\/satelittvardesenteret-pa-hjelset-er-apnet\\\/#primaryimage\"},\"thumbnailUrl\":\"https:\\\/\\\/kreftforeningen.no\\\/content\\\/uploads\\\/2026\\\/04\\\/Satelittvardesenteret-SNR-Hjelset-DSC01996.jpg.webp\",\"datePublished\":\"2026-04-24T11:00:20+00:00\",\"dateModified\":\"2026-04-24T11:04:24+00:00\",\"breadcrumb\":{\"@id\":\"https:\\\/\\\/kreftforeningen.no\\\/vardesenteret\\\/aktuelt\\\/satelittvardesenteret-pa-hjelset-er-apnet\\\/#breadcrumb\"},\"inLanguage\":\"nb-NO\",\"potentialAction\":[{\"@type\":\"ReadAction\",\"target\":[\"https:\\\/\\\/kreftforeningen.no\\\/vardesenteret\\\/aktuelt\\\/satelittvardesenteret-pa-hjelset-er-apnet\\\/\"]}]},{\"@type\":\"ImageObject\",\"inLanguage\":\"nb-NO\",\"@id\":\"https:\\\/\\\/kreftforeningen.no\\\/vardesenteret\\\/aktuelt\\\/satelittvardesenteret-pa-hjelset-er-apnet\\\/#primaryimage\",\"url\":\"https:\\\/\\\/kreftforeningen.no\\\/content\\\/uploads\\\/2026\\\/04\\\/Satelittvardesenteret-SNR-Hjelset-DSC01996.jpg.webp\",\"contentUrl\":\"https:\\\/\\\/kreftforeningen.no\\\/content\\\/uploads\\\/2026\\\/04\\\/Satelittvardesenteret-SNR-Hjelset-DSC01996.jpg.webp\"},{\"@type\":\"BreadcrumbList\",\"@id\":\"https:\\\/\\\/kreftforeningen.no\\\/vardesenteret\\\/aktuelt\\\/satelittvardesenteret-pa-hjelset-er-apnet\\\/#breadcrumb\",\"itemListElement\":[{\"@type\":\"ListItem\",\"position\":1,\"name\":\"Forside\",\"item\":\"https:\\\/\\\/kreftforeningen.no\\\/vardesenteret\\\/\"},{\"@type\":\"ListItem\",\"position\":2,\"name\":\"Satelittvardesenteret p\u00e5 Hjelset er \u00e5pnet\"}]},{\"@type\":\"WebSite\",\"@id\":\"https:\\\/\\\/kreftforeningen.no\\\/vardesenteret\\\/#website\",\"url\":\"https:\\\/\\\/kreftforeningen.no\\\/vardesenteret\\\/\",\"name\":\"Vardesenteret\",\"description\":\"\",\"publisher\":{\"@id\":\"https:\\\/\\\/kreftforeningen.no\\\/vardesenteret\\\/#organization\"},\"potentialAction\":[{\"@type\":\"SearchAction\",\"target\":{\"@type\":\"EntryPoint\",\"urlTemplate\":\"https:\\\/\\\/kreftforeningen.no\\\/vardesenteret\\\/?s={search_term_string}\"},\"query-input\":{\"@type\":\"PropertyValueSpecification\",\"valueRequired\":true,\"valueName\":\"search_term_string\"}}],\"inLanguage\":\"nb-NO\"},{\"@type\":\"Organization\",\"@id\":\"https:\\\/\\\/kreftforeningen.no\\\/vardesenteret\\\/#organization\",\"name\":\"Vardesenteret\",\"url\":\"https:\\\/\\\/kreftforeningen.no\\\/vardesenteret\\\/\",\"logo\":{\"@type\":\"ImageObject\",\"inLanguage\":\"nb-NO\",\"@id\":\"https:\\\/\\\/kreftforeningen.no\\\/vardesenteret\\\/#\\\/schema\\\/logo\\\/image\\\/\",\"url\":\"https:\\\/\\\/kreftforeningen.no\\\/content\\\/uploads\\\/2026\\\/02\\\/cropped-Vardesenter_signatur_sort_horisontal_uten-undertekst-e1589886700835.png\",\"contentUrl\":\"https:\\\/\\\/kreftforeningen.no\\\/content\\\/uploads\\\/2026\\\/02\\\/cropped-Vardesenter_signatur_sort_horisontal_uten-undertekst-e1589886700835.png\",\"caption\":\"Vardesenteret\"},\"image\":{\"@id\":\"https:\\\/\\\/kreftforeningen.no\\\/vardesenteret\\\/#\\\/schema\\\/logo\\\/image\\\/\"}},{\"@type\":\"Person\",\"@id\":\"https:\\\/\\\/kreftforeningen.no\\\/vardesenteret\\\/#\\\/schema\\\/person\\\/a994beeb4035896f0185979728b6759b\",\"name\":\"Malin Sveinsdotter Landr\u00f8 Lystad\",\"image\":{\"@type\":\"ImageObject\",\"inLanguage\":\"nb-NO\",\"@id\":\"https:\\\/\\\/secure.gravatar.com\\\/avatar\\\/ebcf0dce6e389e61cdc86a5526f2160254e22addbc68c01fdc829c80ca37bc37?s=96&d=mm&r=g\",\"url\":\"https:\\\/\\\/secure.gravatar.com\\\/avatar\\\/ebcf0dce6e389e61cdc86a5526f2160254e22addbc68c01fdc829c80ca37bc37?s=96&d=mm&r=g\",\"contentUrl\":\"https:\\\/\\\/secure.gravatar.com\\\/avatar\\\/ebcf0dce6e389e61cdc86a5526f2160254e22addbc68c01fdc829c80ca37bc37?s=96&d=mm&r=g\",\"caption\":\"Malin Sveinsdotter Landr\u00f8 Lystad\"}}]}<\/script>\n<!-- \/ Yoast SEO Premium plugin. -->","yoast_head_json":{"title":"Satelittvardesenteret p\u00e5 Hjelset er \u00e5pnet - Vardesenteret","robots":{"index":"index","follow":"follow","max-snippet":"max-snippet:-1","max-image-preview":"max-image-preview:large","max-video-preview":"max-video-preview:-1"},"canonical":"https:\/\/kreftforeningen.no\/vardesenteret\/aktuelt\/satelittvardesenteret-pa-hjelset-er-apnet\/","og_locale":"nb_NO","og_type":"article","og_title":"Satelittvardesenteret p\u00e5 Hjelset er \u00e5pnet","og_description":"Det sa Kreftforeningens regionleder Tom Anders Stenbro da han \u00e5pnet Satelittvardesenteret SNR Hjelset tirsdag 21. april. P\u00e5 under ett og et halvt \u00e5r har Kreftforeningen i samarbeid med Helse M\u00f8re og Romsdal HF etablert Vardesenteret i \u00c5lesund, Satelittvardesenteret SNR Kristiansund, og n\u00e5 Satelittvardesenteret ved SNR Hjelset. \u2013 M\u00f8re og Romsdal er et fylke med litt [&hellip;]","og_url":"https:\/\/kreftforeningen.no\/vardesenteret\/aktuelt\/satelittvardesenteret-pa-hjelset-er-apnet\/","og_site_name":"Vardesenteret","article_published_time":"2026-04-24T11:00:20+00:00","article_modified_time":"2026-04-24T11:04:24+00:00","og_image":[{"width":2048,"height":1478,"url":"https:\/\/kreftforeningen.no\/content\/uploads\/2026\/04\/Satelittvardesenteret-SNR-Hjelset-DSC01996.jpg.webp","type":"image\/jpeg"}],"author":"Malin Sveinsdotter Landr\u00f8 Lystad","twitter_card":"summary_large_image","twitter_misc":{"Skrevet av":"Malin Sveinsdotter Landr\u00f8 Lystad","Ansl. lesetid":"5 minutter"},"schema":{"@context":"https:\/\/schema.org","@graph":[{"@type":"Article","@id":"https:\/\/kreftforeningen.no\/vardesenteret\/aktuelt\/satelittvardesenteret-pa-hjelset-er-apnet\/#article","isPartOf":{"@id":"https:\/\/kreftforeningen.no\/vardesenteret\/aktuelt\/satelittvardesenteret-pa-hjelset-er-apnet\/"},"author":{"name":"Malin Sveinsdotter Landr\u00f8 Lystad","@id":"https:\/\/kreftforeningen.no\/vardesenteret\/#\/schema\/person\/a994beeb4035896f0185979728b6759b"},"headline":"Satelittvardesenteret p\u00e5 Hjelset er \u00e5pnet","datePublished":"2026-04-24T11:00:20+00:00","dateModified":"2026-04-24T11:04:24+00:00","mainEntityOfPage":{"@id":"https:\/\/kreftforeningen.no\/vardesenteret\/aktuelt\/satelittvardesenteret-pa-hjelset-er-apnet\/"},"wordCount":556,"publisher":{"@id":"https:\/\/kreftforeningen.no\/vardesenteret\/#organization"},"image":{"@id":"https:\/\/kreftforeningen.no\/vardesenteret\/aktuelt\/satelittvardesenteret-pa-hjelset-er-apnet\/#primaryimage"},"thumbnailUrl":"https:\/\/kreftforeningen.no\/content\/uploads\/2026\/04\/Satelittvardesenteret-SNR-Hjelset-DSC01996.jpg.webp","keywords":["Satelittvardesenter","SNR Hjelset","Vardesenter"],"articleSection":["\u00c5lesund","Nyheter"],"inLanguage":"nb-NO"},{"@type":"WebPage","@id":"https:\/\/kreftforeningen.no\/vardesenteret\/aktuelt\/satelittvardesenteret-pa-hjelset-er-apnet\/","url":"https:\/\/kreftforeningen.no\/vardesenteret\/aktuelt\/satelittvardesenteret-pa-hjelset-er-apnet\/","name":"Satelittvardesenteret p\u00e5 Hjelset er \u00e5pnet - Vardesenteret","isPartOf":{"@id":"https:\/\/kreftforeningen.no\/vardesenteret\/#website"},"primaryImageOfPage":{"@id":"https:\/\/kreftforeningen.no\/vardesenteret\/aktuelt\/satelittvardesenteret-pa-hjelset-er-apnet\/#primaryimage"},"image":{"@id":"https:\/\/kreftforeningen.no\/vardesenteret\/aktuelt\/satelittvardesenteret-pa-hjelset-er-apnet\/#primaryimage"},"thumbnailUrl":"https:\/\/kreftforeningen.no\/content\/uploads\/2026\/04\/Satelittvardesenteret-SNR-Hjelset-DSC01996.jpg.webp","datePublished":"2026-04-24T11:00:20+00:00","dateModified":"2026-04-24T11:04:24+00:00","breadcrumb":{"@id":"https:\/\/kreftforeningen.no\/vardesenteret\/aktuelt\/satelittvardesenteret-pa-hjelset-er-apnet\/#breadcrumb"},"inLanguage":"nb-NO","potentialAction":[{"@type":"ReadAction","target":["https:\/\/kreftforeningen.no\/vardesenteret\/aktuelt\/satelittvardesenteret-pa-hjelset-er-apnet\/"]}]},{"@type":"ImageObject","inLanguage":"nb-NO","@id":"https:\/\/kreftforeningen.no\/vardesenteret\/aktuelt\/satelittvardesenteret-pa-hjelset-er-apnet\/#primaryimage","url":"https:\/\/kreftforeningen.no\/content\/uploads\/2026\/04\/Satelittvardesenteret-SNR-Hjelset-DSC01996.jpg.webp","contentUrl":"https:\/\/kreftforeningen.no\/content\/uploads\/2026\/04\/Satelittvardesenteret-SNR-Hjelset-DSC01996.jpg.webp"},{"@type":"BreadcrumbList","@id":"https:\/\/kreftforeningen.no\/vardesenteret\/aktuelt\/satelittvardesenteret-pa-hjelset-er-apnet\/#breadcrumb","itemListElement":[{"@type":"ListItem","position":1,"name":"Forside","item":"https:\/\/kreftforeningen.no\/vardesenteret\/"},{"@type":"ListItem","position":2,"name":"Satelittvardesenteret p\u00e5 Hjelset er \u00e5pnet"}]},{"@type":"WebSite","@id":"https:\/\/kreftforeningen.no\/vardesenteret\/#website","url":"https:\/\/kreftforeningen.no\/vardesenteret\/","name":"Vardesenteret","description":"","publisher":{"@id":"https:\/\/kreftforeningen.no\/vardesenteret\/#organization"},"potentialAction":[{"@type":"SearchAction","target":{"@type":"EntryPoint","urlTemplate":"https:\/\/kreftforeningen.no\/vardesenteret\/?s={search_term_string}"},"query-input":{"@type":"PropertyValueSpecification","valueRequired":true,"valueName":"search_term_string"}}],"inLanguage":"nb-NO"},{"@type":"Organization","@id":"https:\/\/kreftforeningen.no\/vardesenteret\/#organization","name":"Vardesenteret","url":"https:\/\/kreftforeningen.no\/vardesenteret\/","logo":{"@type":"ImageObject","inLanguage":"nb-NO","@id":"https:\/\/kreftforeningen.no\/vardesenteret\/#\/schema\/logo\/image\/","url":"https:\/\/kreftforeningen.no\/content\/uploads\/2026\/02\/cropped-Vardesenter_signatur_sort_horisontal_uten-undertekst-e1589886700835.png","contentUrl":"https:\/\/kreftforeningen.no\/content\/uploads\/2026\/02\/cropped-Vardesenter_signatur_sort_horisontal_uten-undertekst-e1589886700835.png","caption":"Vardesenteret"},"image":{"@id":"https:\/\/kreftforeningen.no\/vardesenteret\/#\/schema\/logo\/image\/"}},{"@type":"Person","@id":"https:\/\/kreftforeningen.no\/vardesenteret\/#\/schema\/person\/a994beeb4035896f0185979728b6759b","name":"Malin Sveinsdotter Landr\u00f8 Lystad","image":{"@type":"ImageObject","inLanguage":"nb-NO","@id":"https:\/\/secure.gravatar.com\/avatar\/ebcf0dce6e389e61cdc86a5526f2160254e22addbc68c01fdc829c80ca37bc37?s=96&d=mm&r=g","url":"https:\/\/secure.gravatar.com\/avatar\/ebcf0dce6e389e61cdc86a5526f2160254e22addbc68c01fdc829c80ca37bc37?s=96&d=mm&r=g","contentUrl":"https:\/\/secure.gravatar.com\/avatar\/ebcf0dce6e389e61cdc86a5526f2160254e22addbc68c01fdc829c80ca37bc37?s=96&d=mm&r=g","caption":"Malin Sveinsdotter Landr\u00f8 Lystad"}}]}},"_links":{"self":[{"href":"https:\/\/kreftforeningen.no\/vardesenteret\/wp-json\/wp\/v2\/posts\/10251","targetHints":{"allow":["GET"]}}],"collection":[{"href":"https:\/\/kreftforeningen.no\/vardesenteret\/wp-json\/wp\/v2\/posts"}],"about":[{"href":"https:\/\/kreftforeningen.no\/vardesenteret\/wp-json\/wp\/v2\/types\/post"}],"author":[{"embeddable":true,"href":"https:\/\/kreftforeningen.no\/vardesenteret\/wp-json\/wp\/v2\/users\/100"}],"replies":[{"embeddable":true,"href":"https:\/\/kreftforeningen.no\/vardesenteret\/wp-json\/wp\/v2\/comments?post=10251"}],"version-history":[{"count":5,"href":"https:\/\/kreftforeningen.no\/vardesenteret\/wp-json\/wp\/v2\/posts\/10251\/revisions"}],"predecessor-version":[{"id":10257,"href":"https:\/\/kreftforeningen.no\/vardesenteret\/wp-json\/wp\/v2\/posts\/10251\/revisions\/10257"}],"wp:featuredmedia":[{"embeddable":true,"href":"https:\/\/kreftforeningen.no\/vardesenteret\/wp-json\/"}],"wp:attachment":[{"href":"https:\/\/kreftforeningen.no\/vardesenteret\/wp-json\/wp\/v2\/media?parent=10251"}],"wp:term":[{"taxonomy":"category","embeddable":true,"href":"https:\/\/kreftforeningen.no\/vardesenteret\/wp-json\/wp\/v2\/categories?post=10251"},{"taxonomy":"post_tag","embeddable":true,"href":"https:\/\/kreftforeningen.no\/vardesenteret\/wp-json\/wp\/v2\/tags?post=10251"}],"curies":[{"name":"wp","href":"https:\/\/api.w.org\/{rel}","templated":true}]}}